{"id":9678,"date":"2021-07-23T16:26:16","date_gmt":"2021-07-23T19:26:16","guid":{"rendered":"http:\/\/www.apucarana.pr.gov.br\/ame\/?p=9678"},"modified":"2024-10-08T09:09:48","modified_gmt":"2024-10-08T12:09:48","slug":"secretaria-de-educacao-de-apucarana-e-eleita-vice-presidente-da-undime-parana","status":"publish","type":"post","link":"http:\/\/www.apucarana.pr.gov.br\/ame\/secretaria-de-educacao-de-apucarana-e-eleita-vice-presidente-da-undime-parana\/","title":{"rendered":"Secret\u00e1ria de Educa\u00e7\u00e3o de Apucarana \u00e9 eleita vice-presidente da Undime-Paran\u00e1"},"content":{"rendered":"<p>Em assembleia remota realizada na manh\u00e3 desta sexta-feira (23\/7), durante o 18\u00ba F\u00f3rum Estadual Ordin\u00e1rio, foram eleitos os novos delegados das microrregi\u00f5es e membros da Diretoria Executiva, do Conselho Nacional de Representantes e do Conselho Fiscal da Uni\u00e3o dos Dirigentes Municipais de Educa\u00e7\u00e3o do Paran\u00e1 (Undime-Paran\u00e1).<\/p>\n<p>A chapa Uni\u00e3o e Fortalecimento da Gest\u00e3o Municipal foi a \u00fanica inscrita no pleito. Com 91 votos v\u00e1lidos, a dirigente municipal de educa\u00e7\u00e3o de Cascavel, M\u00e1rcia Baldini, que at\u00e9 ent\u00e3o ocupava o cargo de vice-presidente, foi escolhida como a nova presidente da Undime-Paran\u00e1.<\/p>\n<p>J\u00e1 a dirigente municipal de educa\u00e7\u00e3o de Apucarana, Marli Fernandes, que comandou a institui\u00e7\u00e3o por duas gest\u00f5es consecutivas, continuar\u00e1 contribuindo com a Diretoria Executiva na fun\u00e7\u00e3o de vice-presidente.<\/p>\n<p>\u201cEu agrade\u00e7o a confian\u00e7a que os associados depositaram em mim nos \u00faltimos quatro anos. Independentemente do cargo que ocupamos na Diretoria Executiva, eu e a M\u00e1rcia continuaremos a fazer um trabalho em equipe, tendo como meta a constru\u00e7\u00e3o de uma educa\u00e7\u00e3o p\u00fablica equitativa e de qualidade para todas as crian\u00e7as paranaenses,\u201d disse professora Marli Fernandes ao passar o cargo de presidente para M\u00e1rcia Baldini.<\/p>\n<p>No mesmo sentido, a nova presidente da Undime-Paran\u00e1, M\u00e1rcia Baldini, afirmou que buscar\u00e1 dar continuidade ao trabalho realizado nas duas \u00faltimas gest\u00f5es. \u201cO nosso desafio \u00e9 fortalecer a gest\u00e3o dos dirigentes de educa\u00e7\u00e3o em seus munic\u00edpios. Provavelmente na pr\u00f3xima semana, n\u00f3s j\u00e1 apresentaremos uma proposta de forma\u00e7\u00e3o continuada para ajud\u00e1-los a conduzir suas secretarias com autonomia e conhecimento. Alegria e gratid\u00e3o s\u00e3o as palavras que definem esse momento,\u201d afirmou.<\/p>\n<p>O mandato da nova Diretoria Executiva ter\u00e1 dura\u00e7\u00e3o de dois anos, ou seja, at\u00e9 julho de 2023.<\/p>\n<p><strong>F\u00f3rum<br \/>\n<\/strong>O 18\u00ba F\u00f3rum Estadual Ordin\u00e1rio da Undime-Paran\u00e1 abordou o tema Pol\u00edticas P\u00fablicas e Curr\u00edculo em Tempos de Pandemia. Al\u00e9m da elei\u00e7\u00e3o da nova Diretoria Executiva, a programa\u00e7\u00e3o desta sexta-feira (23\/7) contemplou as palestras \u2018Educa\u00e7\u00e3o h\u00edbrida: normas e pr\u00e1ticas em tempos de pandemia\u2019, \u2018Referencial Curricular do Paran\u00e1 em foco\u2019 e \u2018Educa\u00e7\u00e3o infantil e campos de experi\u00eancias\u2019.<\/p>\n<div class = 'socialMediaOnEveryPost'>Compartilhe<div id=\"sgmbShare1-1\" class=\"sgmbShare jssocials-theme-classic sgmbWidget1-1\"><\/div><div class=\"dropdownWrapper dropdownWrapper1 dropdownWrapper-for-widget \" id=\"dropdownWrapper-for-widget\">\r\n\t\t\t\t\t\t<div class=\"dropdownLabel\" id=\"dropdownLabel-share-list\"><span class=\"sgmbButtonListLabel1\">Share List<\/span><\/div>\r\n\t\t\t\t\t\t<div class=\"dropdownPanel dropdownPanel1-1\">\r\n\t\t\t\t\t\t<\/div>\r\n\t\t\t\t\t<\/div><script>  SGMB_URL = \"http:\/\/www.apucarana.pr.gov.br\/ame\/wp-content\/plugins\/social-media-builder\/\"; jQuery(\".dropdownWrapper\").hide(); SGMB_GOOGLE_ACOUNT = \"\"; <\/script><script type=\"text\/javascript\">\r\n\t\tjQuery(document).ready(function($){var widget = new SGMBWidget();widget.show({\"id\":\"1\",\"title\":\"Face\\\/Twitter\",\"options\":{\"currentUrl\":\"1\",\"url\":\"\",\"shareText\":\"\",\"fontSize\":\"14\",\"betweenButtons\":\"1px\",\"theme\":\"classic\",\"sgmbButtonsPosition\":\"bottomLeft\",\"socialTheme\":\"\",\"icon\":\"default\",\"buttonsPanelEffect\":\"No Effect\",\"buttonsEffect\":\"No Effect\",\"iconsEffect\":\"No Effect\",\"buttons\":\"{\\\"facebook\\\":{\\\"label\\\":\\\"Share\\\",\\\"icon\\\":\\\"default-facebook\\\"},\\\"twitter\\\":{\\\"label\\\":\\\"Tweet\\\",\\\"icon\\\":\\\"default-twitter\\\",\\\"via\\\":\\\"\\\",\\\"hashtags\\\":\\\"\\\"}}\",\"roundButton\":\"\",\"showLabels\":\"\",\"showCounts\":\"\",\"showCenter\":\"\",\"showButtonsAsList\":\"\",\"sgmbDropdownColor\":\"\",\"sgmbDropdownLabelFontSize\":\"14\",\"sgmbDropdownLabelColor\":\"\",\"showButtonsOnEveryPost\":\"on\",\"selectedOrExcluded\":\"\",\"showButtonsOnEveryPage\":\"\",\"textOnEveryPost\":\"Compartilhe\",\"showButtonsOnCustomPost\":\"\",\"textOnCustomPost\":\"\",\"showButtonsOnMobileDirect\":\"on\",\"showButtonsOnDesktopDirect\":\"on\",\"sgmbSelectedPages\":[\"\"],\"sgmbExcludedPosts\":[\"\"],\"sgmbSelectedCustomPosts\":[],\"showButtonsInPopup\":\"\",\"titleOfPopup\":\"\",\"descriptionOfPopup\":\"\",\"showPopupOnLoad\":\"\",\"showPopupOnScroll\":\"\",\"showPopupOnExit\":\"\",\"openSecondsOfPopup\":\"\",\"googleAnaliticsAccount\":\"\"},\"buttonOptions\":{\"facebook\":{\"label\":\"Share\",\"icon\":\"default-facebook\"},\"twitter\":{\"label\":\"Tweet\",\"icon\":\"default-twitter\",\"via\":\"\",\"hashtags\":\"\"}},\"button\":[\"facebook\",\"twitter\"]}, 1, '', 'http:\/\/www.apucarana.pr.gov.br\/ame\/wp-content\/uploads\/2021\/07\/Eleicao-Undime-PR-10.jpg', '', 'http:\/\/www.apucarana.pr.gov.br\/ame\/secretaria-de-educacao-de-apucarana-e-eleita-vice-presidente-da-undime-parana\/'); });<\/script><\/div><script> jQuery(\".socialMediaOnEveryPost\").addClass(\"sgmb-left\") <\/script>","protected":false},"excerpt":{"rendered":"<p>Depois de comandar a Undime-Paran\u00e1 por duas gest\u00f5es consecutivas, professora Marli Fernandes passou a presid\u00eancia hoje (23\/7) para a dirigente municipal de educa\u00e7\u00e3o de Cascavel, M\u00e1rcia Baldini, mas continuar\u00e1 contribuindo com a organiza\u00e7\u00e3o na fun\u00e7\u00e3o de vice-presidente <\/p>\n","protected":false},"author":10,"featured_media":9679,"comment_status":"closed","ping_status":"open","sticky":false,"template":"","format":"standard","meta":[],"categories":[9],"tags":[],"_links":{"self":[{"href":"http:\/\/www.apucarana.pr.gov.br\/ame\/wp-json\/wp\/v2\/posts\/9678"}],"collection":[{"href":"http:\/\/www.apucarana.pr.gov.br\/ame\/wp-json\/wp\/v2\/posts"}],"about":[{"href":"http:\/\/www.apucarana.pr.gov.br\/ame\/wp-json\/wp\/v2\/types\/post"}],"author":[{"embeddable":true,"href":"http:\/\/www.apucarana.pr.gov.br\/ame\/wp-json\/wp\/v2\/users\/10"}],"replies":[{"embeddable":true,"href":"http:\/\/www.apucarana.pr.gov.br\/ame\/wp-json\/wp\/v2\/comments?post=9678"}],"version-history":[{"count":1,"href":"http:\/\/www.apucarana.pr.gov.br\/ame\/wp-json\/wp\/v2\/posts\/9678\/revisions"}],"predecessor-version":[{"id":9685,"href":"http:\/\/www.apucarana.pr.gov.br\/ame\/wp-json\/wp\/v2\/posts\/9678\/revisions\/9685"}],"wp:featuredmedia":[{"embeddable":true,"href":"http:\/\/www.apucarana.pr.gov.br\/ame\/wp-json\/wp\/v2\/media\/9679"}],"wp:attachment":[{"href":"http:\/\/www.apucarana.pr.gov.br\/ame\/wp-json\/wp\/v2\/media?parent=9678"}],"wp:term":[{"taxonomy":"category","embeddable":true,"href":"http:\/\/www.apucarana.pr.gov.br\/ame\/wp-json\/wp\/v2\/categories?post=9678"},{"taxonomy":"post_tag","embeddable":true,"href":"http:\/\/www.apucarana.pr.gov.br\/ame\/wp-json\/wp\/v2\/tags?post=9678"}],"curies":[{"name":"wp","href":"https:\/\/api.w.org\/{rel}","templated":true}]}}