{"id":9671,"date":"2021-07-22T18:46:20","date_gmt":"2021-07-22T21:46:20","guid":{"rendered":"http:\/\/www.apucarana.pr.gov.br\/ame\/?p=9671"},"modified":"2024-10-08T09:09:48","modified_gmt":"2024-10-08T12:09:48","slug":"professora-marli-fernandes-conquista-sede-propria-para-a-undime-parana","status":"publish","type":"post","link":"http:\/\/www.apucarana.pr.gov.br\/ame\/professora-marli-fernandes-conquista-sede-propria-para-a-undime-parana\/","title":{"rendered":"Professora Marli Fernandes conquista sede pr\u00f3pria para a Undime-Paran\u00e1"},"content":{"rendered":"<p>A Uni\u00e3o dos Dirigentes Municipais de Educa\u00e7\u00e3o do Paran\u00e1 est\u00e1 de casa nova. Na tarde desta quinta-feira (22\/7), durante a abertura do 18\u00ba F\u00f3rum Estadual Ordin\u00e1rio, a presidente da institui\u00e7\u00e3o e secret\u00e1ria municipal de educa\u00e7\u00e3o de Apucarana, Marli Fernandes, apresentou a sede pr\u00f3pria da Undime-Paran\u00e1 aos seus associados. O valor investido na compra do im\u00f3vel de 126 m<sup>2<\/sup> somou R$ 580 mil.<\/p>\n<p>\u201cA Undime-Paran\u00e1 est\u00e1 completando 35 anos e sempre funcionou em um pr\u00e9dio alugado. N\u00f3s estamos muito felizes com a realiza\u00e7\u00e3o desse sonho, que s\u00f3 foi poss\u00edvel gra\u00e7as aos nossos associados adimplentes e \u00e0 doa\u00e7\u00e3o de empresas que acreditam no poder da educa\u00e7\u00e3o para transformar a vida das pessoas. Muito obrigada a todos,\u201d afirmou a presidente Marli Fernandes.<\/p>\n<p>O coordenador geral de Forma\u00e7\u00e3o de Professores da Educa\u00e7\u00e3o B\u00e1sica, do Minist\u00e9rio da Educa\u00e7\u00e3o, Alexandre Anselmo Guilherme, participou de forma virtual da abertura do 18\u00ba F\u00f3rum Estadual Ordin\u00e1rio da Undime-Paran\u00e1. \u201c\u00c9 uma honra muito grande participar desse momento de reflex\u00e3o e de tomada de decis\u00f5es. O Minist\u00e9rio da Educa\u00e7\u00e3o mant\u00e9m e sempre manter\u00e1 o di\u00e1logo aberto com a Undime, por entender que esta \u00e9 uma organiza\u00e7\u00e3o fundamental para a educa\u00e7\u00e3o do nosso pa\u00eds. Eu desejo um excelente encontro e parabenizo a presidente Marli Fernandes e a vice-presidente M\u00e1rcia Baldini pela gest\u00e3o,\u201d disse.<\/p>\n<p>J\u00e1 o presidente da Undime-Nacional e dirigente municipal de educa\u00e7\u00e3o de Sud Mennucci-SP, Luiz Miguel Martins Garcia, destacou a grande contribui\u00e7\u00e3o da seccional paranaense para a educa\u00e7\u00e3o do pa\u00eds. \u201cA presidente da Undime-Paran\u00e1, professora Marli, foi refer\u00eancia no processo de constru\u00e7\u00e3o da Base Nacional Comum Curricular, sendo uma das maiores autoridades brasileiras nesse assunto. Da mesma forma, a vice-presidente M\u00e1rcia Baldini, \u00e9 coordenadora do nosso grupo de trabalho de Ensino Fundamental, cujas discuss\u00f5es est\u00e3o culminando na constru\u00e7\u00e3o de importantes programas de alfabetiza\u00e7\u00e3o. Voc\u00eas duas representam uma diretoria e um conjunto de munic\u00edpios muito atuante,\u201d elogiou.<\/p>\n<p>O secret\u00e1rio estadual da educa\u00e7\u00e3o Renato Feder, por sua vez, abordou o momento que as escolas est\u00e3o vivendo, em meio \u00e0 pandemia de Covid-19. \u201cCom o in\u00edcio do segundo semestre, o maior desafio que as redes de ensino t\u00eam \u00e9 garantir a seguran\u00e7a dos alunos no processo de retomada das aulas presenciais. Neste contexto, os munic\u00edpios podem contar com todo o apoio e assist\u00eancia da Undime-Paran\u00e1 e tamb\u00e9m da SEED-PR\u201d, afirmou.<\/p>\n<p>Em v\u00eddeo encaminhado ao f\u00f3rum, o secret\u00e1rio estadual da sa\u00fade Beto Preto falou sobre o avan\u00e7o da vacina\u00e7\u00e3o contra a Covid-19. \u201cOs professores foram inclu\u00eddos entre os grupos de risco e tiveram prioridade na vacina\u00e7\u00e3o porque entendemos que a educa\u00e7\u00e3o \u00e9 uma \u00e1rea priorit\u00e1ria. Com a gra\u00e7a de Deus, n\u00f3s conseguiremos imunizar cem por cento da popula\u00e7\u00e3o paranaense at\u00e9 meados de setembro,\u201d adiantou.<\/p>\n<p>Grandes entusiastas da educa\u00e7\u00e3o, o prefeito de Apucarana, Junior da Femac, e o vice-prefeito Paulo Vital foram a Curitiba para conhecer a nova sede da Undime-Paran\u00e1 e tamb\u00e9m participaram da mesa de abertura do 18\u00ba F\u00f3rum Estadual Ordin\u00e1rio. \u201cApucarana sente-se honrada em dividir a nossa secret\u00e1ria de educa\u00e7\u00e3o, Marli Fernandes, com os demais munic\u00edpios do estado, por meio da Undime-Paran\u00e1. Ela \u00e9 uma profissional muito competente que tem mais de trinta anos de experi\u00eancia na carreira docente,\u201d frisou.<\/p>\n<p>O 18\u00ba F\u00f3rum Estadual Ordin\u00e1rio da Undime-Paran\u00e1 tem como tema Pol\u00edticas P\u00fablicas e Curr\u00edculo em Tempos de Pandemia. Nesta quinta-feira (22\/7), al\u00e9m da inaugura\u00e7\u00e3o da nova sede da institui\u00e7\u00e3o, os participantes assistiram \u00e0s palestras \u2018Da avalia\u00e7\u00e3o diagn\u00f3stica \u00e0s avalia\u00e7\u00f5es externas: uma an\u00e1lise do contexto pol\u00edtico e pedag\u00f3gico\u2019 e \u2018Sa\u00fade mental e compet\u00eancia socioemocional\u2019.<\/p>\n<p>A elei\u00e7\u00e3o da nova diretoria da Undime-Paran\u00e1 deve ser o ponto alto da programa\u00e7\u00e3o de amanh\u00e3 (23\/7), a partir das 9 horas. Est\u00e3o previstas tamb\u00e9m as palestras \u2018Educa\u00e7\u00e3o h\u00edbrida: normas e pr\u00e1ticas em tempos de pandemia\u2019, \u2018Referencial Curricular do Paran\u00e1 em foco\u2019 e \u2018Educa\u00e7\u00e3o infantil e os campos de experi\u00eancias\u2019.<\/p>\n<p>A nova sede da Undime-Paran\u00e1 est\u00e1 situada \u00e0 Rua Comendador Ara\u00fajo, 143, 13\u00ba andar, sala 134 \u2013 Edif\u00edcio Executive Center Everest.<\/p>\n<div class = 'socialMediaOnEveryPost'>Compartilhe<div id=\"sgmbShare1-1\" class=\"sgmbShare jssocials-theme-classic sgmbWidget1-1\"><\/div><div class=\"dropdownWrapper dropdownWrapper1 dropdownWrapper-for-widget \" id=\"dropdownWrapper-for-widget\">\r\n\t\t\t\t\t\t<div class=\"dropdownLabel\" id=\"dropdownLabel-share-list\"><span class=\"sgmbButtonListLabel1\">Share List<\/span><\/div>\r\n\t\t\t\t\t\t<div class=\"dropdownPanel dropdownPanel1-1\">\r\n\t\t\t\t\t\t<\/div>\r\n\t\t\t\t\t<\/div><script>  SGMB_URL = \"http:\/\/www.apucarana.pr.gov.br\/ame\/wp-content\/plugins\/social-media-builder\/\"; jQuery(\".dropdownWrapper\").hide(); SGMB_GOOGLE_ACOUNT = \"\"; <\/script><script type=\"text\/javascript\">\r\n\t\tjQuery(document).ready(function($){var widget = new SGMBWidget();widget.show({\"id\":\"1\",\"title\":\"Face\\\/Twitter\",\"options\":{\"currentUrl\":\"1\",\"url\":\"\",\"shareText\":\"\",\"fontSize\":\"14\",\"betweenButtons\":\"1px\",\"theme\":\"classic\",\"sgmbButtonsPosition\":\"bottomLeft\",\"socialTheme\":\"\",\"icon\":\"default\",\"buttonsPanelEffect\":\"No Effect\",\"buttonsEffect\":\"No Effect\",\"iconsEffect\":\"No Effect\",\"buttons\":\"{\\\"facebook\\\":{\\\"label\\\":\\\"Share\\\",\\\"icon\\\":\\\"default-facebook\\\"},\\\"twitter\\\":{\\\"label\\\":\\\"Tweet\\\",\\\"icon\\\":\\\"default-twitter\\\",\\\"via\\\":\\\"\\\",\\\"hashtags\\\":\\\"\\\"}}\",\"roundButton\":\"\",\"showLabels\":\"\",\"showCounts\":\"\",\"showCenter\":\"\",\"showButtonsAsList\":\"\",\"sgmbDropdownColor\":\"\",\"sgmbDropdownLabelFontSize\":\"14\",\"sgmbDropdownLabelColor\":\"\",\"showButtonsOnEveryPost\":\"on\",\"selectedOrExcluded\":\"\",\"showButtonsOnEveryPage\":\"\",\"textOnEveryPost\":\"Compartilhe\",\"showButtonsOnCustomPost\":\"\",\"textOnCustomPost\":\"\",\"showButtonsOnMobileDirect\":\"on\",\"showButtonsOnDesktopDirect\":\"on\",\"sgmbSelectedPages\":[\"\"],\"sgmbExcludedPosts\":[\"\"],\"sgmbSelectedCustomPosts\":[],\"showButtonsInPopup\":\"\",\"titleOfPopup\":\"\",\"descriptionOfPopup\":\"\",\"showPopupOnLoad\":\"\",\"showPopupOnScroll\":\"\",\"showPopupOnExit\":\"\",\"openSecondsOfPopup\":\"\",\"googleAnaliticsAccount\":\"\"},\"buttonOptions\":{\"facebook\":{\"label\":\"Share\",\"icon\":\"default-facebook\"},\"twitter\":{\"label\":\"Tweet\",\"icon\":\"default-twitter\",\"via\":\"\",\"hashtags\":\"\"}},\"button\":[\"facebook\",\"twitter\"]}, 1, '', 'http:\/\/www.apucarana.pr.gov.br\/ame\/wp-content\/uploads\/2021\/07\/FORUM-DA-UNDIME-PR-4.jpg', '', 'http:\/\/www.apucarana.pr.gov.br\/ame\/professora-marli-fernandes-conquista-sede-propria-para-a-undime-parana\/'); });<\/script><\/div><script> jQuery(\".socialMediaOnEveryPost\").addClass(\"sgmb-left\") <\/script>","protected":false},"excerpt":{"rendered":"<p>A inaugura\u00e7\u00e3o da nova sede aconteceu durante o 18\u00ba F\u00f3rum Estadual Ordin\u00e1rio; o valor investido na compra do im\u00f3vel somou R$ 580 mil<\/p>\n","protected":false},"author":10,"featured_media":9675,"comment_status":"closed","ping_status":"open","sticky":false,"template":"","format":"standard","meta":[],"categories":[9],"tags":[],"_links":{"self":[{"href":"http:\/\/www.apucarana.pr.gov.br\/ame\/wp-json\/wp\/v2\/posts\/9671"}],"collection":[{"href":"http:\/\/www.apucarana.pr.gov.br\/ame\/wp-json\/wp\/v2\/posts"}],"about":[{"href":"http:\/\/www.apucarana.pr.gov.br\/ame\/wp-json\/wp\/v2\/types\/post"}],"author":[{"embeddable":true,"href":"http:\/\/www.apucarana.pr.gov.br\/ame\/wp-json\/wp\/v2\/users\/10"}],"replies":[{"embeddable":true,"href":"http:\/\/www.apucarana.pr.gov.br\/ame\/wp-json\/wp\/v2\/comments?post=9671"}],"version-history":[{"count":2,"href":"http:\/\/www.apucarana.pr.gov.br\/ame\/wp-json\/wp\/v2\/posts\/9671\/revisions"}],"predecessor-version":[{"id":9677,"href":"http:\/\/www.apucarana.pr.gov.br\/ame\/wp-json\/wp\/v2\/posts\/9671\/revisions\/9677"}],"wp:featuredmedia":[{"embeddable":true,"href":"http:\/\/www.apucarana.pr.gov.br\/ame\/wp-json\/wp\/v2\/media\/9675"}],"wp:attachment":[{"href":"http:\/\/www.apucarana.pr.gov.br\/ame\/wp-json\/wp\/v2\/media?parent=9671"}],"wp:term":[{"taxonomy":"category","embeddable":true,"href":"http:\/\/www.apucarana.pr.gov.br\/ame\/wp-json\/wp\/v2\/categories?post=9671"},{"taxonomy":"post_tag","embeddable":true,"href":"http:\/\/www.apucarana.pr.gov.br\/ame\/wp-json\/wp\/v2\/tags?post=9671"}],"curies":[{"name":"wp","href":"https:\/\/api.w.org\/{rel}","templated":true}]}}