{"id":9666,"date":"2021-07-21T19:12:56","date_gmt":"2021-07-21T22:12:56","guid":{"rendered":"http:\/\/www.apucarana.pr.gov.br\/ame\/?p=9666"},"modified":"2024-10-08T09:09:48","modified_gmt":"2024-10-08T12:09:48","slug":"volta-as-aulas-e-marcada-por-tranquilidade-na-rede-municipal-de-apucarana","status":"publish","type":"post","link":"http:\/\/www.apucarana.pr.gov.br\/ame\/volta-as-aulas-e-marcada-por-tranquilidade-na-rede-municipal-de-apucarana\/","title":{"rendered":"Volta \u00e0s aulas \u00e9 marcada por tranquilidade na rede municipal de Apucarana"},"content":{"rendered":"<p>Parte dos alunos da rede municipal de ensino de Apucarana voltou aos bancos escolares nesta quarta-feira (21\/7), ap\u00f3s mais de um ano de suspens\u00e3o das aulas presenciais. O primeiro dia foi marcado por tranquilidade, muita alegria e protocolos r\u00edgidos de preven\u00e7\u00e3o \u00e0 Covid-19.<\/p>\n<p>Segundo a secret\u00e1ria de educa\u00e7\u00e3o Marli Fernandes, apenas 30% dos 2.605 alunos que eram esperados compareceu hoje a uma das trinta e cinco escolas da rede. Inicialmente, as turmas do 4\u00ba e do 5\u00ba ano est\u00e3o sendo contempladas com as aulas presenciais.<\/p>\n<p>\u201cSabemos que muitos pais ainda est\u00e3o receosos em rela\u00e7\u00e3o a mandar seus filhos para a escola, mas acredito que esse percentual deve aumentar nos pr\u00f3ximos dias, \u00e0 medida que as fam\u00edlias forem vendo na pr\u00e1tica o processo de retomada das atividades presenciais e observarem a seriedade com que as escolas est\u00e3o cumprindo os protocolos sanit\u00e1rios. Ali\u00e1s, \u00e9 importante frisar que a equipe da Autarquia Municipal de Educa\u00e7\u00e3o vai acompanhar diariamente o n\u00famero de alunos nas salas de aula, para garantir o distanciamento social necess\u00e1rio,\u201d disse a secret\u00e1ria.<\/p>\n<p>A diretora da Escola Municipal Albino Biacchi, no Jardim Trabalhista, contou como foi retorno das crian\u00e7as. \u201cN\u00f3s percebemos que elas estavam ansiosas por esse momento e com muita saudade dos professores e colegas. Apesar da pouca idade, a maioria tem entre dez e onze anos, os alunos est\u00e3o bem conscientes sobre os riscos do novo coronav\u00edrus e conseguindo respeitar adequadamente \u00e0s medidas de preven\u00e7\u00e3o,\u201d afirmou.<\/p>\n<p>\u201cMesmo com todo o esfor\u00e7o da equipe pedag\u00f3gica da Autarquia de Educa\u00e7\u00e3o para que os alunos n\u00e3o perdessem o v\u00ednculo com a aprendizagem durante o \u00faltimo ano, n\u00f3s sabemos que n\u00e3o h\u00e1 nada que substitua a conviv\u00eancia di\u00e1ria entre alunos e professores. Juntos em sala de aula, os docentes podem, por exemplo, sanar as d\u00favidas das crian\u00e7as na hora em que elas surgirem. A pandemia n\u00e3o acabou e n\u00f3s estamos atentos \u00e0 situa\u00e7\u00e3o, trabalhando sempre em parceria com as autoridades de sa\u00fade para a seguran\u00e7a da comunidade escolar,\u201d concluiu a secret\u00e1ria.<\/p>\n<div class = 'socialMediaOnEveryPost'>Compartilhe<div id=\"sgmbShare1-1\" class=\"sgmbShare jssocials-theme-classic sgmbWidget1-1\"><\/div><div class=\"dropdownWrapper dropdownWrapper1 dropdownWrapper-for-widget \" id=\"dropdownWrapper-for-widget\">\r\n\t\t\t\t\t\t<div class=\"dropdownLabel\" id=\"dropdownLabel-share-list\"><span class=\"sgmbButtonListLabel1\">Share List<\/span><\/div>\r\n\t\t\t\t\t\t<div class=\"dropdownPanel dropdownPanel1-1\">\r\n\t\t\t\t\t\t<\/div>\r\n\t\t\t\t\t<\/div><script>  SGMB_URL = \"http:\/\/www.apucarana.pr.gov.br\/ame\/wp-content\/plugins\/social-media-builder\/\"; jQuery(\".dropdownWrapper\").hide(); SGMB_GOOGLE_ACOUNT = \"\"; <\/script><script type=\"text\/javascript\">\r\n\t\tjQuery(document).ready(function($){var widget = new SGMBWidget();widget.show({\"id\":\"1\",\"title\":\"Face\\\/Twitter\",\"options\":{\"currentUrl\":\"1\",\"url\":\"\",\"shareText\":\"\",\"fontSize\":\"14\",\"betweenButtons\":\"1px\",\"theme\":\"classic\",\"sgmbButtonsPosition\":\"bottomLeft\",\"socialTheme\":\"\",\"icon\":\"default\",\"buttonsPanelEffect\":\"No Effect\",\"buttonsEffect\":\"No Effect\",\"iconsEffect\":\"No Effect\",\"buttons\":\"{\\\"facebook\\\":{\\\"label\\\":\\\"Share\\\",\\\"icon\\\":\\\"default-facebook\\\"},\\\"twitter\\\":{\\\"label\\\":\\\"Tweet\\\",\\\"icon\\\":\\\"default-twitter\\\",\\\"via\\\":\\\"\\\",\\\"hashtags\\\":\\\"\\\"}}\",\"roundButton\":\"\",\"showLabels\":\"\",\"showCounts\":\"\",\"showCenter\":\"\",\"showButtonsAsList\":\"\",\"sgmbDropdownColor\":\"\",\"sgmbDropdownLabelFontSize\":\"14\",\"sgmbDropdownLabelColor\":\"\",\"showButtonsOnEveryPost\":\"on\",\"selectedOrExcluded\":\"\",\"showButtonsOnEveryPage\":\"\",\"textOnEveryPost\":\"Compartilhe\",\"showButtonsOnCustomPost\":\"\",\"textOnCustomPost\":\"\",\"showButtonsOnMobileDirect\":\"on\",\"showButtonsOnDesktopDirect\":\"on\",\"sgmbSelectedPages\":[\"\"],\"sgmbExcludedPosts\":[\"\"],\"sgmbSelectedCustomPosts\":[],\"showButtonsInPopup\":\"\",\"titleOfPopup\":\"\",\"descriptionOfPopup\":\"\",\"showPopupOnLoad\":\"\",\"showPopupOnScroll\":\"\",\"showPopupOnExit\":\"\",\"openSecondsOfPopup\":\"\",\"googleAnaliticsAccount\":\"\"},\"buttonOptions\":{\"facebook\":{\"label\":\"Share\",\"icon\":\"default-facebook\"},\"twitter\":{\"label\":\"Tweet\",\"icon\":\"default-twitter\",\"via\":\"\",\"hashtags\":\"\"}},\"button\":[\"facebook\",\"twitter\"]}, 1, '', 'http:\/\/www.apucarana.pr.gov.br\/ame\/wp-content\/uploads\/2021\/07\/IMG_9046-scaled.jpg', '', 'http:\/\/www.apucarana.pr.gov.br\/ame\/volta-as-aulas-e-marcada-por-tranquilidade-na-rede-municipal-de-apucarana\/'); });<\/script><\/div><script> jQuery(\".socialMediaOnEveryPost\").addClass(\"sgmb-left\") <\/script>","protected":false},"excerpt":{"rendered":"<p>Segundo a secret\u00e1ria de educa\u00e7\u00e3o Marli Fernandes, 30% dos 2.605 alunos que eram esperados compareceu hoje a uma das trinta e cinco escolas da rede<\/p>\n","protected":false},"author":10,"featured_media":9667,"comment_status":"closed","ping_status":"open","sticky":false,"template":"","format":"standard","meta":[],"categories":[9],"tags":[],"_links":{"self":[{"href":"http:\/\/www.apucarana.pr.gov.br\/ame\/wp-json\/wp\/v2\/posts\/9666"}],"collection":[{"href":"http:\/\/www.apucarana.pr.gov.br\/ame\/wp-json\/wp\/v2\/posts"}],"about":[{"href":"http:\/\/www.apucarana.pr.gov.br\/ame\/wp-json\/wp\/v2\/types\/post"}],"author":[{"embeddable":true,"href":"http:\/\/www.apucarana.pr.gov.br\/ame\/wp-json\/wp\/v2\/users\/10"}],"replies":[{"embeddable":true,"href":"http:\/\/www.apucarana.pr.gov.br\/ame\/wp-json\/wp\/v2\/comments?post=9666"}],"version-history":[{"count":1,"href":"http:\/\/www.apucarana.pr.gov.br\/ame\/wp-json\/wp\/v2\/posts\/9666\/revisions"}],"predecessor-version":[{"id":9670,"href":"http:\/\/www.apucarana.pr.gov.br\/ame\/wp-json\/wp\/v2\/posts\/9666\/revisions\/9670"}],"wp:featuredmedia":[{"embeddable":true,"href":"http:\/\/www.apucarana.pr.gov.br\/ame\/wp-json\/wp\/v2\/media\/9667"}],"wp:attachment":[{"href":"http:\/\/www.apucarana.pr.gov.br\/ame\/wp-json\/wp\/v2\/media?parent=9666"}],"wp:term":[{"taxonomy":"category","embeddable":true,"href":"http:\/\/www.apucarana.pr.gov.br\/ame\/wp-json\/wp\/v2\/categories?post=9666"},{"taxonomy":"post_tag","embeddable":true,"href":"http:\/\/www.apucarana.pr.gov.br\/ame\/wp-json\/wp\/v2\/tags?post=9666"}],"curies":[{"name":"wp","href":"https:\/\/api.w.org\/{rel}","templated":true}]}}