{"id":9654,"date":"2021-07-20T19:11:10","date_gmt":"2021-07-20T22:11:10","guid":{"rendered":"http:\/\/www.apucarana.pr.gov.br\/ame\/?p=9654"},"modified":"2024-10-08T09:09:48","modified_gmt":"2024-10-08T12:09:48","slug":"escolas-municipais-estao-preparadas-para-a-volta-as-aulas-presenciais","status":"publish","type":"post","link":"http:\/\/www.apucarana.pr.gov.br\/ame\/escolas-municipais-estao-preparadas-para-a-volta-as-aulas-presenciais\/","title":{"rendered":"Escolas municipais est\u00e3o preparadas para a volta \u00e0s aulas presenciais"},"content":{"rendered":"<p>Ap\u00f3s mais de um ano com atividades letivas remotas, por causa das medidas de combate \u00e0 pandemia do novo coronav\u00edrus, as crian\u00e7as est\u00e3o come\u00e7ando a retornar \u00e0s salas de aula. A expectativa \u00e9 que as trinta e cinco escolas da rede municipal de Apucarana recebam aproximadamente 2.700 alunos, das turmas de 4\u00ba e 5\u00ba ano, a partir desta quarta-feira (21\/7).<\/p>\n<p>De acordo com a secret\u00e1ria de educa\u00e7\u00e3o, Marli Fernandes, todas as unidades est\u00e3o preparadas para a volta \u00e0s aulas presenciais. \u201cOs pais podem ficar tranquilos porque a sa\u00fade das crian\u00e7as \u00e9 nossa prioridade. Entre outras medidas previstas no protocolo de biosseguran\u00e7a que estamos adotando, est\u00e3o a aferi\u00e7\u00e3o da temperatura dos professores, funcion\u00e1rios e alunos, o distanciamento das carteiras nas salas, o escalonamento dos hor\u00e1rios de recreio, o uso obrigat\u00f3rio de m\u00e1scaras, a disponibiliza\u00e7\u00e3o de \u00e1lcool em gel e o refor\u00e7o na higieniza\u00e7\u00e3o dos ambientes escolares,\u201d detalhou.<\/p>\n<p>O prefeito Junior da Femac destacou que a decis\u00e3o pela retomada das aulas presenciais foi democr\u00e1tica. \u201cAntes de darmos esse importante passo, n\u00f3s ouvimos o Comit\u00ea Municipal de Avalia\u00e7\u00e3o do Retorno \u00e0s Aulas, que \u00e9 formado por representantes da \u00e1rea da sa\u00fade, da assist\u00eancia social, dos professores, dos pais de alunos e da sociedade civil. Eu lembro tamb\u00e9m que mais de 60% da nossa popula\u00e7\u00e3o j\u00e1 recebeu a primeira dose da vacina contra a Covid-19 e que a quantidade de casos da doen\u00e7a vem caindo drasticamente em Apucarana,\u201d afirmou.<\/p>\n<p>A secret\u00e1ria Marli Fernandes adiantou que nova reuni\u00e3o com o Comit\u00ea Municipal de Avalia\u00e7\u00e3o do Retorno \u00e0s Aulas deve ser marcada no m\u00eas de agosto. \u201cN\u00f3s estamos muito felizes neste momento e desejamos um bom retorno \u00e0s crian\u00e7as. Se tudo correr bem com os estudantes de quarto e quinto anos, ent\u00e3o n\u00f3s iremos sugerir o retorno gradual das demais turmas dos CMEIs e escolas ao modelo presencial\u201d, finalizou.<\/p>\n<div class = 'socialMediaOnEveryPost'>Compartilhe<div id=\"sgmbShare1-1\" class=\"sgmbShare jssocials-theme-classic sgmbWidget1-1\"><\/div><div class=\"dropdownWrapper dropdownWrapper1 dropdownWrapper-for-widget \" id=\"dropdownWrapper-for-widget\">\r\n\t\t\t\t\t\t<div class=\"dropdownLabel\" id=\"dropdownLabel-share-list\"><span class=\"sgmbButtonListLabel1\">Share List<\/span><\/div>\r\n\t\t\t\t\t\t<div class=\"dropdownPanel dropdownPanel1-1\">\r\n\t\t\t\t\t\t<\/div>\r\n\t\t\t\t\t<\/div><script>  SGMB_URL = \"http:\/\/www.apucarana.pr.gov.br\/ame\/wp-content\/plugins\/social-media-builder\/\"; jQuery(\".dropdownWrapper\").hide(); SGMB_GOOGLE_ACOUNT = \"\"; <\/script><script type=\"text\/javascript\">\r\n\t\tjQuery(document).ready(function($){var widget = new SGMBWidget();widget.show({\"id\":\"1\",\"title\":\"Face\\\/Twitter\",\"options\":{\"currentUrl\":\"1\",\"url\":\"\",\"shareText\":\"\",\"fontSize\":\"14\",\"betweenButtons\":\"1px\",\"theme\":\"classic\",\"sgmbButtonsPosition\":\"bottomLeft\",\"socialTheme\":\"\",\"icon\":\"default\",\"buttonsPanelEffect\":\"No Effect\",\"buttonsEffect\":\"No Effect\",\"iconsEffect\":\"No Effect\",\"buttons\":\"{\\\"facebook\\\":{\\\"label\\\":\\\"Share\\\",\\\"icon\\\":\\\"default-facebook\\\"},\\\"twitter\\\":{\\\"label\\\":\\\"Tweet\\\",\\\"icon\\\":\\\"default-twitter\\\",\\\"via\\\":\\\"\\\",\\\"hashtags\\\":\\\"\\\"}}\",\"roundButton\":\"\",\"showLabels\":\"\",\"showCounts\":\"\",\"showCenter\":\"\",\"showButtonsAsList\":\"\",\"sgmbDropdownColor\":\"\",\"sgmbDropdownLabelFontSize\":\"14\",\"sgmbDropdownLabelColor\":\"\",\"showButtonsOnEveryPost\":\"on\",\"selectedOrExcluded\":\"\",\"showButtonsOnEveryPage\":\"\",\"textOnEveryPost\":\"Compartilhe\",\"showButtonsOnCustomPost\":\"\",\"textOnCustomPost\":\"\",\"showButtonsOnMobileDirect\":\"on\",\"showButtonsOnDesktopDirect\":\"on\",\"sgmbSelectedPages\":[\"\"],\"sgmbExcludedPosts\":[\"\"],\"sgmbSelectedCustomPosts\":[],\"showButtonsInPopup\":\"\",\"titleOfPopup\":\"\",\"descriptionOfPopup\":\"\",\"showPopupOnLoad\":\"\",\"showPopupOnScroll\":\"\",\"showPopupOnExit\":\"\",\"openSecondsOfPopup\":\"\",\"googleAnaliticsAccount\":\"\"},\"buttonOptions\":{\"facebook\":{\"label\":\"Share\",\"icon\":\"default-facebook\"},\"twitter\":{\"label\":\"Tweet\",\"icon\":\"default-twitter\",\"via\":\"\",\"hashtags\":\"\"}},\"button\":[\"facebook\",\"twitter\"]}, 1, '', 'http:\/\/www.apucarana.pr.gov.br\/ame\/wp-content\/uploads\/2021\/07\/PROTOCOLO-DE-BIOSSEGURANCA-3.jpg', '', 'http:\/\/www.apucarana.pr.gov.br\/ame\/escolas-municipais-estao-preparadas-para-a-volta-as-aulas-presenciais\/'); });<\/script><\/div><script> jQuery(\".socialMediaOnEveryPost\").addClass(\"sgmb-left\") <\/script>","protected":false},"excerpt":{"rendered":"<p>Segundo a secret\u00e1ria de educa\u00e7\u00e3o Marli Fernandes, a expectativa \u00e9 que aproximadamente 2.700 alunos, das turmas de 4\u00ba e 5\u00ba ano, voltem aos bancos escolares a partir desta quarta-feira<\/p>\n","protected":false},"author":10,"featured_media":9658,"comment_status":"closed","ping_status":"open","sticky":false,"template":"","format":"standard","meta":[],"categories":[9],"tags":[],"_links":{"self":[{"href":"http:\/\/www.apucarana.pr.gov.br\/ame\/wp-json\/wp\/v2\/posts\/9654"}],"collection":[{"href":"http:\/\/www.apucarana.pr.gov.br\/ame\/wp-json\/wp\/v2\/posts"}],"about":[{"href":"http:\/\/www.apucarana.pr.gov.br\/ame\/wp-json\/wp\/v2\/types\/post"}],"author":[{"embeddable":true,"href":"http:\/\/www.apucarana.pr.gov.br\/ame\/wp-json\/wp\/v2\/users\/10"}],"replies":[{"embeddable":true,"href":"http:\/\/www.apucarana.pr.gov.br\/ame\/wp-json\/wp\/v2\/comments?post=9654"}],"version-history":[{"count":1,"href":"http:\/\/www.apucarana.pr.gov.br\/ame\/wp-json\/wp\/v2\/posts\/9654\/revisions"}],"predecessor-version":[{"id":9665,"href":"http:\/\/www.apucarana.pr.gov.br\/ame\/wp-json\/wp\/v2\/posts\/9654\/revisions\/9665"}],"wp:featuredmedia":[{"embeddable":true,"href":"http:\/\/www.apucarana.pr.gov.br\/ame\/wp-json\/wp\/v2\/media\/9658"}],"wp:attachment":[{"href":"http:\/\/www.apucarana.pr.gov.br\/ame\/wp-json\/wp\/v2\/media?parent=9654"}],"wp:term":[{"taxonomy":"category","embeddable":true,"href":"http:\/\/www.apucarana.pr.gov.br\/ame\/wp-json\/wp\/v2\/categories?post=9654"},{"taxonomy":"post_tag","embeddable":true,"href":"http:\/\/www.apucarana.pr.gov.br\/ame\/wp-json\/wp\/v2\/tags?post=9654"}],"curies":[{"name":"wp","href":"https:\/\/api.w.org\/{rel}","templated":true}]}}