{"id":9649,"date":"2021-07-19T16:04:05","date_gmt":"2021-07-19T19:04:05","guid":{"rendered":"http:\/\/www.apucarana.pr.gov.br\/ame\/?p=9649"},"modified":"2024-10-08T09:09:48","modified_gmt":"2024-10-08T12:09:48","slug":"autarquia-municipal-de-educacao-promove-formacao-continuada-para-professores-e-assistentes-infantis","status":"publish","type":"post","link":"http:\/\/www.apucarana.pr.gov.br\/ame\/autarquia-municipal-de-educacao-promove-formacao-continuada-para-professores-e-assistentes-infantis\/","title":{"rendered":"Autarquia Municipal de Educa\u00e7\u00e3o promove forma\u00e7\u00e3o continuada para professores e assistentes infantis"},"content":{"rendered":"<p>A Autarquia Municipal de Educa\u00e7\u00e3o de Apucarana est\u00e1 promovendo, nesta segunda (19) e ter\u00e7a-feira (20), mais uma forma\u00e7\u00e3o continuada para os diretores, coordenadores, professores e assistentes infantis da sua rede. Previstos no calend\u00e1rio escolar, os dias de estudo e planejamento visam atualizar os conhecimentos dos profissionais e preparar os CMEIs e Escolas para o segundo semestre letivo.<\/p>\n<p>Devido \u00e0 pandemia de Covid-19, a forma\u00e7\u00e3o est\u00e1 sendo transmitida por meio do canal da AME no YouTube. \u201cA programa\u00e7\u00e3o contempla temas que consideramos extremamente importantes neste momento de retomada das aulas presenciais, como o acolhimento socioemocional dos alunos, a avalia\u00e7\u00e3o do n\u00edvel de aprendizagem que eles apresentam, a adequa\u00e7\u00e3o das a\u00e7\u00f5es pedag\u00f3gicas e o refor\u00e7o das orienta\u00e7\u00f5es sobre as medidas sanit\u00e1rias que devem ser seguidas pelas unidades de ensino,\u201d disse a secret\u00e1ria de educa\u00e7\u00e3o, Marli Fernandes.<\/p>\n<p>As 35 escolas da rede municipal apucaranense devem retomar o atendimento presencial dos estudantes do 4\u00ba e 5\u00ba anos a partir da pr\u00f3xima quarta-feira (21\/7). \u201cApesar do esfor\u00e7o da nossa equipe pedag\u00f3gica e dos professores para que os alunos n\u00e3o perdessem o v\u00ednculo com a aprendizagem durante a pandemia, percebemos que o conv\u00edvio escolar est\u00e1 fazendo muita falta a eles. Ent\u00e3o, tendo em vista que todos os profissionais de educa\u00e7\u00e3o j\u00e1 receberam a primeira dose da vacina contra a Covid-19 e que o n\u00famero de casos da doen\u00e7a vem diminuindo significativamente no munic\u00edpio, decidimos retomar gradativamente as aulas presenciais nas escolas da rede. \u00c9 importante frisar que os pais ter\u00e3o autonomia para decidir se querem mandar seus filhos para a escola ou se preferem que eles continuem acompanhando as aulas remotas,\u201d afirmou o prefeito Junior da Femac, que participou da abertura dos dias de estudo e planejamento.<\/p>\n<p>Na manh\u00e3 de hoje (19\/7), os 900 professores e assistentes infantis da rede municipal assistiram \u00e0s palestras A Educa\u00e7\u00e3o como Ferramenta para o Desenvolvimento Socioemocional, com o escritor e especialista em desenvolvimento das compet\u00eancias de lideran\u00e7a Eduardo Shinyashiki, e A Escuta da Crian\u00e7a e as Contribui\u00e7\u00f5es para o nosso Aprendizado sobre a Inf\u00e2ncia, com o doutor em educa\u00e7\u00e3o Paulo Fochi. A secret\u00e1ria de educa\u00e7\u00e3o Marli Fernandes tamb\u00e9m apresentou os resultados da avalia\u00e7\u00e3o diagn\u00f3stica aplicada aos estudantes e repassou orienta\u00e7\u00f5es para a volta \u00e0s aulas presenciais.<\/p>\n<p>J\u00e1 no per\u00edodo vespertino, os participantes refletiram sobre o Projeto Pol\u00edtico e Pedag\u00f3gico (PPP) e a Proposta Pedag\u00f3gica Curricular (PPC) das unidades de ensino e assistiram \u00e0s palestras Recomenda\u00e7\u00f5es Sanit\u00e1rias quanto ao Retorno dos Alunos no Modelo H\u00edbrido de Ensino, ministrada pela professora Aletheia Braga, e Era uma vez a Escola&#8230;de repente, chegou a Pandemia&#8230;, com a professora Mayt\u00ea Gouv\u00eaa Coleto Bezerra.<\/p>\n<p>A programa\u00e7\u00e3o continua amanh\u00e3 (20\/7), durante todo o dia.<\/p>\n<div class = 'socialMediaOnEveryPost'>Compartilhe<div id=\"sgmbShare1-1\" class=\"sgmbShare jssocials-theme-classic sgmbWidget1-1\"><\/div><div class=\"dropdownWrapper dropdownWrapper1 dropdownWrapper-for-widget \" id=\"dropdownWrapper-for-widget\">\r\n\t\t\t\t\t\t<div class=\"dropdownLabel\" id=\"dropdownLabel-share-list\"><span class=\"sgmbButtonListLabel1\">Share List<\/span><\/div>\r\n\t\t\t\t\t\t<div class=\"dropdownPanel dropdownPanel1-1\">\r\n\t\t\t\t\t\t<\/div>\r\n\t\t\t\t\t<\/div><script>  SGMB_URL = \"http:\/\/www.apucarana.pr.gov.br\/ame\/wp-content\/plugins\/social-media-builder\/\"; jQuery(\".dropdownWrapper\").hide(); SGMB_GOOGLE_ACOUNT = \"\"; <\/script><script type=\"text\/javascript\">\r\n\t\tjQuery(document).ready(function($){var widget = new SGMBWidget();widget.show({\"id\":\"1\",\"title\":\"Face\\\/Twitter\",\"options\":{\"currentUrl\":\"1\",\"url\":\"\",\"shareText\":\"\",\"fontSize\":\"14\",\"betweenButtons\":\"1px\",\"theme\":\"classic\",\"sgmbButtonsPosition\":\"bottomLeft\",\"socialTheme\":\"\",\"icon\":\"default\",\"buttonsPanelEffect\":\"No Effect\",\"buttonsEffect\":\"No Effect\",\"iconsEffect\":\"No Effect\",\"buttons\":\"{\\\"facebook\\\":{\\\"label\\\":\\\"Share\\\",\\\"icon\\\":\\\"default-facebook\\\"},\\\"twitter\\\":{\\\"label\\\":\\\"Tweet\\\",\\\"icon\\\":\\\"default-twitter\\\",\\\"via\\\":\\\"\\\",\\\"hashtags\\\":\\\"\\\"}}\",\"roundButton\":\"\",\"showLabels\":\"\",\"showCounts\":\"\",\"showCenter\":\"\",\"showButtonsAsList\":\"\",\"sgmbDropdownColor\":\"\",\"sgmbDropdownLabelFontSize\":\"14\",\"sgmbDropdownLabelColor\":\"\",\"showButtonsOnEveryPost\":\"on\",\"selectedOrExcluded\":\"\",\"showButtonsOnEveryPage\":\"\",\"textOnEveryPost\":\"Compartilhe\",\"showButtonsOnCustomPost\":\"\",\"textOnCustomPost\":\"\",\"showButtonsOnMobileDirect\":\"on\",\"showButtonsOnDesktopDirect\":\"on\",\"sgmbSelectedPages\":[\"\"],\"sgmbExcludedPosts\":[\"\"],\"sgmbSelectedCustomPosts\":[],\"showButtonsInPopup\":\"\",\"titleOfPopup\":\"\",\"descriptionOfPopup\":\"\",\"showPopupOnLoad\":\"\",\"showPopupOnScroll\":\"\",\"showPopupOnExit\":\"\",\"openSecondsOfPopup\":\"\",\"googleAnaliticsAccount\":\"\"},\"buttonOptions\":{\"facebook\":{\"label\":\"Share\",\"icon\":\"default-facebook\"},\"twitter\":{\"label\":\"Tweet\",\"icon\":\"default-twitter\",\"via\":\"\",\"hashtags\":\"\"}},\"button\":[\"facebook\",\"twitter\"]}, 1, '', 'http:\/\/www.apucarana.pr.gov.br\/ame\/wp-content\/uploads\/2021\/07\/LIVEEDSON-DENOBI-3-scaled.jpg', '', 'http:\/\/www.apucarana.pr.gov.br\/ame\/autarquia-municipal-de-educacao-promove-formacao-continuada-para-professores-e-assistentes-infantis\/'); });<\/script><\/div><script> jQuery(\".socialMediaOnEveryPost\").addClass(\"sgmb-left\") <\/script>","protected":false},"excerpt":{"rendered":"<p>Previstos no calend\u00e1rio escolar, os dias de estudo e planejamento visam atualizar os conhecimentos dos profissionais e preparar os CMEIs e Escolas para o segundo semestre letivo<\/p>\n","protected":false},"author":10,"featured_media":9652,"comment_status":"closed","ping_status":"open","sticky":false,"template":"","format":"standard","meta":[],"categories":[9],"tags":[],"_links":{"self":[{"href":"http:\/\/www.apucarana.pr.gov.br\/ame\/wp-json\/wp\/v2\/posts\/9649"}],"collection":[{"href":"http:\/\/www.apucarana.pr.gov.br\/ame\/wp-json\/wp\/v2\/posts"}],"about":[{"href":"http:\/\/www.apucarana.pr.gov.br\/ame\/wp-json\/wp\/v2\/types\/post"}],"author":[{"embeddable":true,"href":"http:\/\/www.apucarana.pr.gov.br\/ame\/wp-json\/wp\/v2\/users\/10"}],"replies":[{"embeddable":true,"href":"http:\/\/www.apucarana.pr.gov.br\/ame\/wp-json\/wp\/v2\/comments?post=9649"}],"version-history":[{"count":1,"href":"http:\/\/www.apucarana.pr.gov.br\/ame\/wp-json\/wp\/v2\/posts\/9649\/revisions"}],"predecessor-version":[{"id":9653,"href":"http:\/\/www.apucarana.pr.gov.br\/ame\/wp-json\/wp\/v2\/posts\/9649\/revisions\/9653"}],"wp:featuredmedia":[{"embeddable":true,"href":"http:\/\/www.apucarana.pr.gov.br\/ame\/wp-json\/wp\/v2\/media\/9652"}],"wp:attachment":[{"href":"http:\/\/www.apucarana.pr.gov.br\/ame\/wp-json\/wp\/v2\/media?parent=9649"}],"wp:term":[{"taxonomy":"category","embeddable":true,"href":"http:\/\/www.apucarana.pr.gov.br\/ame\/wp-json\/wp\/v2\/categories?post=9649"},{"taxonomy":"post_tag","embeddable":true,"href":"http:\/\/www.apucarana.pr.gov.br\/ame\/wp-json\/wp\/v2\/tags?post=9649"}],"curies":[{"name":"wp","href":"https:\/\/api.w.org\/{rel}","templated":true}]}}