{"id":9637,"date":"2021-07-16T16:12:00","date_gmt":"2021-07-16T19:12:00","guid":{"rendered":"http:\/\/www.apucarana.pr.gov.br\/ame\/?p=9637"},"modified":"2024-10-08T09:09:48","modified_gmt":"2024-10-08T12:09:48","slug":"escolas-municipais-retomam-as-aulas-presenciais-em-apucarana","status":"publish","type":"post","link":"http:\/\/www.apucarana.pr.gov.br\/ame\/escolas-municipais-retomam-as-aulas-presenciais-em-apucarana\/","title":{"rendered":"Escolas municipais retomam as aulas presenciais em Apucarana"},"content":{"rendered":"<p>A partir da pr\u00f3xima quarta-feira (21\/7), as escolas municipais de Apucarana devem retomar as aulas presenciais para as turmas de 4\u00ba e 5\u00ba ano do Ensino Fundamental. A decis\u00e3o foi tomada em reuni\u00e3o realizada na manh\u00e3 de hoje (16\/07), entre o prefeito Junior da Femac; o vice-prefeito Paulo Vital; a secret\u00e1ria de educa\u00e7\u00e3o Marli Fernandes; o vice-presidente da Autarquia de Sa\u00fade, Em\u00eddio Bachiega; os membros do Comit\u00ea Municipal de Avalia\u00e7\u00e3o do Retorno \u00e0s Aulas e representantes dos Conselhos Escolares e das Associa\u00e7\u00f5es de Pais, Mestres e Funcion\u00e1rios (APMFs) de todas as unidades de ensino da rede.<\/p>\n<p>De acordo com o prefeito Junior da Femac, os pais poder\u00e3o optar entre mandar seus filhos para a escola ou mant\u00ea-los assistindo as aulas online. \u201cA Autarquia Municipal de Educa\u00e7\u00e3o vai fazer um levantamento junto \u00e0s fam\u00edlias nos pr\u00f3ximos dias, para verificar a quantidade de crian\u00e7as que voltar\u00e3o aos bancos escolares. Destacamos que as escolas municipais est\u00e3o adotando protocolos r\u00edgidos de preven\u00e7\u00e3o \u00e0 Covid-19 e que a Autarquia de Sa\u00fade vai acompanhar de perto todo o processo de retomada das aulas presenciais,\u201d disse.<\/p>\n<p>A secret\u00e1ria de educa\u00e7\u00e3o Marli Fernandes lembrou que, no primeiro semestre, as escolas j\u00e1 receberam pequenos grupos de estudantes para a aplica\u00e7\u00e3o de avalia\u00e7\u00f5es diagn\u00f3sticas. \u201cN\u00f3s n\u00e3o registramos nenhum problema durante esses dias de provas. A experi\u00eancia nos mostrou que, tomando os devidos cuidados sanit\u00e1rios, \u00e9 poss\u00edvel retomar as aulas presenciais com seguran\u00e7a,\u201d afirmou.<\/p>\n<p>Durante a reuni\u00e3o na manh\u00e3 de hoje (16\/7), o prefeito apresentou estat\u00edsticas da vacina\u00e7\u00e3o e do n\u00famero de casos de Covid-19 no munic\u00edpio. \u201cApucarana foi a primeira, entre as grandes cidades do estado, a vacinar todos os seus trabalhadores da educa\u00e7\u00e3o. O \u00faltimo grupo de professores e servidores escolares, com idades de 18 a 29 anos, recebeu a vacina no dia 16 de junho. Demos prioridade para os imunizantes da Pfizer e da AstraZenica, que proporcionam prote\u00e7\u00e3o de at\u00e9 80% j\u00e1 na primeira dose,\u201d detalhou.<\/p>\n<p>Em rela\u00e7\u00e3o \u00e0 sa\u00fade dos alunos, dados compilados pela Autarquia Municipal de Sa\u00fade apontam que 465 casos de Covid-19 foram registrados no munic\u00edpio, na faixa et\u00e1ria de 0 a 9 anos, desde o in\u00edcio da pandemia. Por\u00e9m, nenhum \u00f3bito ocorreu entre as crian\u00e7as por causa da doen\u00e7a.<\/p>\n<p>\u201cO terceiro grupo que participa da comunidade escolar \u00e9 composto pelos familiares dos alunos e dos profissionais da educa\u00e7\u00e3o. Sobre isso, destaco que 65% da popula\u00e7\u00e3o apucaranense j\u00e1 recebeu a primeira dose ou a dose \u00fanica da vacina contra a Covid-19. No pr\u00f3ximo domingo, a imuniza\u00e7\u00e3o j\u00e1 deve alcan\u00e7ar as pessoas com 36 anos de idade. O n\u00famero de casos e \u00f3bitos vem reduzindo significativamente entre os grupos vacinados,\u201d acrescentou o gestor.<\/p>\n<p>O vice-presidente da Autarquia Municipal de Sa\u00fade, Em\u00eddio Bachiega, enfatizou a import\u00e2ncia do cumprimento dos protocolos de preven\u00e7\u00e3o \u00e0 Covid-19. \u201cSe os professores e alunos utilizarem a m\u00e1scara o tempo todo dentro das salas de aula e respeitarem o distanciamento nos momentos de entrada, sa\u00edda e recreio, o risco de cont\u00e1gio pelo coronav\u00edrus ser\u00e1 muito baixo nas escolas. Pelo que temos visto nos \u00faltimos quinze meses de enfrentamento da doen\u00e7a, as contamina\u00e7\u00f5es ocorrem principalmente durante os almo\u00e7os de fam\u00edlia, quando as pessoas sentam-se pr\u00f3ximas e ficam sem a prote\u00e7\u00e3o facial. Ent\u00e3o, pedimos que os pais conversem bastante com seus filhos e os orientem em rela\u00e7\u00e3o \u00e0s medidas preventivas,\u201d falou.<\/p>\n<p>Apesar do receio inicial, a maior parte dos pais de alunos que participaram da reuni\u00e3o de hoje (16\/7) aprovou a proposta de retomada das aulas presenciais da Autarquia Municipal de Educa\u00e7\u00e3o. \u201cAs escolas particulares j\u00e1 voltaram a atender os alunos presencialmente h\u00e1 algum tempo, seguindo as medidas de preven\u00e7\u00e3o da Covid-19. Assim como tem ocorrido na rede privada, eu acredito que vai dar tudo certo tamb\u00e9m nas escolas municipais,\u201d disse Juliana Massalli.<\/p>\n<p>A secret\u00e1ria de educa\u00e7\u00e3o Marli Fernandes adiantou que uma nova reuni\u00e3o com o Comit\u00ea Municipal de Avalia\u00e7\u00e3o do Retorno \u00e0s Aulas deve ser marcada no m\u00eas de agosto. \u201cSe tudo correr bem neste primeiro momento com os alunos de quarto e quinto anos, ent\u00e3o n\u00f3s iremos sugerir o retorno gradual das demais turmas dos CMEIs e escolas ao modelo presencial\u201d, finalizou.<\/p>\n<p><img loading=\"lazy\" class=\"alignnone  wp-image-9639\" src=\"http:\/\/www.apucarana.pr.gov.br\/ame\/wp-content\/uploads\/2021\/07\/02-300x300.jpeg\" alt=\"\" width=\"364\" height=\"364\" srcset=\"http:\/\/www.apucarana.pr.gov.br\/ame\/wp-content\/uploads\/2021\/07\/02-300x300.jpeg 300w, http:\/\/www.apucarana.pr.gov.br\/ame\/wp-content\/uploads\/2021\/07\/02-1024x1024.jpeg 1024w, http:\/\/www.apucarana.pr.gov.br\/ame\/wp-content\/uploads\/2021\/07\/02-150x150.jpeg 150w, http:\/\/www.apucarana.pr.gov.br\/ame\/wp-content\/uploads\/2021\/07\/02-768x768.jpeg 768w, http:\/\/www.apucarana.pr.gov.br\/ame\/wp-content\/uploads\/2021\/07\/02-100x100.jpeg 100w, http:\/\/www.apucarana.pr.gov.br\/ame\/wp-content\/uploads\/2021\/07\/02.jpeg 1080w\" sizes=\"(max-width: 364px) 100vw, 364px\" \/><\/p>\n<p>&nbsp;<\/p>\n<p><img loading=\"lazy\" class=\"alignnone  wp-image-9638\" src=\"http:\/\/www.apucarana.pr.gov.br\/ame\/wp-content\/uploads\/2021\/07\/01-300x228.png\" alt=\"\" width=\"368\" height=\"280\" srcset=\"http:\/\/www.apucarana.pr.gov.br\/ame\/wp-content\/uploads\/2021\/07\/01-300x228.png 300w, http:\/\/www.apucarana.pr.gov.br\/ame\/wp-content\/uploads\/2021\/07\/01.png 576w\" sizes=\"(max-width: 368px) 100vw, 368px\" \/><\/p>\n<div class = 'socialMediaOnEveryPost'>Compartilhe<div id=\"sgmbShare1-1\" class=\"sgmbShare jssocials-theme-classic sgmbWidget1-1\"><\/div><div class=\"dropdownWrapper dropdownWrapper1 dropdownWrapper-for-widget \" id=\"dropdownWrapper-for-widget\">\r\n\t\t\t\t\t\t<div class=\"dropdownLabel\" id=\"dropdownLabel-share-list\"><span class=\"sgmbButtonListLabel1\">Share List<\/span><\/div>\r\n\t\t\t\t\t\t<div class=\"dropdownPanel dropdownPanel1-1\">\r\n\t\t\t\t\t\t<\/div>\r\n\t\t\t\t\t<\/div><script>  SGMB_URL = \"http:\/\/www.apucarana.pr.gov.br\/ame\/wp-content\/plugins\/social-media-builder\/\"; jQuery(\".dropdownWrapper\").hide(); SGMB_GOOGLE_ACOUNT = \"\"; <\/script><script type=\"text\/javascript\">\r\n\t\tjQuery(document).ready(function($){var widget = new SGMBWidget();widget.show({\"id\":\"1\",\"title\":\"Face\\\/Twitter\",\"options\":{\"currentUrl\":\"1\",\"url\":\"\",\"shareText\":\"\",\"fontSize\":\"14\",\"betweenButtons\":\"1px\",\"theme\":\"classic\",\"sgmbButtonsPosition\":\"bottomLeft\",\"socialTheme\":\"\",\"icon\":\"default\",\"buttonsPanelEffect\":\"No Effect\",\"buttonsEffect\":\"No Effect\",\"iconsEffect\":\"No Effect\",\"buttons\":\"{\\\"facebook\\\":{\\\"label\\\":\\\"Share\\\",\\\"icon\\\":\\\"default-facebook\\\"},\\\"twitter\\\":{\\\"label\\\":\\\"Tweet\\\",\\\"icon\\\":\\\"default-twitter\\\",\\\"via\\\":\\\"\\\",\\\"hashtags\\\":\\\"\\\"}}\",\"roundButton\":\"\",\"showLabels\":\"\",\"showCounts\":\"\",\"showCenter\":\"\",\"showButtonsAsList\":\"\",\"sgmbDropdownColor\":\"\",\"sgmbDropdownLabelFontSize\":\"14\",\"sgmbDropdownLabelColor\":\"\",\"showButtonsOnEveryPost\":\"on\",\"selectedOrExcluded\":\"\",\"showButtonsOnEveryPage\":\"\",\"textOnEveryPost\":\"Compartilhe\",\"showButtonsOnCustomPost\":\"\",\"textOnCustomPost\":\"\",\"showButtonsOnMobileDirect\":\"on\",\"showButtonsOnDesktopDirect\":\"on\",\"sgmbSelectedPages\":[\"\"],\"sgmbExcludedPosts\":[\"\"],\"sgmbSelectedCustomPosts\":[],\"showButtonsInPopup\":\"\",\"titleOfPopup\":\"\",\"descriptionOfPopup\":\"\",\"showPopupOnLoad\":\"\",\"showPopupOnScroll\":\"\",\"showPopupOnExit\":\"\",\"openSecondsOfPopup\":\"\",\"googleAnaliticsAccount\":\"\"},\"buttonOptions\":{\"facebook\":{\"label\":\"Share\",\"icon\":\"default-facebook\"},\"twitter\":{\"label\":\"Tweet\",\"icon\":\"default-twitter\",\"via\":\"\",\"hashtags\":\"\"}},\"button\":[\"facebook\",\"twitter\"]}, 1, '', 'http:\/\/www.apucarana.pr.gov.br\/ame\/wp-content\/uploads\/2021\/07\/AVALIACAO-DIAGNOSTICA-4.jpg', '', 'http:\/\/www.apucarana.pr.gov.br\/ame\/escolas-municipais-retomam-as-aulas-presenciais-em-apucarana\/'); });<\/script><\/div><script> jQuery(\".socialMediaOnEveryPost\").addClass(\"sgmb-left\") <\/script>","protected":false},"excerpt":{"rendered":"<p>Apenas as turmas de 4\u00ba e 5\u00ba ano ser\u00e3o atendidas no primeiro momento; os pais poder\u00e3o optar entre mandar seus filhos para a escola ou mant\u00ea-los assistindo as aulas online<\/p>\n","protected":false},"author":10,"featured_media":9644,"comment_status":"closed","ping_status":"open","sticky":false,"template":"","format":"standard","meta":[],"categories":[9],"tags":[],"_links":{"self":[{"href":"http:\/\/www.apucarana.pr.gov.br\/ame\/wp-json\/wp\/v2\/posts\/9637"}],"collection":[{"href":"http:\/\/www.apucarana.pr.gov.br\/ame\/wp-json\/wp\/v2\/posts"}],"about":[{"href":"http:\/\/www.apucarana.pr.gov.br\/ame\/wp-json\/wp\/v2\/types\/post"}],"author":[{"embeddable":true,"href":"http:\/\/www.apucarana.pr.gov.br\/ame\/wp-json\/wp\/v2\/users\/10"}],"replies":[{"embeddable":true,"href":"http:\/\/www.apucarana.pr.gov.br\/ame\/wp-json\/wp\/v2\/comments?post=9637"}],"version-history":[{"count":3,"href":"http:\/\/www.apucarana.pr.gov.br\/ame\/wp-json\/wp\/v2\/posts\/9637\/revisions"}],"predecessor-version":[{"id":9647,"href":"http:\/\/www.apucarana.pr.gov.br\/ame\/wp-json\/wp\/v2\/posts\/9637\/revisions\/9647"}],"wp:featuredmedia":[{"embeddable":true,"href":"http:\/\/www.apucarana.pr.gov.br\/ame\/wp-json\/wp\/v2\/media\/9644"}],"wp:attachment":[{"href":"http:\/\/www.apucarana.pr.gov.br\/ame\/wp-json\/wp\/v2\/media?parent=9637"}],"wp:term":[{"taxonomy":"category","embeddable":true,"href":"http:\/\/www.apucarana.pr.gov.br\/ame\/wp-json\/wp\/v2\/categories?post=9637"},{"taxonomy":"post_tag","embeddable":true,"href":"http:\/\/www.apucarana.pr.gov.br\/ame\/wp-json\/wp\/v2\/tags?post=9637"}],"curies":[{"name":"wp","href":"https:\/\/api.w.org\/{rel}","templated":true}]}}