{"id":9633,"date":"2021-07-09T12:13:59","date_gmt":"2021-07-09T15:13:59","guid":{"rendered":"http:\/\/www.apucarana.pr.gov.br\/ame\/?p=9633"},"modified":"2024-10-08T09:09:48","modified_gmt":"2024-10-08T12:09:48","slug":"autarquia-municipal-de-educacao-divulga-edital-com-ensalamento-de-candidatos-inscritos-em-concurso-publico","status":"publish","type":"post","link":"http:\/\/www.apucarana.pr.gov.br\/ame\/autarquia-municipal-de-educacao-divulga-edital-com-ensalamento-de-candidatos-inscritos-em-concurso-publico\/","title":{"rendered":"Autarquia Municipal de Educa\u00e7\u00e3o divulga edital com ensalamento de candidatos inscritos em concurso p\u00fablico"},"content":{"rendered":"<p>A Autarquia Municipal de Educa\u00e7\u00e3o divulgou nesta sexta-feira (9\/7) o edital n\u00ba 010\/2021, com o ensalamento dos candidatos inscritos em seu concurso p\u00fablico. Ao todo, 2.150 pessoas est\u00e3o aptas a participar da sele\u00e7\u00e3o, que oferece 15 vagas para o cargo de professor e cadastro de reserva para a fun\u00e7\u00e3o de assistente infantil.<\/p>\n<p>As provas objetivas e de reda\u00e7\u00e3o ser\u00e3o aplicadas no dia 25 de julho, nos campi da Universidade Estadual do Paran\u00e1 (Unespar) e da Faculdade de Apucarana (FAP). \u201c\u00c9 importante frisar que a Funda\u00e7\u00e3o de Apoio ao Desenvolvimento da Universidade Estadual de Londrina (FAUEL), empresa contratada para organizar o processo seletivo, adotar\u00e1 protocolos r\u00edgidos de preven\u00e7\u00e3o \u00e0 Covid-19. Al\u00e9m de caneta esferogr\u00e1fica azul ou preta, os candidatos precisam estar atentos \u00e0 obrigatoriedade do uso da m\u00e1scara cobrindo a boca e o nariz,\u201d afirmou o prefeito Junior da Femac.<\/p>\n<p>A secret\u00e1ria de educa\u00e7\u00e3o, Marli Fernandes, acrescentou que o concurso ser\u00e1 realizado em dois turnos. \u201cOs candidatos ao cargo de professor far\u00e3o a prova no per\u00edodo da manh\u00e3 e os concorrentes \u00e0 fun\u00e7\u00e3o de assistente infantil no per\u00edodo da tarde. Os port\u00f5es ser\u00e3o abertos respectivamente \u00e0s 6h50 e \u00e0s 13h30 e fechados \u00e0s 7h50 e \u00e0s 14h30,\u201d disse.<\/p>\n<p>Al\u00e9m da exig\u00eancia do uso de m\u00e1scara, entre outras medidas de preven\u00e7\u00e3o \u00e0 Covid-19, a FAUEL garantir\u00e1 a limpeza das mesas e carteiras antes dos candidatos ingressarem nas salas, a redu\u00e7\u00e3o do n\u00famero de concorrentes em cada sala, a sinaliza\u00e7\u00e3o do distanciamento m\u00ednimo de 1,5 metros entre os indiv\u00edduos, a disponibiliza\u00e7\u00e3o de sabonete l\u00edquido e toalhas de papel nos sanit\u00e1rios, e a provis\u00e3o de \u00e1lcool em gel em todos os ambientes.<\/p>\n<p>O candidato deve comparecer ao local das provas munido de documento de identidade, original com foto: RG (Registro Geral), CNH (Carteira Nacional de Habilita\u00e7\u00e3o), Carteira de Trabalho e Previd\u00eancia Social, Passaporte ou Carteira de Identidade fornecida por conselho de classe.<\/p>\n<p>Caso esteja diagnosticado com Covid-19 ou cumprindo o isolamento na data de 25 de julho, o concorrente n\u00e3o dever\u00e1 comparecer ao local das provas, sob a pena de cometer crime contra a sa\u00fade p\u00fablica. Conforme o edital 011\/2021, tamb\u00e9m publicado nesta sexta-feira (9\/7), nestes casos, a devolu\u00e7\u00e3o da taxa de inscri\u00e7\u00e3o poder\u00e1 ser solicitada.<\/p>\n<p>Para conferir os editais 010\/2021 e 011\/2021, do concurso p\u00fablico da Autarquia Municipal de Educa\u00e7\u00e3o, acesse: <a href=\"http:\/\/sys.apucarana.pr.gov.br\/apucarana-pr\/FWLocal\/editais_concursos\/\">http:\/\/sys.apucarana.pr.gov.br\/apucarana-pr\/FWLocal\/editais_concursos\/<\/a><\/p>\n<div class = 'socialMediaOnEveryPost'>Compartilhe<div id=\"sgmbShare1-1\" class=\"sgmbShare jssocials-theme-classic sgmbWidget1-1\"><\/div><div class=\"dropdownWrapper dropdownWrapper1 dropdownWrapper-for-widget \" id=\"dropdownWrapper-for-widget\">\r\n\t\t\t\t\t\t<div class=\"dropdownLabel\" id=\"dropdownLabel-share-list\"><span class=\"sgmbButtonListLabel1\">Share List<\/span><\/div>\r\n\t\t\t\t\t\t<div class=\"dropdownPanel dropdownPanel1-1\">\r\n\t\t\t\t\t\t<\/div>\r\n\t\t\t\t\t<\/div><script>  SGMB_URL = \"http:\/\/www.apucarana.pr.gov.br\/ame\/wp-content\/plugins\/social-media-builder\/\"; jQuery(\".dropdownWrapper\").hide(); SGMB_GOOGLE_ACOUNT = \"\"; <\/script><script type=\"text\/javascript\">\r\n\t\tjQuery(document).ready(function($){var widget = new SGMBWidget();widget.show({\"id\":\"1\",\"title\":\"Face\\\/Twitter\",\"options\":{\"currentUrl\":\"1\",\"url\":\"\",\"shareText\":\"\",\"fontSize\":\"14\",\"betweenButtons\":\"1px\",\"theme\":\"classic\",\"sgmbButtonsPosition\":\"bottomLeft\",\"socialTheme\":\"\",\"icon\":\"default\",\"buttonsPanelEffect\":\"No Effect\",\"buttonsEffect\":\"No Effect\",\"iconsEffect\":\"No Effect\",\"buttons\":\"{\\\"facebook\\\":{\\\"label\\\":\\\"Share\\\",\\\"icon\\\":\\\"default-facebook\\\"},\\\"twitter\\\":{\\\"label\\\":\\\"Tweet\\\",\\\"icon\\\":\\\"default-twitter\\\",\\\"via\\\":\\\"\\\",\\\"hashtags\\\":\\\"\\\"}}\",\"roundButton\":\"\",\"showLabels\":\"\",\"showCounts\":\"\",\"showCenter\":\"\",\"showButtonsAsList\":\"\",\"sgmbDropdownColor\":\"\",\"sgmbDropdownLabelFontSize\":\"14\",\"sgmbDropdownLabelColor\":\"\",\"showButtonsOnEveryPost\":\"on\",\"selectedOrExcluded\":\"\",\"showButtonsOnEveryPage\":\"\",\"textOnEveryPost\":\"Compartilhe\",\"showButtonsOnCustomPost\":\"\",\"textOnCustomPost\":\"\",\"showButtonsOnMobileDirect\":\"on\",\"showButtonsOnDesktopDirect\":\"on\",\"sgmbSelectedPages\":[\"\"],\"sgmbExcludedPosts\":[\"\"],\"sgmbSelectedCustomPosts\":[],\"showButtonsInPopup\":\"\",\"titleOfPopup\":\"\",\"descriptionOfPopup\":\"\",\"showPopupOnLoad\":\"\",\"showPopupOnScroll\":\"\",\"showPopupOnExit\":\"\",\"openSecondsOfPopup\":\"\",\"googleAnaliticsAccount\":\"\"},\"buttonOptions\":{\"facebook\":{\"label\":\"Share\",\"icon\":\"default-facebook\"},\"twitter\":{\"label\":\"Tweet\",\"icon\":\"default-twitter\",\"via\":\"\",\"hashtags\":\"\"}},\"button\":[\"facebook\",\"twitter\"]}, 1, '', 'http:\/\/www.apucarana.pr.gov.br\/ame\/wp-content\/uploads\/2021\/07\/13567072_1107797522627776_3527639001468252424_n.jpg', '', 'http:\/\/www.apucarana.pr.gov.br\/ame\/autarquia-municipal-de-educacao-divulga-edital-com-ensalamento-de-candidatos-inscritos-em-concurso-publico\/'); });<\/script><\/div><script> jQuery(\".socialMediaOnEveryPost\").addClass(\"sgmb-left\") <\/script>","protected":false},"excerpt":{"rendered":"<p>O concorrente deve ficar atento aos hor\u00e1rios de abertura e fechamento dos port\u00f5es, bem como respeitar a obrigatoriedade do uso de m\u00e1scara e de distanciamento social nos locais de provas  <\/p>\n","protected":false},"author":10,"featured_media":9634,"comment_status":"closed","ping_status":"open","sticky":false,"template":"","format":"standard","meta":[],"categories":[9],"tags":[],"_links":{"self":[{"href":"http:\/\/www.apucarana.pr.gov.br\/ame\/wp-json\/wp\/v2\/posts\/9633"}],"collection":[{"href":"http:\/\/www.apucarana.pr.gov.br\/ame\/wp-json\/wp\/v2\/posts"}],"about":[{"href":"http:\/\/www.apucarana.pr.gov.br\/ame\/wp-json\/wp\/v2\/types\/post"}],"author":[{"embeddable":true,"href":"http:\/\/www.apucarana.pr.gov.br\/ame\/wp-json\/wp\/v2\/users\/10"}],"replies":[{"embeddable":true,"href":"http:\/\/www.apucarana.pr.gov.br\/ame\/wp-json\/wp\/v2\/comments?post=9633"}],"version-history":[{"count":1,"href":"http:\/\/www.apucarana.pr.gov.br\/ame\/wp-json\/wp\/v2\/posts\/9633\/revisions"}],"predecessor-version":[{"id":9635,"href":"http:\/\/www.apucarana.pr.gov.br\/ame\/wp-json\/wp\/v2\/posts\/9633\/revisions\/9635"}],"wp:featuredmedia":[{"embeddable":true,"href":"http:\/\/www.apucarana.pr.gov.br\/ame\/wp-json\/wp\/v2\/media\/9634"}],"wp:attachment":[{"href":"http:\/\/www.apucarana.pr.gov.br\/ame\/wp-json\/wp\/v2\/media?parent=9633"}],"wp:term":[{"taxonomy":"category","embeddable":true,"href":"http:\/\/www.apucarana.pr.gov.br\/ame\/wp-json\/wp\/v2\/categories?post=9633"},{"taxonomy":"post_tag","embeddable":true,"href":"http:\/\/www.apucarana.pr.gov.br\/ame\/wp-json\/wp\/v2\/tags?post=9633"}],"curies":[{"name":"wp","href":"https:\/\/api.w.org\/{rel}","templated":true}]}}