{"id":9624,"date":"2021-07-07T16:21:43","date_gmt":"2021-07-07T19:21:43","guid":{"rendered":"http:\/\/www.apucarana.pr.gov.br\/ame\/?p=9624"},"modified":"2024-10-08T09:09:48","modified_gmt":"2024-10-08T12:09:48","slug":"professores-passam-por-formacao-continuada-para-o-ensino-de-espanhol","status":"publish","type":"post","link":"http:\/\/www.apucarana.pr.gov.br\/ame\/professores-passam-por-formacao-continuada-para-o-ensino-de-espanhol\/","title":{"rendered":"Professores passam por forma\u00e7\u00e3o continuada para o ensino de espanhol"},"content":{"rendered":"<p>Trinta professores das escolas municipais de Apucarana participaram, nesta quarta-feira (7\/7), de uma forma\u00e7\u00e3o continuada para o ensino de L\u00edngua Espanhola. A capacita\u00e7\u00e3o online foi promovida pela Autarquia de Educa\u00e7\u00e3o, em parceria com a editora Moderna. O tema focou em t\u00e9cnicas de conta\u00e7\u00e3o de hist\u00f3ria que podem ser utilizadas para potencializar a aprendizagem.<\/p>\n<p>De acordo com o prefeito Junior da Femac, o ensino da L\u00edngua Espanhola faz parte da grade curricular da rede municipal desde 2020. As turmas da Pr\u00e9-Escola ao 5\u00ba ano do Ensino Fundamental assistem a aulas semanais da disciplina.<\/p>\n<p>\u201cN\u00f3s implantamos essa mat\u00e9ria no curr\u00edculo dos nossos alunos por entendermos que o aprendizado do espanhol poder\u00e1 abrir muitas portas para eles no futuro, quando estiverem ingressando no mercado de trabalho. Afinal, diversas empresas apucaranenses mant\u00eam com\u00e9rcio com os pa\u00edses membros do MERCOSUL,\u201d afirmou o gestor.<\/p>\n<p>A secret\u00e1ria de educa\u00e7\u00e3o, Marli Fernandes, acrescenta que, al\u00e9m da L\u00edngua Espanhola, os alunos da rede municipal t\u00eam aulas de Ingl\u00eas desde 2014. \u201cPara chegar \u00e0 flu\u00eancia de um idioma, o ideal \u00e9 que o seu aprendizado comece ainda na primeira inf\u00e2ncia, at\u00e9 os dez anos de idade, faixa et\u00e1ria em que o c\u00e9rebro absorve o conhecimento com maior facilidade,\u201d explicou.<\/p>\n<p>Anualmente, a Autarquia Municipal de Educa\u00e7\u00e3o promove um festival com apresenta\u00e7\u00f5es nas l\u00ednguas inglesa e espanhola, com o objetivo de mostrar o progresso das crian\u00e7as aos seus pais e familiares.<\/p>\n<p>\u201cDevido \u00e0 pandemia de Covid-19, n\u00f3s n\u00e3o conseguimos realizar o festival no ano passado. Por\u00e9m, estamos nos organizando a fim de adaptar as apresenta\u00e7\u00f5es para o formato online em 2021. A cada edi\u00e7\u00e3o, vemos que as crian\u00e7as est\u00e3o dominando o vocabul\u00e1rio e exibindo mais desenvoltura na oralidade,\u201d disse a secret\u00e1ria.<\/p>\n<div class = 'socialMediaOnEveryPost'>Compartilhe<div id=\"sgmbShare1-1\" class=\"sgmbShare jssocials-theme-classic sgmbWidget1-1\"><\/div><div class=\"dropdownWrapper dropdownWrapper1 dropdownWrapper-for-widget \" id=\"dropdownWrapper-for-widget\">\r\n\t\t\t\t\t\t<div class=\"dropdownLabel\" id=\"dropdownLabel-share-list\"><span class=\"sgmbButtonListLabel1\">Share List<\/span><\/div>\r\n\t\t\t\t\t\t<div class=\"dropdownPanel dropdownPanel1-1\">\r\n\t\t\t\t\t\t<\/div>\r\n\t\t\t\t\t<\/div><script>  SGMB_URL = \"http:\/\/www.apucarana.pr.gov.br\/ame\/wp-content\/plugins\/social-media-builder\/\"; jQuery(\".dropdownWrapper\").hide(); SGMB_GOOGLE_ACOUNT = \"\"; <\/script><script type=\"text\/javascript\">\r\n\t\tjQuery(document).ready(function($){var widget = new SGMBWidget();widget.show({\"id\":\"1\",\"title\":\"Face\\\/Twitter\",\"options\":{\"currentUrl\":\"1\",\"url\":\"\",\"shareText\":\"\",\"fontSize\":\"14\",\"betweenButtons\":\"1px\",\"theme\":\"classic\",\"sgmbButtonsPosition\":\"bottomLeft\",\"socialTheme\":\"\",\"icon\":\"default\",\"buttonsPanelEffect\":\"No Effect\",\"buttonsEffect\":\"No Effect\",\"iconsEffect\":\"No Effect\",\"buttons\":\"{\\\"facebook\\\":{\\\"label\\\":\\\"Share\\\",\\\"icon\\\":\\\"default-facebook\\\"},\\\"twitter\\\":{\\\"label\\\":\\\"Tweet\\\",\\\"icon\\\":\\\"default-twitter\\\",\\\"via\\\":\\\"\\\",\\\"hashtags\\\":\\\"\\\"}}\",\"roundButton\":\"\",\"showLabels\":\"\",\"showCounts\":\"\",\"showCenter\":\"\",\"showButtonsAsList\":\"\",\"sgmbDropdownColor\":\"\",\"sgmbDropdownLabelFontSize\":\"14\",\"sgmbDropdownLabelColor\":\"\",\"showButtonsOnEveryPost\":\"on\",\"selectedOrExcluded\":\"\",\"showButtonsOnEveryPage\":\"\",\"textOnEveryPost\":\"Compartilhe\",\"showButtonsOnCustomPost\":\"\",\"textOnCustomPost\":\"\",\"showButtonsOnMobileDirect\":\"on\",\"showButtonsOnDesktopDirect\":\"on\",\"sgmbSelectedPages\":[\"\"],\"sgmbExcludedPosts\":[\"\"],\"sgmbSelectedCustomPosts\":[],\"showButtonsInPopup\":\"\",\"titleOfPopup\":\"\",\"descriptionOfPopup\":\"\",\"showPopupOnLoad\":\"\",\"showPopupOnScroll\":\"\",\"showPopupOnExit\":\"\",\"openSecondsOfPopup\":\"\",\"googleAnaliticsAccount\":\"\"},\"buttonOptions\":{\"facebook\":{\"label\":\"Share\",\"icon\":\"default-facebook\"},\"twitter\":{\"label\":\"Tweet\",\"icon\":\"default-twitter\",\"via\":\"\",\"hashtags\":\"\"}},\"button\":[\"facebook\",\"twitter\"]}, 1, '', 'http:\/\/www.apucarana.pr.gov.br\/ame\/wp-content\/uploads\/2021\/07\/FORMACAO-CONTINUADA-DE-LINGUA-ESPANHOLA-1.jpg', '', 'http:\/\/www.apucarana.pr.gov.br\/ame\/professores-passam-por-formacao-continuada-para-o-ensino-de-espanhol\/'); });<\/script><\/div><script> jQuery(\".socialMediaOnEveryPost\").addClass(\"sgmb-left\") <\/script>","protected":false},"excerpt":{"rendered":"<p>Desde 2020, a Prefeitura de Apucarana vem ofertando a disciplina de L\u00edngua Espanhola aos alunos matriculados na rede municipal de ensino<\/p>\n","protected":false},"author":10,"featured_media":9625,"comment_status":"closed","ping_status":"open","sticky":false,"template":"","format":"standard","meta":[],"categories":[9],"tags":[],"_links":{"self":[{"href":"http:\/\/www.apucarana.pr.gov.br\/ame\/wp-json\/wp\/v2\/posts\/9624"}],"collection":[{"href":"http:\/\/www.apucarana.pr.gov.br\/ame\/wp-json\/wp\/v2\/posts"}],"about":[{"href":"http:\/\/www.apucarana.pr.gov.br\/ame\/wp-json\/wp\/v2\/types\/post"}],"author":[{"embeddable":true,"href":"http:\/\/www.apucarana.pr.gov.br\/ame\/wp-json\/wp\/v2\/users\/10"}],"replies":[{"embeddable":true,"href":"http:\/\/www.apucarana.pr.gov.br\/ame\/wp-json\/wp\/v2\/comments?post=9624"}],"version-history":[{"count":1,"href":"http:\/\/www.apucarana.pr.gov.br\/ame\/wp-json\/wp\/v2\/posts\/9624\/revisions"}],"predecessor-version":[{"id":9630,"href":"http:\/\/www.apucarana.pr.gov.br\/ame\/wp-json\/wp\/v2\/posts\/9624\/revisions\/9630"}],"wp:featuredmedia":[{"embeddable":true,"href":"http:\/\/www.apucarana.pr.gov.br\/ame\/wp-json\/wp\/v2\/media\/9625"}],"wp:attachment":[{"href":"http:\/\/www.apucarana.pr.gov.br\/ame\/wp-json\/wp\/v2\/media?parent=9624"}],"wp:term":[{"taxonomy":"category","embeddable":true,"href":"http:\/\/www.apucarana.pr.gov.br\/ame\/wp-json\/wp\/v2\/categories?post=9624"},{"taxonomy":"post_tag","embeddable":true,"href":"http:\/\/www.apucarana.pr.gov.br\/ame\/wp-json\/wp\/v2\/tags?post=9624"}],"curies":[{"name":"wp","href":"https:\/\/api.w.org\/{rel}","templated":true}]}}