{"id":9619,"date":"2021-07-01T18:17:10","date_gmt":"2021-07-01T21:17:10","guid":{"rendered":"http:\/\/www.apucarana.pr.gov.br\/ame\/?p=9619"},"modified":"2024-10-08T09:09:48","modified_gmt":"2024-10-08T12:09:48","slug":"acordo-garante-repasse-de-alimentos-para-a-apae","status":"publish","type":"post","link":"http:\/\/www.apucarana.pr.gov.br\/ame\/acordo-garante-repasse-de-alimentos-para-a-apae\/","title":{"rendered":"Acordo garante repasse de alimentos para a Apae"},"content":{"rendered":"<p>O prefeito de Apucarana, Junior da Femac, assinou nesta quinta-feira (01\/07) o acordo de coopera\u00e7\u00e3o 05\/2021 que vai garantir o fornecimento de alimentos para a Associa\u00e7\u00e3o dos Pais e Amigos dos Excepcionais (Apae), de Apucarana. A coopera\u00e7\u00e3o ser\u00e1 viabilizada pela Autarquia Municipal de Educa\u00e7\u00e3o (AME), que destinar\u00e1 para a Apae alimentos que integram o card\u00e1pio do programa de merenda escolar.<\/p>\n<p>De acordo com o prefeito, os g\u00eaneros aliment\u00edcios ser\u00e3o fornecidos para atender os alunos da Educa\u00e7\u00e3o B\u00e1sica da Escola Jos\u00e9 Ant\u00f4nio Menegazzo, mantida pela Apae. Junior da Femac explica que durante o per\u00edodo da pandemia, enquanto est\u00e3o suspensas as aulas presenciais, o repasse dos g\u00eaneros ser\u00e1 feito atrav\u00e9s de kits de alimentos da agricultura familiar. \u201cNeste per\u00edodo iremos repassar os kits, conforme forem solicitados pelo setor de assist\u00eancia social da Apae\u201d, informa.<\/p>\n<p>O prefeito ressalta que a merenda escolar de Apucarana possui um card\u00e1pio variado, enriquecido com alimentos fornecidos por agricultores familiares. \u201c\u00c9 uma alimenta\u00e7\u00e3o de extrema qualidade e a maioria dos g\u00eaneros, em torno de 70%, s\u00e3o adquiridos pelo Munic\u00edpio da agricultura familiar e que tamb\u00e9m ser\u00e3o fornecidos para a Apae\u201d, salienta.<\/p>\n<p>Junior da Femac frisa ainda que o Munic\u00edpio desenvolve a\u00e7\u00f5es que buscam atender todos os setores. \u201cNeste contexto, tamb\u00e9m buscamos contribuir com a educa\u00e7\u00e3o especial, atrav\u00e9s deste acordo de coopera\u00e7\u00e3o com a Apae. Todo apoio que pudermos dar \u00e9 importante e agora isso acontece por meio do fornecimento de alimentos\u201d, refor\u00e7a Junior da Femac.<\/p>\n<p>A secret\u00e1ria de educa\u00e7\u00e3o, Marli Fernandes, lembra que os centros infantis (CMEIs) e as escolas municipais de Apucarana v\u00eam fazendo o repasse de kits com produtos hortifr\u00fatis, provenientes da merenda escolar, \u00e0s fam\u00edlias dos seus alunos, desde abril do ano passado. \u201cEu entendo ser importante esse cuidado com os alunos da Apae, da mesma forma que oferecemos alimenta\u00e7\u00e3o de qualidade \u00e0s crian\u00e7as da nossa rede,\u201d disse.<\/p>\n<p>Desde 2018, por meio de outro conv\u00eanio, a Autarquia Municipal de Educa\u00e7\u00e3o tamb\u00e9m realiza o repasse dos recursos do Fundo de Manuten\u00e7\u00e3o e Desenvolvimento da Educa\u00e7\u00e3o B\u00e1sica (Fundeb) \u00e0 Escola Jos\u00e9 Ant\u00f4nio Menegazzo, mantida pela Apae.<\/p>\n<div class = 'socialMediaOnEveryPost'>Compartilhe<div id=\"sgmbShare1-1\" class=\"sgmbShare jssocials-theme-classic sgmbWidget1-1\"><\/div><div class=\"dropdownWrapper dropdownWrapper1 dropdownWrapper-for-widget \" id=\"dropdownWrapper-for-widget\">\r\n\t\t\t\t\t\t<div class=\"dropdownLabel\" id=\"dropdownLabel-share-list\"><span class=\"sgmbButtonListLabel1\">Share List<\/span><\/div>\r\n\t\t\t\t\t\t<div class=\"dropdownPanel dropdownPanel1-1\">\r\n\t\t\t\t\t\t<\/div>\r\n\t\t\t\t\t<\/div><script>  SGMB_URL = \"http:\/\/www.apucarana.pr.gov.br\/ame\/wp-content\/plugins\/social-media-builder\/\"; jQuery(\".dropdownWrapper\").hide(); SGMB_GOOGLE_ACOUNT = \"\"; <\/script><script type=\"text\/javascript\">\r\n\t\tjQuery(document).ready(function($){var widget = new SGMBWidget();widget.show({\"id\":\"1\",\"title\":\"Face\\\/Twitter\",\"options\":{\"currentUrl\":\"1\",\"url\":\"\",\"shareText\":\"\",\"fontSize\":\"14\",\"betweenButtons\":\"1px\",\"theme\":\"classic\",\"sgmbButtonsPosition\":\"bottomLeft\",\"socialTheme\":\"\",\"icon\":\"default\",\"buttonsPanelEffect\":\"No Effect\",\"buttonsEffect\":\"No Effect\",\"iconsEffect\":\"No Effect\",\"buttons\":\"{\\\"facebook\\\":{\\\"label\\\":\\\"Share\\\",\\\"icon\\\":\\\"default-facebook\\\"},\\\"twitter\\\":{\\\"label\\\":\\\"Tweet\\\",\\\"icon\\\":\\\"default-twitter\\\",\\\"via\\\":\\\"\\\",\\\"hashtags\\\":\\\"\\\"}}\",\"roundButton\":\"\",\"showLabels\":\"\",\"showCounts\":\"\",\"showCenter\":\"\",\"showButtonsAsList\":\"\",\"sgmbDropdownColor\":\"\",\"sgmbDropdownLabelFontSize\":\"14\",\"sgmbDropdownLabelColor\":\"\",\"showButtonsOnEveryPost\":\"on\",\"selectedOrExcluded\":\"\",\"showButtonsOnEveryPage\":\"\",\"textOnEveryPost\":\"Compartilhe\",\"showButtonsOnCustomPost\":\"\",\"textOnCustomPost\":\"\",\"showButtonsOnMobileDirect\":\"on\",\"showButtonsOnDesktopDirect\":\"on\",\"sgmbSelectedPages\":[\"\"],\"sgmbExcludedPosts\":[\"\"],\"sgmbSelectedCustomPosts\":[],\"showButtonsInPopup\":\"\",\"titleOfPopup\":\"\",\"descriptionOfPopup\":\"\",\"showPopupOnLoad\":\"\",\"showPopupOnScroll\":\"\",\"showPopupOnExit\":\"\",\"openSecondsOfPopup\":\"\",\"googleAnaliticsAccount\":\"\"},\"buttonOptions\":{\"facebook\":{\"label\":\"Share\",\"icon\":\"default-facebook\"},\"twitter\":{\"label\":\"Tweet\",\"icon\":\"default-twitter\",\"via\":\"\",\"hashtags\":\"\"}},\"button\":[\"facebook\",\"twitter\"]}, 1, '', 'http:\/\/www.apucarana.pr.gov.br\/ame\/wp-content\/uploads\/2021\/07\/ENTREGAEDSON-DENOBI-6-scaled.jpg', '', 'http:\/\/www.apucarana.pr.gov.br\/ame\/acordo-garante-repasse-de-alimentos-para-a-apae\/'); });<\/script><\/div><script> jQuery(\".socialMediaOnEveryPost\").addClass(\"sgmb-left\") <\/script>","protected":false},"excerpt":{"rendered":"<p>A coopera\u00e7\u00e3o ser\u00e1 viabilizada pela Autarquia Municipal de Educa\u00e7\u00e3o (AME), que destinar\u00e1 para a Apae alimentos que integram o card\u00e1pio do programa de merenda escolar<\/p>\n","protected":false},"author":10,"featured_media":9621,"comment_status":"closed","ping_status":"open","sticky":false,"template":"","format":"standard","meta":[],"categories":[9],"tags":[],"_links":{"self":[{"href":"http:\/\/www.apucarana.pr.gov.br\/ame\/wp-json\/wp\/v2\/posts\/9619"}],"collection":[{"href":"http:\/\/www.apucarana.pr.gov.br\/ame\/wp-json\/wp\/v2\/posts"}],"about":[{"href":"http:\/\/www.apucarana.pr.gov.br\/ame\/wp-json\/wp\/v2\/types\/post"}],"author":[{"embeddable":true,"href":"http:\/\/www.apucarana.pr.gov.br\/ame\/wp-json\/wp\/v2\/users\/10"}],"replies":[{"embeddable":true,"href":"http:\/\/www.apucarana.pr.gov.br\/ame\/wp-json\/wp\/v2\/comments?post=9619"}],"version-history":[{"count":1,"href":"http:\/\/www.apucarana.pr.gov.br\/ame\/wp-json\/wp\/v2\/posts\/9619\/revisions"}],"predecessor-version":[{"id":9623,"href":"http:\/\/www.apucarana.pr.gov.br\/ame\/wp-json\/wp\/v2\/posts\/9619\/revisions\/9623"}],"wp:featuredmedia":[{"embeddable":true,"href":"http:\/\/www.apucarana.pr.gov.br\/ame\/wp-json\/wp\/v2\/media\/9621"}],"wp:attachment":[{"href":"http:\/\/www.apucarana.pr.gov.br\/ame\/wp-json\/wp\/v2\/media?parent=9619"}],"wp:term":[{"taxonomy":"category","embeddable":true,"href":"http:\/\/www.apucarana.pr.gov.br\/ame\/wp-json\/wp\/v2\/categories?post=9619"},{"taxonomy":"post_tag","embeddable":true,"href":"http:\/\/www.apucarana.pr.gov.br\/ame\/wp-json\/wp\/v2\/tags?post=9619"}],"curies":[{"name":"wp","href":"https:\/\/api.w.org\/{rel}","templated":true}]}}