{"id":9613,"date":"2021-06-28T16:59:19","date_gmt":"2021-06-28T19:59:19","guid":{"rendered":"http:\/\/www.apucarana.pr.gov.br\/ame\/?p=9613"},"modified":"2024-10-08T09:09:48","modified_gmt":"2024-10-08T12:09:48","slug":"concurso-publico-da-educacao-sera-realizado-no-dia-25-de-julho","status":"publish","type":"post","link":"http:\/\/www.apucarana.pr.gov.br\/ame\/concurso-publico-da-educacao-sera-realizado-no-dia-25-de-julho\/","title":{"rendered":"Concurso p\u00fablico da educa\u00e7\u00e3o ser\u00e1 realizado no dia 25 de julho"},"content":{"rendered":"<p>Em reuni\u00e3o realizada na manh\u00e3 de hoje (28\/6) no gabinete do executivo, o prefeito Junior da Femac e a secret\u00e1ria Marli Fernandes confirmaram que as provas objetivas e de reda\u00e7\u00e3o do concurso p\u00fablico da Autarquia Municipal de Educa\u00e7\u00e3o ser\u00e3o realizadas no pr\u00f3ximo dia 25 de julho. Ao todo, 2.150 candidatos est\u00e3o inscritos no certame, que oferece 15 vagas para o cargo de professor e cadastro de reserva para assistente infantil.<\/p>\n<p>\u201cA aplica\u00e7\u00e3o dos testes deveria ter acontecido em mar\u00e7o do ano passado, mas o cronograma do concurso foi suspenso em virtude da chegada da pandemia de Covid-19 ao Brasil. N\u00f3s adiamos ao m\u00e1ximo a realiza\u00e7\u00e3o das provas, preocupados em preservar a sa\u00fade dos candidatos e suas fam\u00edlias. Por\u00e9m, tendo em vista que a vacina\u00e7\u00e3o est\u00e1 avan\u00e7ando satisfatoriamente e que as escolas precisam estar com seus quadros de funcion\u00e1rios completos para a volta \u00e0s aulas presenciais, decidimos dar sequ\u00eancia ao certame neste momento,\u201d explicou o prefeito.<\/p>\n<p>A secret\u00e1ria de educa\u00e7\u00e3o, Marli Fernandes, destaca que todos os protocolos sanit\u00e1rios estabelecidos pela Secretaria de Estado da Sa\u00fade (SESA) devem ser seguidos \u00e0 risca durante a realiza\u00e7\u00e3o do concurso p\u00fablico.<\/p>\n<p>\u201cEntre outras medidas preventivas, o edital n\u00ba 004\/2021 prev\u00ea que as provas sejam aplicadas em dois turnos, no per\u00edodo matutino para o cargo de professor e no vespertino para assistente infantil. Os candidatos tamb\u00e9m ter\u00e3o a temperatura aferida ao ingressarem nas salas e devem utilizar m\u00e1scara, cobrindo a boca e o nariz, durante todo o tempo em que permanecerem nos locais de prova. Al\u00e9m disso, a empresa organizadora do concurso far\u00e1 a limpeza das mesas e carteiras antes e depois de cada turno, sinalizar\u00e1 o distanciamento m\u00ednimo de 1,5 metro entre as pessoas, disponibilizar\u00e1 \u00e1lcool em gel em todos os ambientes e sab\u00e3o l\u00edquido e toalhas de papel nos sanit\u00e1rios,\u201d detalhou.<\/p>\n<p>A Funda\u00e7\u00e3o de Apoio ao Desenvolvimento da Universidade Estadual de Londrina (FAUEL) \u00e9 a institui\u00e7\u00e3o contratada para organizar o certame. \u201cPedimos que os candidatos fiquem atentos, pois o edital de ensalamento dever\u00e1 ser divulgado no dia 9 de julho\u201d, adiantou o prefeito.<\/p>\n<p>Para acompanhar todas as publica\u00e7\u00f5es referentes ao concurso p\u00fablico da Autarquia Municipal de Educa\u00e7\u00e3o, os inscritos devem acessar: <a href=\"http:\/\/sys.apucarana.pr.gov.br\/apucarana-pr\/FWLocal\/editais_concursos\/\">http:\/\/sys.apucarana.pr.gov.br\/apucarana-pr\/FWLocal\/editais_concursos\/<\/a>.<\/p>\n<div class = 'socialMediaOnEveryPost'>Compartilhe<div id=\"sgmbShare1-1\" class=\"sgmbShare jssocials-theme-classic sgmbWidget1-1\"><\/div><div class=\"dropdownWrapper dropdownWrapper1 dropdownWrapper-for-widget \" id=\"dropdownWrapper-for-widget\">\r\n\t\t\t\t\t\t<div class=\"dropdownLabel\" id=\"dropdownLabel-share-list\"><span class=\"sgmbButtonListLabel1\">Share List<\/span><\/div>\r\n\t\t\t\t\t\t<div class=\"dropdownPanel dropdownPanel1-1\">\r\n\t\t\t\t\t\t<\/div>\r\n\t\t\t\t\t<\/div><script>  SGMB_URL = \"http:\/\/www.apucarana.pr.gov.br\/ame\/wp-content\/plugins\/social-media-builder\/\"; jQuery(\".dropdownWrapper\").hide(); SGMB_GOOGLE_ACOUNT = \"\"; <\/script><script type=\"text\/javascript\">\r\n\t\tjQuery(document).ready(function($){var widget = new SGMBWidget();widget.show({\"id\":\"1\",\"title\":\"Face\\\/Twitter\",\"options\":{\"currentUrl\":\"1\",\"url\":\"\",\"shareText\":\"\",\"fontSize\":\"14\",\"betweenButtons\":\"1px\",\"theme\":\"classic\",\"sgmbButtonsPosition\":\"bottomLeft\",\"socialTheme\":\"\",\"icon\":\"default\",\"buttonsPanelEffect\":\"No Effect\",\"buttonsEffect\":\"No Effect\",\"iconsEffect\":\"No Effect\",\"buttons\":\"{\\\"facebook\\\":{\\\"label\\\":\\\"Share\\\",\\\"icon\\\":\\\"default-facebook\\\"},\\\"twitter\\\":{\\\"label\\\":\\\"Tweet\\\",\\\"icon\\\":\\\"default-twitter\\\",\\\"via\\\":\\\"\\\",\\\"hashtags\\\":\\\"\\\"}}\",\"roundButton\":\"\",\"showLabels\":\"\",\"showCounts\":\"\",\"showCenter\":\"\",\"showButtonsAsList\":\"\",\"sgmbDropdownColor\":\"\",\"sgmbDropdownLabelFontSize\":\"14\",\"sgmbDropdownLabelColor\":\"\",\"showButtonsOnEveryPost\":\"on\",\"selectedOrExcluded\":\"\",\"showButtonsOnEveryPage\":\"\",\"textOnEveryPost\":\"Compartilhe\",\"showButtonsOnCustomPost\":\"\",\"textOnCustomPost\":\"\",\"showButtonsOnMobileDirect\":\"on\",\"showButtonsOnDesktopDirect\":\"on\",\"sgmbSelectedPages\":[\"\"],\"sgmbExcludedPosts\":[\"\"],\"sgmbSelectedCustomPosts\":[],\"showButtonsInPopup\":\"\",\"titleOfPopup\":\"\",\"descriptionOfPopup\":\"\",\"showPopupOnLoad\":\"\",\"showPopupOnScroll\":\"\",\"showPopupOnExit\":\"\",\"openSecondsOfPopup\":\"\",\"googleAnaliticsAccount\":\"\"},\"buttonOptions\":{\"facebook\":{\"label\":\"Share\",\"icon\":\"default-facebook\"},\"twitter\":{\"label\":\"Tweet\",\"icon\":\"default-twitter\",\"via\":\"\",\"hashtags\":\"\"}},\"button\":[\"facebook\",\"twitter\"]}, 1, '', 'http:\/\/www.apucarana.pr.gov.br\/ame\/wp-content\/uploads\/2021\/06\/FOTO-2-scaled.jpg', '', 'http:\/\/www.apucarana.pr.gov.br\/ame\/concurso-publico-da-educacao-sera-realizado-no-dia-25-de-julho\/'); });<\/script><\/div><script> jQuery(\".socialMediaOnEveryPost\").addClass(\"sgmb-left\") <\/script>","protected":false},"excerpt":{"rendered":"<p>A aplica\u00e7\u00e3o das provas objetivas e de reda\u00e7\u00e3o deveria ter acontecido em mar\u00e7o do ano passado, mas o cronograma foi suspenso em virtude da chegada da pandemia de Covid-19 ao Brasil<\/p>\n","protected":false},"author":10,"featured_media":9614,"comment_status":"closed","ping_status":"open","sticky":false,"template":"","format":"standard","meta":[],"categories":[9],"tags":[],"_links":{"self":[{"href":"http:\/\/www.apucarana.pr.gov.br\/ame\/wp-json\/wp\/v2\/posts\/9613"}],"collection":[{"href":"http:\/\/www.apucarana.pr.gov.br\/ame\/wp-json\/wp\/v2\/posts"}],"about":[{"href":"http:\/\/www.apucarana.pr.gov.br\/ame\/wp-json\/wp\/v2\/types\/post"}],"author":[{"embeddable":true,"href":"http:\/\/www.apucarana.pr.gov.br\/ame\/wp-json\/wp\/v2\/users\/10"}],"replies":[{"embeddable":true,"href":"http:\/\/www.apucarana.pr.gov.br\/ame\/wp-json\/wp\/v2\/comments?post=9613"}],"version-history":[{"count":3,"href":"http:\/\/www.apucarana.pr.gov.br\/ame\/wp-json\/wp\/v2\/posts\/9613\/revisions"}],"predecessor-version":[{"id":9617,"href":"http:\/\/www.apucarana.pr.gov.br\/ame\/wp-json\/wp\/v2\/posts\/9613\/revisions\/9617"}],"wp:featuredmedia":[{"embeddable":true,"href":"http:\/\/www.apucarana.pr.gov.br\/ame\/wp-json\/wp\/v2\/media\/9614"}],"wp:attachment":[{"href":"http:\/\/www.apucarana.pr.gov.br\/ame\/wp-json\/wp\/v2\/media?parent=9613"}],"wp:term":[{"taxonomy":"category","embeddable":true,"href":"http:\/\/www.apucarana.pr.gov.br\/ame\/wp-json\/wp\/v2\/categories?post=9613"},{"taxonomy":"post_tag","embeddable":true,"href":"http:\/\/www.apucarana.pr.gov.br\/ame\/wp-json\/wp\/v2\/tags?post=9613"}],"curies":[{"name":"wp","href":"https:\/\/api.w.org\/{rel}","templated":true}]}}