{"id":9603,"date":"2021-06-25T18:32:52","date_gmt":"2021-06-25T21:32:52","guid":{"rendered":"http:\/\/www.apucarana.pr.gov.br\/ame\/?p=9603"},"modified":"2024-10-08T09:09:48","modified_gmt":"2024-10-08T12:09:48","slug":"autarquia-de-educacao-reforca-a-busca-ativa-por-alunos-em-apucarana","status":"publish","type":"post","link":"http:\/\/www.apucarana.pr.gov.br\/ame\/autarquia-de-educacao-reforca-a-busca-ativa-por-alunos-em-apucarana\/","title":{"rendered":"Autarquia de Educa\u00e7\u00e3o refor\u00e7a a busca ativa por alunos em Apucarana"},"content":{"rendered":"<p>A Prefeitura de Apucarana, por meio da Autarquia Municipal de Educa\u00e7\u00e3o, est\u00e1 refor\u00e7ando a busca ativa por alunos que se encontram fora da escola. Desde ontem (24\/6), os diretores, coordenadores e professores v\u00eam colando cartazes no com\u00e9rcio e distribuindo panfletos na comunidade, com o objetivo de conscientizar os pais sobre a necessidade de seus filhos continuarem assistindo \u00e0s aulas e realizando as atividades letivas, mesmo no ensino remoto.<\/p>\n<p>\u201cDesde que a pandemia de Covid-19 come\u00e7ou, em mar\u00e7o do ano passado, a secret\u00e1ria Marli Fernandes e a equipe da educa\u00e7\u00e3o v\u00eam trabalhando com afinco para que nenhum aluno perca o v\u00ednculo com a escola. Quando percebem que alguma crian\u00e7a n\u00e3o est\u00e1 acessando a plataforma Google Sala de Aula, os diretores entram em contato imediatamente com a fam\u00edlia. Se necess\u00e1rio, eles v\u00e3o at\u00e9 a casa do aluno para ajudar na instala\u00e7\u00e3o e configura\u00e7\u00e3o do aplicativo. Gra\u00e7as a esse esfor\u00e7o, a evas\u00e3o escolar \u00e9 baixa na rede municipal de Apucarana,\u201d afirmou o prefeito Junior da Femac.<\/p>\n<p>Segundo a secret\u00e1ria Marli Fernandes, as a\u00e7\u00f5es realizadas nesta semana fazem parte da campanha Fora da Escola N\u00e3o Pode!, organizada pelo Fundo das Na\u00e7\u00f5es Unidas para a Inf\u00e2ncia (Unicef), em parceria com a Uni\u00e3o Nacional dos Dirigentes Municipais de Educa\u00e7\u00e3o (Undime), o Conselho Nacional de Secretarias Municipais de Sa\u00fade (Conasems) e o Colegiado Nacional de Gestores Municipais de Assist\u00eancia Social (Congemas).<\/p>\n<p>\u201cA pandemia de Covid-19 imp\u00f4s grandes desafios para as escolas. Os professores, por exemplo, tiveram que aprender a utilizar novas plataformas educacionais em tempo recorde e os alunos precisaram se adaptar ao ensino remoto. Neste contexto at\u00edpico, o apoio das fam\u00edlias \u00e9 imprescind\u00edvel para que as crian\u00e7as continuem aprendendo satisfatoriamente. N\u00f3s entendemos que muitos pais trabalham o dia inteiro fora e chegam exaustos \u00e0s suas casas, mas pedimos que eles continuem incentivando e ajudando seus filhos a realizarem as atividades letivas. A educa\u00e7\u00e3o \u00e9 a melhor heran\u00e7a que voc\u00eas podem deixar para eles,\u201d disse a secret\u00e1ria.<\/p>\n<div class = 'socialMediaOnEveryPost'>Compartilhe<div id=\"sgmbShare1-1\" class=\"sgmbShare jssocials-theme-classic sgmbWidget1-1\"><\/div><div class=\"dropdownWrapper dropdownWrapper1 dropdownWrapper-for-widget \" id=\"dropdownWrapper-for-widget\">\r\n\t\t\t\t\t\t<div class=\"dropdownLabel\" id=\"dropdownLabel-share-list\"><span class=\"sgmbButtonListLabel1\">Share List<\/span><\/div>\r\n\t\t\t\t\t\t<div class=\"dropdownPanel dropdownPanel1-1\">\r\n\t\t\t\t\t\t<\/div>\r\n\t\t\t\t\t<\/div><script>  SGMB_URL = \"http:\/\/www.apucarana.pr.gov.br\/ame\/wp-content\/plugins\/social-media-builder\/\"; jQuery(\".dropdownWrapper\").hide(); SGMB_GOOGLE_ACOUNT = \"\"; <\/script><script type=\"text\/javascript\">\r\n\t\tjQuery(document).ready(function($){var widget = new SGMBWidget();widget.show({\"id\":\"1\",\"title\":\"Face\\\/Twitter\",\"options\":{\"currentUrl\":\"1\",\"url\":\"\",\"shareText\":\"\",\"fontSize\":\"14\",\"betweenButtons\":\"1px\",\"theme\":\"classic\",\"sgmbButtonsPosition\":\"bottomLeft\",\"socialTheme\":\"\",\"icon\":\"default\",\"buttonsPanelEffect\":\"No Effect\",\"buttonsEffect\":\"No Effect\",\"iconsEffect\":\"No Effect\",\"buttons\":\"{\\\"facebook\\\":{\\\"label\\\":\\\"Share\\\",\\\"icon\\\":\\\"default-facebook\\\"},\\\"twitter\\\":{\\\"label\\\":\\\"Tweet\\\",\\\"icon\\\":\\\"default-twitter\\\",\\\"via\\\":\\\"\\\",\\\"hashtags\\\":\\\"\\\"}}\",\"roundButton\":\"\",\"showLabels\":\"\",\"showCounts\":\"\",\"showCenter\":\"\",\"showButtonsAsList\":\"\",\"sgmbDropdownColor\":\"\",\"sgmbDropdownLabelFontSize\":\"14\",\"sgmbDropdownLabelColor\":\"\",\"showButtonsOnEveryPost\":\"on\",\"selectedOrExcluded\":\"\",\"showButtonsOnEveryPage\":\"\",\"textOnEveryPost\":\"Compartilhe\",\"showButtonsOnCustomPost\":\"\",\"textOnCustomPost\":\"\",\"showButtonsOnMobileDirect\":\"on\",\"showButtonsOnDesktopDirect\":\"on\",\"sgmbSelectedPages\":[\"\"],\"sgmbExcludedPosts\":[\"\"],\"sgmbSelectedCustomPosts\":[],\"showButtonsInPopup\":\"\",\"titleOfPopup\":\"\",\"descriptionOfPopup\":\"\",\"showPopupOnLoad\":\"\",\"showPopupOnScroll\":\"\",\"showPopupOnExit\":\"\",\"openSecondsOfPopup\":\"\",\"googleAnaliticsAccount\":\"\"},\"buttonOptions\":{\"facebook\":{\"label\":\"Share\",\"icon\":\"default-facebook\"},\"twitter\":{\"label\":\"Tweet\",\"icon\":\"default-twitter\",\"via\":\"\",\"hashtags\":\"\"}},\"button\":[\"facebook\",\"twitter\"]}, 1, '', 'http:\/\/www.apucarana.pr.gov.br\/ame\/wp-content\/uploads\/2021\/06\/CARTAZES-BUSCA-ATIVA-ESCOLAR.jpg', '', 'http:\/\/www.apucarana.pr.gov.br\/ame\/autarquia-de-educacao-reforca-a-busca-ativa-por-alunos-em-apucarana\/'); });<\/script><\/div><script> jQuery(\".socialMediaOnEveryPost\").addClass(\"sgmb-left\") <\/script>","protected":false},"excerpt":{"rendered":"<p>Desde ontem (24\/6), os diretores, coordenadores e professores v\u00eam colando cartazes no com\u00e9rcio, distribuindo panfletos nas ruas e conscientizando os pais sobre a necessidade de seus filhos continuarem assistindo \u00e0s aulas, mesmo que remotamente<\/p>\n","protected":false},"author":10,"featured_media":9604,"comment_status":"closed","ping_status":"open","sticky":false,"template":"","format":"standard","meta":[],"categories":[9],"tags":[],"_links":{"self":[{"href":"http:\/\/www.apucarana.pr.gov.br\/ame\/wp-json\/wp\/v2\/posts\/9603"}],"collection":[{"href":"http:\/\/www.apucarana.pr.gov.br\/ame\/wp-json\/wp\/v2\/posts"}],"about":[{"href":"http:\/\/www.apucarana.pr.gov.br\/ame\/wp-json\/wp\/v2\/types\/post"}],"author":[{"embeddable":true,"href":"http:\/\/www.apucarana.pr.gov.br\/ame\/wp-json\/wp\/v2\/users\/10"}],"replies":[{"embeddable":true,"href":"http:\/\/www.apucarana.pr.gov.br\/ame\/wp-json\/wp\/v2\/comments?post=9603"}],"version-history":[{"count":1,"href":"http:\/\/www.apucarana.pr.gov.br\/ame\/wp-json\/wp\/v2\/posts\/9603\/revisions"}],"predecessor-version":[{"id":9612,"href":"http:\/\/www.apucarana.pr.gov.br\/ame\/wp-json\/wp\/v2\/posts\/9603\/revisions\/9612"}],"wp:featuredmedia":[{"embeddable":true,"href":"http:\/\/www.apucarana.pr.gov.br\/ame\/wp-json\/wp\/v2\/media\/9604"}],"wp:attachment":[{"href":"http:\/\/www.apucarana.pr.gov.br\/ame\/wp-json\/wp\/v2\/media?parent=9603"}],"wp:term":[{"taxonomy":"category","embeddable":true,"href":"http:\/\/www.apucarana.pr.gov.br\/ame\/wp-json\/wp\/v2\/categories?post=9603"},{"taxonomy":"post_tag","embeddable":true,"href":"http:\/\/www.apucarana.pr.gov.br\/ame\/wp-json\/wp\/v2\/tags?post=9603"}],"curies":[{"name":"wp","href":"https:\/\/api.w.org\/{rel}","templated":true}]}}