{"id":9601,"date":"2021-06-22T14:48:33","date_gmt":"2021-06-22T17:48:33","guid":{"rendered":"http:\/\/www.apucarana.pr.gov.br\/ame\/?p=9601"},"modified":"2024-10-08T09:09:48","modified_gmt":"2024-10-08T12:09:48","slug":"uel-oferta-curso-de-pos-graduacao-por-meio-do-polo-da-uab-apucarana","status":"publish","type":"post","link":"http:\/\/www.apucarana.pr.gov.br\/ame\/uel-oferta-curso-de-pos-graduacao-por-meio-do-polo-da-uab-apucarana\/","title":{"rendered":"UEL oferta curso de p\u00f3s-gradua\u00e7\u00e3o por meio do Polo da UAB-Apucarana"},"content":{"rendered":"<p>A coordena\u00e7\u00e3o do Polo da UAB \u2013 Apucarana comunica que est\u00e1 com inscri\u00e7\u00f5es abertas, at\u00e9 9 de julho, para o processo seletivo que visa formar uma nova turma do curso de Especializa\u00e7\u00e3o em Ensino de Ingl\u00eas para Crian\u00e7as. A p\u00f3s-gradua\u00e7\u00e3o ser\u00e1 ofertada na modalidade de educa\u00e7\u00e3o a dist\u00e2ncia (EAD), em parceria com a Universidade Estadual de Londrina.<\/p>\n<p>Nesta oferta, a UEL est\u00e1 destinando quinze vagas para o munic\u00edpio de Apucarana. O p\u00fablico-alvo s\u00e3o os professores, graduados em Letras ou Pedagogia, que apresentem profici\u00eancia (compreens\u00e3o oral e escrita) em l\u00edngua inglesa, pois o curso ser\u00e1 em grande parte ministrado neste idioma.<\/p>\n<p>O prefeito Junior da Femac lembra que o ensino de ingl\u00eas faz parte do curr\u00edculo escolar da rede municipal de Apucarana desde 2014. \u201cAs turmas do Pr\u00e9 ao 5\u00ba ano assistem aulas semanais da disciplina, que s\u00e3o ministradas de forma bastante l\u00fadica pelos professores, por meio de jogos, brincadeiras e m\u00fasicas. Posteriormente, em 2020, n\u00f3s ainda acrescentamos o ensino de espanhol ao curr\u00edculo. O nosso objetivo \u00e9 oferecer a melhor forma\u00e7\u00e3o poss\u00edvel \u00e0s crian\u00e7as, de tal forma a ampliar o horizonte profissional delas no futuro,\u201d disse.<\/p>\n<p>\u201cPor isso, n\u00f3s incentivamos fortemente os professores da rede municipal apucaranense a participarem desse processo seletivo. A Universidade Estadual de Londrina \u00e9 uma institui\u00e7\u00e3o de ensino superior renomada, cujos cursos de gradua\u00e7\u00e3o e especializa\u00e7\u00e3o t\u00eam excelente qualidade,\u201d acrescentou a secret\u00e1ria de educa\u00e7\u00e3o, Marli Fernandes.<\/p>\n<p>A coordenadora do Polo da UAB-Apucarana, Sueli Gomes R\u00eais Gon\u00e7alves, destaca que a especializa\u00e7\u00e3o em Ensino de Ingl\u00eas para Crian\u00e7as tem carga hor\u00e1ria prevista de 435 horas. \u201cO curso \u00e9 totalmente gratuito, por\u00e9m o candidato precisa recolher uma taxa de inscri\u00e7\u00e3o no valor de R$ 81,00 para participar do processo seletivo,\u201d afirmou.<\/p>\n<p>O edital completo pode ser conferido por meio do seguinte endere\u00e7o eletr\u00f4nico: <a href=\"https:\/\/df3719a2-4f6c-48ba-8bb4-328b84ea2b8f.filesusr.com\/ugd\/cde821_105f66f84b3045f2815b94bb2ec0172a.pdf\">https:\/\/df3719a2-4f6c-48ba-8bb4-328b84ea2b8f.filesusr.com\/ugd\/cde821_105f66f84b3045f2815b94bb2ec0172a.pdf<\/a> .<\/p>\n<div class = 'socialMediaOnEveryPost'>Compartilhe<div id=\"sgmbShare1-1\" class=\"sgmbShare jssocials-theme-classic sgmbWidget1-1\"><\/div><div class=\"dropdownWrapper dropdownWrapper1 dropdownWrapper-for-widget \" id=\"dropdownWrapper-for-widget\">\r\n\t\t\t\t\t\t<div class=\"dropdownLabel\" id=\"dropdownLabel-share-list\"><span class=\"sgmbButtonListLabel1\">Share List<\/span><\/div>\r\n\t\t\t\t\t\t<div class=\"dropdownPanel dropdownPanel1-1\">\r\n\t\t\t\t\t\t<\/div>\r\n\t\t\t\t\t<\/div><script>  SGMB_URL = \"http:\/\/www.apucarana.pr.gov.br\/ame\/wp-content\/plugins\/social-media-builder\/\"; jQuery(\".dropdownWrapper\").hide(); SGMB_GOOGLE_ACOUNT = \"\"; <\/script><script type=\"text\/javascript\">\r\n\t\tjQuery(document).ready(function($){var widget = new SGMBWidget();widget.show({\"id\":\"1\",\"title\":\"Face\\\/Twitter\",\"options\":{\"currentUrl\":\"1\",\"url\":\"\",\"shareText\":\"\",\"fontSize\":\"14\",\"betweenButtons\":\"1px\",\"theme\":\"classic\",\"sgmbButtonsPosition\":\"bottomLeft\",\"socialTheme\":\"\",\"icon\":\"default\",\"buttonsPanelEffect\":\"No Effect\",\"buttonsEffect\":\"No Effect\",\"iconsEffect\":\"No Effect\",\"buttons\":\"{\\\"facebook\\\":{\\\"label\\\":\\\"Share\\\",\\\"icon\\\":\\\"default-facebook\\\"},\\\"twitter\\\":{\\\"label\\\":\\\"Tweet\\\",\\\"icon\\\":\\\"default-twitter\\\",\\\"via\\\":\\\"\\\",\\\"hashtags\\\":\\\"\\\"}}\",\"roundButton\":\"\",\"showLabels\":\"\",\"showCounts\":\"\",\"showCenter\":\"\",\"showButtonsAsList\":\"\",\"sgmbDropdownColor\":\"\",\"sgmbDropdownLabelFontSize\":\"14\",\"sgmbDropdownLabelColor\":\"\",\"showButtonsOnEveryPost\":\"on\",\"selectedOrExcluded\":\"\",\"showButtonsOnEveryPage\":\"\",\"textOnEveryPost\":\"Compartilhe\",\"showButtonsOnCustomPost\":\"\",\"textOnCustomPost\":\"\",\"showButtonsOnMobileDirect\":\"on\",\"showButtonsOnDesktopDirect\":\"on\",\"sgmbSelectedPages\":[\"\"],\"sgmbExcludedPosts\":[\"\"],\"sgmbSelectedCustomPosts\":[],\"showButtonsInPopup\":\"\",\"titleOfPopup\":\"\",\"descriptionOfPopup\":\"\",\"showPopupOnLoad\":\"\",\"showPopupOnScroll\":\"\",\"showPopupOnExit\":\"\",\"openSecondsOfPopup\":\"\",\"googleAnaliticsAccount\":\"\"},\"buttonOptions\":{\"facebook\":{\"label\":\"Share\",\"icon\":\"default-facebook\"},\"twitter\":{\"label\":\"Tweet\",\"icon\":\"default-twitter\",\"via\":\"\",\"hashtags\":\"\"}},\"button\":[\"facebook\",\"twitter\"]}, 1, '', 'http:\/\/www.apucarana.pr.gov.br\/ame\/wp-content\/uploads\/2019\/04\/POLOEDSON-DENOBI06.jpg', '', 'http:\/\/www.apucarana.pr.gov.br\/ame\/uel-oferta-curso-de-pos-graduacao-por-meio-do-polo-da-uab-apucarana\/'); });<\/script><\/div><script> jQuery(\".socialMediaOnEveryPost\").addClass(\"sgmb-left\") <\/script>","protected":false},"excerpt":{"rendered":"<p>Os interessados em fazer a Especializa\u00e7\u00e3o em Ensino de Ingl\u00eas para Crian\u00e7as devem realizar a inscri\u00e7\u00e3o, exclusivamente por meio da internet, at\u00e9 9 de julho  <\/p>\n","protected":false},"author":10,"featured_media":8156,"comment_status":"closed","ping_status":"open","sticky":false,"template":"","format":"standard","meta":[],"categories":[9],"tags":[],"_links":{"self":[{"href":"http:\/\/www.apucarana.pr.gov.br\/ame\/wp-json\/wp\/v2\/posts\/9601"}],"collection":[{"href":"http:\/\/www.apucarana.pr.gov.br\/ame\/wp-json\/wp\/v2\/posts"}],"about":[{"href":"http:\/\/www.apucarana.pr.gov.br\/ame\/wp-json\/wp\/v2\/types\/post"}],"author":[{"embeddable":true,"href":"http:\/\/www.apucarana.pr.gov.br\/ame\/wp-json\/wp\/v2\/users\/10"}],"replies":[{"embeddable":true,"href":"http:\/\/www.apucarana.pr.gov.br\/ame\/wp-json\/wp\/v2\/comments?post=9601"}],"version-history":[{"count":1,"href":"http:\/\/www.apucarana.pr.gov.br\/ame\/wp-json\/wp\/v2\/posts\/9601\/revisions"}],"predecessor-version":[{"id":9602,"href":"http:\/\/www.apucarana.pr.gov.br\/ame\/wp-json\/wp\/v2\/posts\/9601\/revisions\/9602"}],"wp:featuredmedia":[{"embeddable":true,"href":"http:\/\/www.apucarana.pr.gov.br\/ame\/wp-json\/wp\/v2\/media\/8156"}],"wp:attachment":[{"href":"http:\/\/www.apucarana.pr.gov.br\/ame\/wp-json\/wp\/v2\/media?parent=9601"}],"wp:term":[{"taxonomy":"category","embeddable":true,"href":"http:\/\/www.apucarana.pr.gov.br\/ame\/wp-json\/wp\/v2\/categories?post=9601"},{"taxonomy":"post_tag","embeddable":true,"href":"http:\/\/www.apucarana.pr.gov.br\/ame\/wp-json\/wp\/v2\/tags?post=9601"}],"curies":[{"name":"wp","href":"https:\/\/api.w.org\/{rel}","templated":true}]}}