{"id":9593,"date":"2021-06-09T16:43:01","date_gmt":"2021-06-09T19:43:01","guid":{"rendered":"http:\/\/www.apucarana.pr.gov.br\/ame\/?p=9593"},"modified":"2024-10-08T09:09:49","modified_gmt":"2024-10-08T12:09:49","slug":"prefeito-junior-da-femac-e-secretaria-marli-fernandes-definem-adequacoes-na-nova-sede-da-autarquia-municipal-de-educacao","status":"publish","type":"post","link":"http:\/\/www.apucarana.pr.gov.br\/ame\/prefeito-junior-da-femac-e-secretaria-marli-fernandes-definem-adequacoes-na-nova-sede-da-autarquia-municipal-de-educacao\/","title":{"rendered":"Prefeito Junior da Femac e secret\u00e1ria Marli Fernandes definem adequa\u00e7\u00f5es na nova sede da Autarquia Municipal de Educa\u00e7\u00e3o"},"content":{"rendered":"<p>O prefeito Junior da Femac reuniu-se, na manh\u00e3 de hoje (9\/5), com a secret\u00e1ria de educa\u00e7\u00e3o Marli Fernandes para definir algumas adequa\u00e7\u00f5es que precisam ser realizadas no novo espa\u00e7o da Autarquia Municipal de Educa\u00e7\u00e3o (AME). A sede pr\u00f3pria do \u00f3rg\u00e3o foi adquirida recentemente pela administra\u00e7\u00e3o e est\u00e1 localizada \u00e0 Avenida Jaboti, n\u00ba 195, na Vila Santo In\u00e1cio II.<\/p>\n<p>\u201cCom a compra desse im\u00f3vel, n\u00f3s estamos promovendo a mudan\u00e7a de endere\u00e7o das autarquias de Educa\u00e7\u00e3o e da Sa\u00fade, e consequentemente abriremos espa\u00e7o para a constru\u00e7\u00e3o do novo Hospital de Apucarana. Al\u00e9m disso, economizaremos no pagamento de dois alugu\u00e9is, referentes aos pr\u00e9dios onde hoje funcionam a Vigil\u00e2ncia Sanit\u00e1ria e a Epidemiologia e o almoxarifado da sa\u00fade,\u201d disse o prefeito.<\/p>\n<p>A secret\u00e1ria de educa\u00e7\u00e3o, Marli Fernandes, detalhou as melhorias que ser\u00e3o feitas. \u201cTratam-se de adequa\u00e7\u00f5es no acesso ao pr\u00e9dio e no estacionamento, para facilitar a entrada e a manobra dos ve\u00edculos da nossa frota, que incluem vans, \u00f4nibus e caminh\u00f5es,\u201d afirmou.<\/p>\n<p>A nova sede da Autarquia Municipal de Educa\u00e7\u00e3o possui terreno de 6.540,37 m<sup>2<\/sup> e \u00e1rea constru\u00edda de 1.277,53 m<sup>2<\/sup>.<\/p>\n<p>Participaram tamb\u00e9m do encontro na manh\u00e3 de hoje (9\/6), a superintendente operacional da AME, Ana Paula Cunha, a superintendente de engenharia e obras da AME, Miriam Elena Favaretto Corbacho, e representantes da Secretaria Municipal de Obras.<\/p>\n<div class = 'socialMediaOnEveryPost'>Compartilhe<div id=\"sgmbShare1-1\" class=\"sgmbShare jssocials-theme-classic sgmbWidget1-1\"><\/div><div class=\"dropdownWrapper dropdownWrapper1 dropdownWrapper-for-widget \" id=\"dropdownWrapper-for-widget\">\r\n\t\t\t\t\t\t<div class=\"dropdownLabel\" id=\"dropdownLabel-share-list\"><span class=\"sgmbButtonListLabel1\">Share List<\/span><\/div>\r\n\t\t\t\t\t\t<div class=\"dropdownPanel dropdownPanel1-1\">\r\n\t\t\t\t\t\t<\/div>\r\n\t\t\t\t\t<\/div><script>  SGMB_URL = \"http:\/\/www.apucarana.pr.gov.br\/ame\/wp-content\/plugins\/social-media-builder\/\"; jQuery(\".dropdownWrapper\").hide(); SGMB_GOOGLE_ACOUNT = \"\"; <\/script><script type=\"text\/javascript\">\r\n\t\tjQuery(document).ready(function($){var widget = new SGMBWidget();widget.show({\"id\":\"1\",\"title\":\"Face\\\/Twitter\",\"options\":{\"currentUrl\":\"1\",\"url\":\"\",\"shareText\":\"\",\"fontSize\":\"14\",\"betweenButtons\":\"1px\",\"theme\":\"classic\",\"sgmbButtonsPosition\":\"bottomLeft\",\"socialTheme\":\"\",\"icon\":\"default\",\"buttonsPanelEffect\":\"No Effect\",\"buttonsEffect\":\"No Effect\",\"iconsEffect\":\"No Effect\",\"buttons\":\"{\\\"facebook\\\":{\\\"label\\\":\\\"Share\\\",\\\"icon\\\":\\\"default-facebook\\\"},\\\"twitter\\\":{\\\"label\\\":\\\"Tweet\\\",\\\"icon\\\":\\\"default-twitter\\\",\\\"via\\\":\\\"\\\",\\\"hashtags\\\":\\\"\\\"}}\",\"roundButton\":\"\",\"showLabels\":\"\",\"showCounts\":\"\",\"showCenter\":\"\",\"showButtonsAsList\":\"\",\"sgmbDropdownColor\":\"\",\"sgmbDropdownLabelFontSize\":\"14\",\"sgmbDropdownLabelColor\":\"\",\"showButtonsOnEveryPost\":\"on\",\"selectedOrExcluded\":\"\",\"showButtonsOnEveryPage\":\"\",\"textOnEveryPost\":\"Compartilhe\",\"showButtonsOnCustomPost\":\"\",\"textOnCustomPost\":\"\",\"showButtonsOnMobileDirect\":\"on\",\"showButtonsOnDesktopDirect\":\"on\",\"sgmbSelectedPages\":[\"\"],\"sgmbExcludedPosts\":[\"\"],\"sgmbSelectedCustomPosts\":[],\"showButtonsInPopup\":\"\",\"titleOfPopup\":\"\",\"descriptionOfPopup\":\"\",\"showPopupOnLoad\":\"\",\"showPopupOnScroll\":\"\",\"showPopupOnExit\":\"\",\"openSecondsOfPopup\":\"\",\"googleAnaliticsAccount\":\"\"},\"buttonOptions\":{\"facebook\":{\"label\":\"Share\",\"icon\":\"default-facebook\"},\"twitter\":{\"label\":\"Tweet\",\"icon\":\"default-twitter\",\"via\":\"\",\"hashtags\":\"\"}},\"button\":[\"facebook\",\"twitter\"]}, 1, '', 'http:\/\/www.apucarana.pr.gov.br\/ame\/wp-content\/uploads\/2021\/06\/VISITA-A-SEDE-DA-AME.jpg', '', 'http:\/\/www.apucarana.pr.gov.br\/ame\/prefeito-junior-da-femac-e-secretaria-marli-fernandes-definem-adequacoes-na-nova-sede-da-autarquia-municipal-de-educacao\/'); });<\/script><\/div><script> jQuery(\".socialMediaOnEveryPost\").addClass(\"sgmb-left\") <\/script>","protected":false},"excerpt":{"rendered":"<p>As melhorias ser\u00e3o realizadas no acesso ao pr\u00e9dio e no estacionamento, para facilitar a entrada e manobra dos ve\u00edculos da frota oficial<\/p>\n","protected":false},"author":10,"featured_media":9598,"comment_status":"closed","ping_status":"open","sticky":false,"template":"","format":"standard","meta":[],"categories":[9],"tags":[],"_links":{"self":[{"href":"http:\/\/www.apucarana.pr.gov.br\/ame\/wp-json\/wp\/v2\/posts\/9593"}],"collection":[{"href":"http:\/\/www.apucarana.pr.gov.br\/ame\/wp-json\/wp\/v2\/posts"}],"about":[{"href":"http:\/\/www.apucarana.pr.gov.br\/ame\/wp-json\/wp\/v2\/types\/post"}],"author":[{"embeddable":true,"href":"http:\/\/www.apucarana.pr.gov.br\/ame\/wp-json\/wp\/v2\/users\/10"}],"replies":[{"embeddable":true,"href":"http:\/\/www.apucarana.pr.gov.br\/ame\/wp-json\/wp\/v2\/comments?post=9593"}],"version-history":[{"count":1,"href":"http:\/\/www.apucarana.pr.gov.br\/ame\/wp-json\/wp\/v2\/posts\/9593\/revisions"}],"predecessor-version":[{"id":9599,"href":"http:\/\/www.apucarana.pr.gov.br\/ame\/wp-json\/wp\/v2\/posts\/9593\/revisions\/9599"}],"wp:featuredmedia":[{"embeddable":true,"href":"http:\/\/www.apucarana.pr.gov.br\/ame\/wp-json\/wp\/v2\/media\/9598"}],"wp:attachment":[{"href":"http:\/\/www.apucarana.pr.gov.br\/ame\/wp-json\/wp\/v2\/media?parent=9593"}],"wp:term":[{"taxonomy":"category","embeddable":true,"href":"http:\/\/www.apucarana.pr.gov.br\/ame\/wp-json\/wp\/v2\/categories?post=9593"},{"taxonomy":"post_tag","embeddable":true,"href":"http:\/\/www.apucarana.pr.gov.br\/ame\/wp-json\/wp\/v2\/tags?post=9593"}],"curies":[{"name":"wp","href":"https:\/\/api.w.org\/{rel}","templated":true}]}}