{"id":9577,"date":"2021-05-26T17:38:30","date_gmt":"2021-05-26T20:38:30","guid":{"rendered":"http:\/\/www.apucarana.pr.gov.br\/ame\/?p=9577"},"modified":"2024-10-08T09:09:49","modified_gmt":"2024-10-08T12:09:49","slug":"apucarana-investe-r-12-milhao-em-reforma-e-ampliacao-de-escola-na-vila-formosa","status":"publish","type":"post","link":"http:\/\/www.apucarana.pr.gov.br\/ame\/apucarana-investe-r-12-milhao-em-reforma-e-ampliacao-de-escola-na-vila-formosa\/","title":{"rendered":"Apucarana investe R$ 1,2 milh\u00e3o em reforma e amplia\u00e7\u00e3o de escola na Vila Formosa"},"content":{"rendered":"<p>A Escola Municipal Jo\u00e3o Ant\u00f4nio Braga C\u00f4rtes, situada na Vila Formosa, est\u00e1 passando por completa reforma e amplia\u00e7\u00e3o para melhor atender aos seus mais de quatrocentos alunos. O prefeito Junior da Femac esteve na unidade de ensino, na manh\u00e3 de hoje (26\/5), conferindo o andamento da obra.<\/p>\n<p>\u201cEu acredito que devemos investir fortemente na forma\u00e7\u00e3o das crian\u00e7as se quisermos um futuro promissor para Apucarana. Por isso, a educa\u00e7\u00e3o \u00e9 uma das pastas priorit\u00e1rias na minha gest\u00e3o. A prefeitura est\u00e1 aplicando R$ 1,2 milh\u00e3o somente nesta escola, em recursos pr\u00f3prios, com o intuito de revitalizar todo o pr\u00e9dio, inclusive a quadra esportiva,\u201d disse o prefeito.<\/p>\n<p>A empreiteira Portic Constru\u00e7\u00f5es e Engenharia Eireli, de Apucarana, venceu o processo licitat\u00f3rio e est\u00e1 executando a reforma de 1.677,70 m<sup>2<\/sup> e a amplia\u00e7\u00e3o de 648,86 m<sup>2<\/sup> na Escola Jo\u00e3o Ant\u00f4nio Braga C\u00f4rtes.<\/p>\n<p>A secret\u00e1ria de educa\u00e7\u00e3o, Marli Fernandes, destacou que a capacidade de atendimento da unidade de ensino dever\u00e1 aumentar. \u201cO projeto contempla a demoli\u00e7\u00e3o e a reconstru\u00e7\u00e3o de um bloco com oito salas de aula. As novas classes ser\u00e3o bem mais espa\u00e7osas, iluminadas e arejadas. Com isso, a previs\u00e3o \u00e9 de que o n\u00famero de alunos passe dos atuais 448 para aproximadamente 600,\u201d afirmou.<\/p>\n<p>\u201cA obra come\u00e7ou em janeiro deste ano e j\u00e1 conta com 20% do cronograma executado,\u201d acrescentou a superintendente de engenharia da Autarquia Municipal de Educa\u00e7\u00e3o, Miriam Elena Favaretto Corbacho.<\/p>\n<p>Al\u00e9m dos servi\u00e7os citados, o projeto contempla ainda a adequa\u00e7\u00e3o do setor administrativo e da \u00e1rea de servi\u00e7os, a reorganiza\u00e7\u00e3o da cozinha, do refeit\u00f3rio e do dep\u00f3sito de merenda, a reforma das demais salas de aula, a substitui\u00e7\u00e3o do telhado, a troca dos forros e pisos, a revis\u00e3o da rede el\u00e9trica, a constru\u00e7\u00e3o de vesti\u00e1rios junto \u00e0 quadra esportiva, a instala\u00e7\u00e3o de coberturas e a pintura geral da edifica\u00e7\u00e3o.<\/p>\n<div class = 'socialMediaOnEveryPost'>Compartilhe<div id=\"sgmbShare1-1\" class=\"sgmbShare jssocials-theme-classic sgmbWidget1-1\"><\/div><div class=\"dropdownWrapper dropdownWrapper1 dropdownWrapper-for-widget \" id=\"dropdownWrapper-for-widget\">\r\n\t\t\t\t\t\t<div class=\"dropdownLabel\" id=\"dropdownLabel-share-list\"><span class=\"sgmbButtonListLabel1\">Share List<\/span><\/div>\r\n\t\t\t\t\t\t<div class=\"dropdownPanel dropdownPanel1-1\">\r\n\t\t\t\t\t\t<\/div>\r\n\t\t\t\t\t<\/div><script>  SGMB_URL = \"http:\/\/www.apucarana.pr.gov.br\/ame\/wp-content\/plugins\/social-media-builder\/\"; jQuery(\".dropdownWrapper\").hide(); SGMB_GOOGLE_ACOUNT = \"\"; <\/script><script type=\"text\/javascript\">\r\n\t\tjQuery(document).ready(function($){var widget = new SGMBWidget();widget.show({\"id\":\"1\",\"title\":\"Face\\\/Twitter\",\"options\":{\"currentUrl\":\"1\",\"url\":\"\",\"shareText\":\"\",\"fontSize\":\"14\",\"betweenButtons\":\"1px\",\"theme\":\"classic\",\"sgmbButtonsPosition\":\"bottomLeft\",\"socialTheme\":\"\",\"icon\":\"default\",\"buttonsPanelEffect\":\"No Effect\",\"buttonsEffect\":\"No Effect\",\"iconsEffect\":\"No Effect\",\"buttons\":\"{\\\"facebook\\\":{\\\"label\\\":\\\"Share\\\",\\\"icon\\\":\\\"default-facebook\\\"},\\\"twitter\\\":{\\\"label\\\":\\\"Tweet\\\",\\\"icon\\\":\\\"default-twitter\\\",\\\"via\\\":\\\"\\\",\\\"hashtags\\\":\\\"\\\"}}\",\"roundButton\":\"\",\"showLabels\":\"\",\"showCounts\":\"\",\"showCenter\":\"\",\"showButtonsAsList\":\"\",\"sgmbDropdownColor\":\"\",\"sgmbDropdownLabelFontSize\":\"14\",\"sgmbDropdownLabelColor\":\"\",\"showButtonsOnEveryPost\":\"on\",\"selectedOrExcluded\":\"\",\"showButtonsOnEveryPage\":\"\",\"textOnEveryPost\":\"Compartilhe\",\"showButtonsOnCustomPost\":\"\",\"textOnCustomPost\":\"\",\"showButtonsOnMobileDirect\":\"on\",\"showButtonsOnDesktopDirect\":\"on\",\"sgmbSelectedPages\":[\"\"],\"sgmbExcludedPosts\":[\"\"],\"sgmbSelectedCustomPosts\":[],\"showButtonsInPopup\":\"\",\"titleOfPopup\":\"\",\"descriptionOfPopup\":\"\",\"showPopupOnLoad\":\"\",\"showPopupOnScroll\":\"\",\"showPopupOnExit\":\"\",\"openSecondsOfPopup\":\"\",\"googleAnaliticsAccount\":\"\"},\"buttonOptions\":{\"facebook\":{\"label\":\"Share\",\"icon\":\"default-facebook\"},\"twitter\":{\"label\":\"Tweet\",\"icon\":\"default-twitter\",\"via\":\"\",\"hashtags\":\"\"}},\"button\":[\"facebook\",\"twitter\"]}, 1, '', 'http:\/\/www.apucarana.pr.gov.br\/ame\/wp-content\/uploads\/2021\/05\/ESCOLA-JOAO-ANTONIO-BRAGA-CORTES-1.jpg', '', 'http:\/\/www.apucarana.pr.gov.br\/ame\/apucarana-investe-r-12-milhao-em-reforma-e-ampliacao-de-escola-na-vila-formosa\/'); });<\/script><\/div><script> jQuery(\".socialMediaOnEveryPost\").addClass(\"sgmb-left\") <\/script>","protected":false},"excerpt":{"rendered":"<p>Com a realiza\u00e7\u00e3o da obra, a capacidade de atendimento da Escola Municipal Jo\u00e3o Ant\u00f4nio Braga C\u00f4rtes deve passar de 448 para 600 alunos <\/p>\n","protected":false},"author":10,"featured_media":9578,"comment_status":"closed","ping_status":"open","sticky":false,"template":"","format":"standard","meta":[],"categories":[9],"tags":[],"_links":{"self":[{"href":"http:\/\/www.apucarana.pr.gov.br\/ame\/wp-json\/wp\/v2\/posts\/9577"}],"collection":[{"href":"http:\/\/www.apucarana.pr.gov.br\/ame\/wp-json\/wp\/v2\/posts"}],"about":[{"href":"http:\/\/www.apucarana.pr.gov.br\/ame\/wp-json\/wp\/v2\/types\/post"}],"author":[{"embeddable":true,"href":"http:\/\/www.apucarana.pr.gov.br\/ame\/wp-json\/wp\/v2\/users\/10"}],"replies":[{"embeddable":true,"href":"http:\/\/www.apucarana.pr.gov.br\/ame\/wp-json\/wp\/v2\/comments?post=9577"}],"version-history":[{"count":1,"href":"http:\/\/www.apucarana.pr.gov.br\/ame\/wp-json\/wp\/v2\/posts\/9577\/revisions"}],"predecessor-version":[{"id":9582,"href":"http:\/\/www.apucarana.pr.gov.br\/ame\/wp-json\/wp\/v2\/posts\/9577\/revisions\/9582"}],"wp:featuredmedia":[{"embeddable":true,"href":"http:\/\/www.apucarana.pr.gov.br\/ame\/wp-json\/wp\/v2\/media\/9578"}],"wp:attachment":[{"href":"http:\/\/www.apucarana.pr.gov.br\/ame\/wp-json\/wp\/v2\/media?parent=9577"}],"wp:term":[{"taxonomy":"category","embeddable":true,"href":"http:\/\/www.apucarana.pr.gov.br\/ame\/wp-json\/wp\/v2\/categories?post=9577"},{"taxonomy":"post_tag","embeddable":true,"href":"http:\/\/www.apucarana.pr.gov.br\/ame\/wp-json\/wp\/v2\/tags?post=9577"}],"curies":[{"name":"wp","href":"https:\/\/api.w.org\/{rel}","templated":true}]}}