{"id":9407,"date":"2021-03-09T16:46:27","date_gmt":"2021-03-09T19:46:27","guid":{"rendered":"http:\/\/www.apucarana.pr.gov.br\/ame\/?p=9407"},"modified":"2024-10-08T09:09:50","modified_gmt":"2024-10-08T12:09:50","slug":"cmei-josa-ribeiro-tem-capacidade-de-atendimento-duplicada-apos-reconstrucao-do-predio","status":"publish","type":"post","link":"http:\/\/www.apucarana.pr.gov.br\/ame\/cmei-josa-ribeiro-tem-capacidade-de-atendimento-duplicada-apos-reconstrucao-do-predio\/","title":{"rendered":"CMEI Josa Ribeiro tem capacidade de atendimento duplicada ap\u00f3s reconstru\u00e7\u00e3o do pr\u00e9dio"},"content":{"rendered":"<p>O CMEI Josa Ribeiro, localizado na Vila S\u00e3o Carlos, est\u00e1 pronto para receber os alunos assim que as aulas presenciais forem retomadas na rede municipal de Apucarana. As obras de reconstru\u00e7\u00e3o e amplia\u00e7\u00e3o do pr\u00e9dio j\u00e1 est\u00e3o conclu\u00eddas. O prefeito Junior da Femac esteve no local, na manh\u00e3 de hoje (9\/3), vistoriando os servi\u00e7os realizados.<\/p>\n<p>\u201cN\u00f3s investimos aqui R$ 919 mil. O im\u00f3vel antigo, de 338 m<sup>2<\/sup>, foi demolido e deu lugar a uma nova sede de 690 m<sup>2<\/sup>. Consequentemente, a capacidade de atendimento do centro infantil tamb\u00e9m dobrou, passando de 100 para 200 vagas dispon\u00edveis para a popula\u00e7\u00e3o,\u201d afirmou o gestor.<\/p>\n<p>A secret\u00e1ria municipal de educa\u00e7\u00e3o, Marli Fernandes, destacou que a administra\u00e7\u00e3o municipal ainda investiu outros R$ 835 mil na compra do lote, de 2.380, 50 m<sup>2<\/sup>, onde est\u00e1 localizada a unidade de ensino. \u201cO CMEI Josa Ribeiro funcionou por mais de vinte anos em terreno cedido em regime de comodato pela SOS Ebenezer. N\u00f3s tivemos que resolver a quest\u00e3o da propriedade antes de iniciarmos a obra de reconstru\u00e7\u00e3o do im\u00f3vel,\u201d explicou.<\/p>\n<p>A nova sede do CMEI Josa Ribeiro possui oito salas de aula, lact\u00e1rio, ambiente de higieniza\u00e7\u00e3o, cozinha, refeit\u00f3rio, dep\u00f3sito de merenda, dep\u00f3sito para materiais de limpeza, lavanderia, sanit\u00e1rios espec\u00edficos para alunos e professores, muros em alvenaria e cobertura em policarbonato. \u00a0\u201cO pr\u00e9dio encontra-se adequado \u00e0s normas estipuladas pelo Minist\u00e9rio da Educa\u00e7\u00e3o, Corpo de Bombeiros e Vigil\u00e2ncia Sanit\u00e1ria,\u201d disse a superintendente de engenharia e obras da Autarquia Municipal de Educa\u00e7\u00e3o, Miriam Elena Favaretto Corbacho.<\/p>\n<p>\u201cO CMEI Josa Ribeiro tem uma caracter\u00edstica peculiar que \u00e9 o fato de atender crian\u00e7as de praticamente todos os bairros de Apucarana. Muitas m\u00e3es que trabalham no com\u00e9rcio, na regi\u00e3o central, trazem os filhos e os deixam aos cuidados dos assistentes infantis dessa unidade de ensino. Eu acredito que o melhor investimento que o poder p\u00fablico pode fazer \u00e9 na educa\u00e7\u00e3o, pois as crian\u00e7as representam o futuro da nossa sociedade,\u201d concluiu o prefeito.<\/p>\n<div class = 'socialMediaOnEveryPost'>Compartilhe<div id=\"sgmbShare1-1\" class=\"sgmbShare jssocials-theme-classic sgmbWidget1-1\"><\/div><div class=\"dropdownWrapper dropdownWrapper1 dropdownWrapper-for-widget \" id=\"dropdownWrapper-for-widget\">\r\n\t\t\t\t\t\t<div class=\"dropdownLabel\" id=\"dropdownLabel-share-list\"><span class=\"sgmbButtonListLabel1\">Share List<\/span><\/div>\r\n\t\t\t\t\t\t<div class=\"dropdownPanel dropdownPanel1-1\">\r\n\t\t\t\t\t\t<\/div>\r\n\t\t\t\t\t<\/div><script>  SGMB_URL = \"http:\/\/www.apucarana.pr.gov.br\/ame\/wp-content\/plugins\/social-media-builder\/\"; jQuery(\".dropdownWrapper\").hide(); SGMB_GOOGLE_ACOUNT = \"\"; <\/script><script type=\"text\/javascript\">\r\n\t\tjQuery(document).ready(function($){var widget = new SGMBWidget();widget.show({\"id\":\"1\",\"title\":\"Face\\\/Twitter\",\"options\":{\"currentUrl\":\"1\",\"url\":\"\",\"shareText\":\"\",\"fontSize\":\"14\",\"betweenButtons\":\"1px\",\"theme\":\"classic\",\"sgmbButtonsPosition\":\"bottomLeft\",\"socialTheme\":\"\",\"icon\":\"default\",\"buttonsPanelEffect\":\"No Effect\",\"buttonsEffect\":\"No Effect\",\"iconsEffect\":\"No Effect\",\"buttons\":\"{\\\"facebook\\\":{\\\"label\\\":\\\"Share\\\",\\\"icon\\\":\\\"default-facebook\\\"},\\\"twitter\\\":{\\\"label\\\":\\\"Tweet\\\",\\\"icon\\\":\\\"default-twitter\\\",\\\"via\\\":\\\"\\\",\\\"hashtags\\\":\\\"\\\"}}\",\"roundButton\":\"\",\"showLabels\":\"\",\"showCounts\":\"\",\"showCenter\":\"\",\"showButtonsAsList\":\"\",\"sgmbDropdownColor\":\"\",\"sgmbDropdownLabelFontSize\":\"14\",\"sgmbDropdownLabelColor\":\"\",\"showButtonsOnEveryPost\":\"on\",\"selectedOrExcluded\":\"\",\"showButtonsOnEveryPage\":\"\",\"textOnEveryPost\":\"Compartilhe\",\"showButtonsOnCustomPost\":\"\",\"textOnCustomPost\":\"\",\"showButtonsOnMobileDirect\":\"on\",\"showButtonsOnDesktopDirect\":\"on\",\"sgmbSelectedPages\":[\"\"],\"sgmbExcludedPosts\":[\"\"],\"sgmbSelectedCustomPosts\":[],\"showButtonsInPopup\":\"\",\"titleOfPopup\":\"\",\"descriptionOfPopup\":\"\",\"showPopupOnLoad\":\"\",\"showPopupOnScroll\":\"\",\"showPopupOnExit\":\"\",\"openSecondsOfPopup\":\"\",\"googleAnaliticsAccount\":\"\"},\"buttonOptions\":{\"facebook\":{\"label\":\"Share\",\"icon\":\"default-facebook\"},\"twitter\":{\"label\":\"Tweet\",\"icon\":\"default-twitter\",\"via\":\"\",\"hashtags\":\"\"}},\"button\":[\"facebook\",\"twitter\"]}, 1, '', 'http:\/\/www.apucarana.pr.gov.br\/ame\/wp-content\/uploads\/2021\/03\/CMEI-Josa-Ribeiro-3.jpg', '', 'http:\/\/www.apucarana.pr.gov.br\/ame\/cmei-josa-ribeiro-tem-capacidade-de-atendimento-duplicada-apos-reconstrucao-do-predio\/'); });<\/script><\/div><script> jQuery(\".socialMediaOnEveryPost\").addClass(\"sgmb-left\") <\/script>","protected":false},"excerpt":{"rendered":"<p>A Prefeitura de Apucarana investiu R$ 919 mil na unidade de ensino, que passou de 338 m2 para 690 m2 de \u00e1rea constru\u00edda<\/p>\n","protected":false},"author":10,"featured_media":9410,"comment_status":"closed","ping_status":"open","sticky":false,"template":"","format":"standard","meta":[],"categories":[9],"tags":[],"_links":{"self":[{"href":"http:\/\/www.apucarana.pr.gov.br\/ame\/wp-json\/wp\/v2\/posts\/9407"}],"collection":[{"href":"http:\/\/www.apucarana.pr.gov.br\/ame\/wp-json\/wp\/v2\/posts"}],"about":[{"href":"http:\/\/www.apucarana.pr.gov.br\/ame\/wp-json\/wp\/v2\/types\/post"}],"author":[{"embeddable":true,"href":"http:\/\/www.apucarana.pr.gov.br\/ame\/wp-json\/wp\/v2\/users\/10"}],"replies":[{"embeddable":true,"href":"http:\/\/www.apucarana.pr.gov.br\/ame\/wp-json\/wp\/v2\/comments?post=9407"}],"version-history":[{"count":1,"href":"http:\/\/www.apucarana.pr.gov.br\/ame\/wp-json\/wp\/v2\/posts\/9407\/revisions"}],"predecessor-version":[{"id":9413,"href":"http:\/\/www.apucarana.pr.gov.br\/ame\/wp-json\/wp\/v2\/posts\/9407\/revisions\/9413"}],"wp:featuredmedia":[{"embeddable":true,"href":"http:\/\/www.apucarana.pr.gov.br\/ame\/wp-json\/wp\/v2\/media\/9410"}],"wp:attachment":[{"href":"http:\/\/www.apucarana.pr.gov.br\/ame\/wp-json\/wp\/v2\/media?parent=9407"}],"wp:term":[{"taxonomy":"category","embeddable":true,"href":"http:\/\/www.apucarana.pr.gov.br\/ame\/wp-json\/wp\/v2\/categories?post=9407"},{"taxonomy":"post_tag","embeddable":true,"href":"http:\/\/www.apucarana.pr.gov.br\/ame\/wp-json\/wp\/v2\/tags?post=9407"}],"curies":[{"name":"wp","href":"https:\/\/api.w.org\/{rel}","templated":true}]}}