{"id":9404,"date":"2021-03-08T18:12:05","date_gmt":"2021-03-08T21:12:05","guid":{"rendered":"http:\/\/www.apucarana.pr.gov.br\/ame\/?p=9404"},"modified":"2024-10-08T09:09:50","modified_gmt":"2024-10-08T12:09:50","slug":"educacao-retoma-concurso-publico-que-visa-a-contratacao-de-professores-e-assistentes-infantis","status":"publish","type":"post","link":"http:\/\/www.apucarana.pr.gov.br\/ame\/educacao-retoma-concurso-publico-que-visa-a-contratacao-de-professores-e-assistentes-infantis\/","title":{"rendered":"Educa\u00e7\u00e3o retoma concurso p\u00fablico que visa \u00e0 contrata\u00e7\u00e3o de professores e assistentes infantis"},"content":{"rendered":"<p>Depois de quase um ano de suspens\u00e3o, em decorr\u00eancia da pandemia de Covid-19, a Prefeitura de Apucarana ir\u00e1 retomar os tr\u00e2mites do concurso p\u00fablico que visa \u00e0 contrata\u00e7\u00e3o de professores e assistentes infantis para a rede municipal de ensino. O decreto n\u00ba 154\/2021, do prefeito Junior da Femac, ser\u00e1 publicado nesta ter\u00e7a-feira (9\/3) no Di\u00e1rio Oficial do Munic\u00edpio.<\/p>\n<p>\u201cN\u00f3s decidimos retomar o concurso tendo em vista que as aulas presenciais dever\u00e3o voltar em um futuro pr\u00f3ximo e h\u00e1 necessidade de recompormos o quadro de profissionais dos CMEIs e Escolas,\u201d explicou o prefeito Junior da Femac.<\/p>\n<p>A Funda\u00e7\u00e3o de Apoio ao Desenvolvimento da Universidade Estadual de Londrina (FAUEL) \u00e9 a institui\u00e7\u00e3o contratada para organizar o certame. \u201cO concurso foi interrompido no ano passado na fase de homologa\u00e7\u00e3o das inscri\u00e7\u00f5es. A nova data de aplica\u00e7\u00e3o das provas objetivas dever\u00e1 ser divulgada em breve, mas garantimos aos candidatos que todas as normas de seguran\u00e7a sanit\u00e1ria ser\u00e3o obedecidas \u00e0 risca,\u201d acrescentou a secret\u00e1ria municipal de educa\u00e7\u00e3o, Marli Fernandes.<\/p>\n<p>Ao todo, 2.150 candidatos est\u00e3o aptos a participar do concurso p\u00fablico n\u00ba 001\/2020. O sal\u00e1rio inicial para o cargo de professor (20 horas semanais) \u00e9 de R$ 1.621,86. J\u00e1 os assistentes infantis (40 horas semanais) come\u00e7ar\u00e3o recebendo R$ 3.243,72.<\/p>\n<p>Os candidatos devem acompanhar o andamento do certame, ficando atentos \u00e0 publica\u00e7\u00e3o de novos editais, por meio dos endere\u00e7os: <a href=\"http:\/\/www.fauel.org.br\">www.fauel.org.br<\/a> e <a href=\"http:\/\/sys.apucarana.pr.gov.br\/apucarana-pr\/FWLocal\/editais_concursos\/?concurso=2ame\">http:\/\/sys.apucarana.pr.gov.br\/apucarana-pr\/FWLocal\/editais_concursos\/?concurso=2ame<\/a>.<\/p>\n<div class = 'socialMediaOnEveryPost'>Compartilhe<div id=\"sgmbShare1-1\" class=\"sgmbShare jssocials-theme-classic sgmbWidget1-1\"><\/div><div class=\"dropdownWrapper dropdownWrapper1 dropdownWrapper-for-widget \" id=\"dropdownWrapper-for-widget\">\r\n\t\t\t\t\t\t<div class=\"dropdownLabel\" id=\"dropdownLabel-share-list\"><span class=\"sgmbButtonListLabel1\">Share List<\/span><\/div>\r\n\t\t\t\t\t\t<div class=\"dropdownPanel dropdownPanel1-1\">\r\n\t\t\t\t\t\t<\/div>\r\n\t\t\t\t\t<\/div><script>  SGMB_URL = \"http:\/\/www.apucarana.pr.gov.br\/ame\/wp-content\/plugins\/social-media-builder\/\"; jQuery(\".dropdownWrapper\").hide(); SGMB_GOOGLE_ACOUNT = \"\"; <\/script><script type=\"text\/javascript\">\r\n\t\tjQuery(document).ready(function($){var widget = new SGMBWidget();widget.show({\"id\":\"1\",\"title\":\"Face\\\/Twitter\",\"options\":{\"currentUrl\":\"1\",\"url\":\"\",\"shareText\":\"\",\"fontSize\":\"14\",\"betweenButtons\":\"1px\",\"theme\":\"classic\",\"sgmbButtonsPosition\":\"bottomLeft\",\"socialTheme\":\"\",\"icon\":\"default\",\"buttonsPanelEffect\":\"No Effect\",\"buttonsEffect\":\"No Effect\",\"iconsEffect\":\"No Effect\",\"buttons\":\"{\\\"facebook\\\":{\\\"label\\\":\\\"Share\\\",\\\"icon\\\":\\\"default-facebook\\\"},\\\"twitter\\\":{\\\"label\\\":\\\"Tweet\\\",\\\"icon\\\":\\\"default-twitter\\\",\\\"via\\\":\\\"\\\",\\\"hashtags\\\":\\\"\\\"}}\",\"roundButton\":\"\",\"showLabels\":\"\",\"showCounts\":\"\",\"showCenter\":\"\",\"showButtonsAsList\":\"\",\"sgmbDropdownColor\":\"\",\"sgmbDropdownLabelFontSize\":\"14\",\"sgmbDropdownLabelColor\":\"\",\"showButtonsOnEveryPost\":\"on\",\"selectedOrExcluded\":\"\",\"showButtonsOnEveryPage\":\"\",\"textOnEveryPost\":\"Compartilhe\",\"showButtonsOnCustomPost\":\"\",\"textOnCustomPost\":\"\",\"showButtonsOnMobileDirect\":\"on\",\"showButtonsOnDesktopDirect\":\"on\",\"sgmbSelectedPages\":[\"\"],\"sgmbExcludedPosts\":[\"\"],\"sgmbSelectedCustomPosts\":[],\"showButtonsInPopup\":\"\",\"titleOfPopup\":\"\",\"descriptionOfPopup\":\"\",\"showPopupOnLoad\":\"\",\"showPopupOnScroll\":\"\",\"showPopupOnExit\":\"\",\"openSecondsOfPopup\":\"\",\"googleAnaliticsAccount\":\"\"},\"buttonOptions\":{\"facebook\":{\"label\":\"Share\",\"icon\":\"default-facebook\"},\"twitter\":{\"label\":\"Tweet\",\"icon\":\"default-twitter\",\"via\":\"\",\"hashtags\":\"\"}},\"button\":[\"facebook\",\"twitter\"]}, 1, '', 'http:\/\/www.apucarana.pr.gov.br\/ame\/wp-content\/uploads\/2021\/03\/13567072_1107797522627776_3527639001468252424_n.jpg', '', 'http:\/\/www.apucarana.pr.gov.br\/ame\/educacao-retoma-concurso-publico-que-visa-a-contratacao-de-professores-e-assistentes-infantis\/'); });<\/script><\/div><script> jQuery(\".socialMediaOnEveryPost\").addClass(\"sgmb-left\") <\/script>","protected":false},"excerpt":{"rendered":"<p>O concurso p\u00fablico n\u00ba 001\/2020 foi interrompido no ano passado devido \u00e0 pandemia de Covid-19<\/p>\n","protected":false},"author":10,"featured_media":9405,"comment_status":"closed","ping_status":"open","sticky":false,"template":"","format":"standard","meta":[],"categories":[9],"tags":[],"_links":{"self":[{"href":"http:\/\/www.apucarana.pr.gov.br\/ame\/wp-json\/wp\/v2\/posts\/9404"}],"collection":[{"href":"http:\/\/www.apucarana.pr.gov.br\/ame\/wp-json\/wp\/v2\/posts"}],"about":[{"href":"http:\/\/www.apucarana.pr.gov.br\/ame\/wp-json\/wp\/v2\/types\/post"}],"author":[{"embeddable":true,"href":"http:\/\/www.apucarana.pr.gov.br\/ame\/wp-json\/wp\/v2\/users\/10"}],"replies":[{"embeddable":true,"href":"http:\/\/www.apucarana.pr.gov.br\/ame\/wp-json\/wp\/v2\/comments?post=9404"}],"version-history":[{"count":1,"href":"http:\/\/www.apucarana.pr.gov.br\/ame\/wp-json\/wp\/v2\/posts\/9404\/revisions"}],"predecessor-version":[{"id":9406,"href":"http:\/\/www.apucarana.pr.gov.br\/ame\/wp-json\/wp\/v2\/posts\/9404\/revisions\/9406"}],"wp:featuredmedia":[{"embeddable":true,"href":"http:\/\/www.apucarana.pr.gov.br\/ame\/wp-json\/wp\/v2\/media\/9405"}],"wp:attachment":[{"href":"http:\/\/www.apucarana.pr.gov.br\/ame\/wp-json\/wp\/v2\/media?parent=9404"}],"wp:term":[{"taxonomy":"category","embeddable":true,"href":"http:\/\/www.apucarana.pr.gov.br\/ame\/wp-json\/wp\/v2\/categories?post=9404"},{"taxonomy":"post_tag","embeddable":true,"href":"http:\/\/www.apucarana.pr.gov.br\/ame\/wp-json\/wp\/v2\/tags?post=9404"}],"curies":[{"name":"wp","href":"https:\/\/api.w.org\/{rel}","templated":true}]}}