{"id":9398,"date":"2021-02-25T18:34:07","date_gmt":"2021-02-25T21:34:07","guid":{"rendered":"http:\/\/www.apucarana.pr.gov.br\/ame\/?p=9398"},"modified":"2024-10-08T09:09:50","modified_gmt":"2024-10-08T12:09:50","slug":"tribunal-de-contas-do-parana-repercute-estudo-que-atesta-a-qualidade-da-educacao-na-rede-municipal-de-apucarana","status":"publish","type":"post","link":"http:\/\/www.apucarana.pr.gov.br\/ame\/tribunal-de-contas-do-parana-repercute-estudo-que-atesta-a-qualidade-da-educacao-na-rede-municipal-de-apucarana\/","title":{"rendered":"Tribunal de Contas do Paran\u00e1 repercute estudo que atesta a qualidade da educa\u00e7\u00e3o na rede municipal de Apucarana"},"content":{"rendered":"<p>O Tribunal de Contas do Estado do Paran\u00e1 publicou hoje (25\/2) em seu site os resultados de uma pesquisa que atesta a qualidade da educa\u00e7\u00e3o ofertada na rede municipal de Apucarana. O estudo \u2018Educa\u00e7\u00e3o que faz a diferen\u00e7a\u2019 foi realizado, entre os anos de 2019 e 2020, por iniciativa do Instituto Rui Barbosa e da entidade Interdisciplinaridade e Evid\u00eancias no Debate Educacional (Iede), em parceria com o TCE.<\/p>\n<p>Para a realiza\u00e7\u00e3o da pesquisa, t\u00e9cnicos de 28 Tribunais de Contas, com jurisdi\u00e7\u00e3o na esfera municipal, visitaram secretarias de educa\u00e7\u00e3o e escolas das diversas regi\u00f5es brasileiras. Eles assistiram a aulas e conversaram com diretores, coordenadores, professores e pais de alunos.<\/p>\n<p>\u201cA conclus\u00e3o a que os t\u00e9cnicos do TCE-PR chegaram, ap\u00f3s visitarem a rede municipal de Apucarana, foi que nossos alunos t\u00eam apresentado avan\u00e7os consistentes na aprendizagem ao longo dos \u00faltimos anos. Por isso, a cidade foi contemplada com o selo Bom Percurso,\u201d afirmou a secret\u00e1ria de educa\u00e7\u00e3o, Marli Fernandes.<\/p>\n<p>O relat\u00f3rio final do estudo \u2018Educa\u00e7\u00e3o que faz a diferen\u00e7a\u2019 destaca os investimentos que foram feitos na forma\u00e7\u00e3o dos professores e na unifica\u00e7\u00e3o do curr\u00edculo escolar da rede municipal.<\/p>\n<p>\u201cEm Apucarana, os entrevistados contam que, em 2014, a partir de um diagn\u00f3stico dos principais desafios da rede, foi criada na faculdade local uma especializa\u00e7\u00e3o para os professores, personalizada a partir dos pontos de melhorias identificados. Conclu\u00edda essa forma\u00e7\u00e3o, professores, coordenadores pedag\u00f3gicos, diretores escolares e equipe da secretaria constru\u00edram juntos um curr\u00edculo unificado, com a defini\u00e7\u00e3o do que trabalhar em cada disciplina e ano. Essa matriz \u00fanica, na vis\u00e3o dos atores envolvidos, teve grande impacto no planejamento do ensino. A quantidade e variedade de projetos multidisciplinares constituem um dos pontos marcantes da rede,\u201d descreve o relat\u00f3rio.<\/p>\n<p>Para o prefeito Junior da Femac, a educa\u00e7\u00e3o apucaranense tem alcan\u00e7ado excelentes resultados gra\u00e7as ao comprometimento de todos os profissionais da rede municipal. \u201cEu agrade\u00e7o aos diretores, coordenadores, professores, merendeiras e motoristas do transporte escolar que sempre abra\u00e7am os projetos que propomos e n\u00e3o medem esfor\u00e7os para torn\u00e1-los realidade. Investir na educa\u00e7\u00e3o das crian\u00e7as \u00e9 o melhor que podemos fazer pelo futuro da nossa cidade,\u201d disse.<\/p>\n<p>Al\u00e9m de Apucarana, foram tamb\u00e9m contemplados com o selo Bom Percurso os munic\u00edpios paranaenses de Arapoti, Assis Chateaubriand, Astorga, Castro, Foz do Igua\u00e7u, Jaguaria\u00edva, Jandaia do Sul, Loanda, Mallet, Mandaguari, Marmeleiro, Medianeira, Paranava\u00ed, Pato Branco, Rebou\u00e7as, Rio Negro, Rol\u00e2ndia, Seng\u00e9s, Terra Boa, Turvo e Ubirat\u00e3.<\/p>\n<p>O relat\u00f3rio final do estudo \u2018Educa\u00e7\u00e3o que faz a diferen\u00e7a\u2019 pode ser conferido no endere\u00e7o: <a href=\"https:\/\/irbcontas.org.br\/wp-content\/uploads\/2020\/07\/EQFD_final.pdf\">https:\/\/irbcontas.org.br\/wp-content\/uploads\/2020\/07\/EQFD_final.pdf<\/a><\/p>\n<div class = 'socialMediaOnEveryPost'>Compartilhe<div id=\"sgmbShare1-1\" class=\"sgmbShare jssocials-theme-classic sgmbWidget1-1\"><\/div><div class=\"dropdownWrapper dropdownWrapper1 dropdownWrapper-for-widget \" id=\"dropdownWrapper-for-widget\">\r\n\t\t\t\t\t\t<div class=\"dropdownLabel\" id=\"dropdownLabel-share-list\"><span class=\"sgmbButtonListLabel1\">Share List<\/span><\/div>\r\n\t\t\t\t\t\t<div class=\"dropdownPanel dropdownPanel1-1\">\r\n\t\t\t\t\t\t<\/div>\r\n\t\t\t\t\t<\/div><script>  SGMB_URL = \"http:\/\/www.apucarana.pr.gov.br\/ame\/wp-content\/plugins\/social-media-builder\/\"; jQuery(\".dropdownWrapper\").hide(); SGMB_GOOGLE_ACOUNT = \"\"; <\/script><script type=\"text\/javascript\">\r\n\t\tjQuery(document).ready(function($){var widget = new SGMBWidget();widget.show({\"id\":\"1\",\"title\":\"Face\\\/Twitter\",\"options\":{\"currentUrl\":\"1\",\"url\":\"\",\"shareText\":\"\",\"fontSize\":\"14\",\"betweenButtons\":\"1px\",\"theme\":\"classic\",\"sgmbButtonsPosition\":\"bottomLeft\",\"socialTheme\":\"\",\"icon\":\"default\",\"buttonsPanelEffect\":\"No Effect\",\"buttonsEffect\":\"No Effect\",\"iconsEffect\":\"No Effect\",\"buttons\":\"{\\\"facebook\\\":{\\\"label\\\":\\\"Share\\\",\\\"icon\\\":\\\"default-facebook\\\"},\\\"twitter\\\":{\\\"label\\\":\\\"Tweet\\\",\\\"icon\\\":\\\"default-twitter\\\",\\\"via\\\":\\\"\\\",\\\"hashtags\\\":\\\"\\\"}}\",\"roundButton\":\"\",\"showLabels\":\"\",\"showCounts\":\"\",\"showCenter\":\"\",\"showButtonsAsList\":\"\",\"sgmbDropdownColor\":\"\",\"sgmbDropdownLabelFontSize\":\"14\",\"sgmbDropdownLabelColor\":\"\",\"showButtonsOnEveryPost\":\"on\",\"selectedOrExcluded\":\"\",\"showButtonsOnEveryPage\":\"\",\"textOnEveryPost\":\"Compartilhe\",\"showButtonsOnCustomPost\":\"\",\"textOnCustomPost\":\"\",\"showButtonsOnMobileDirect\":\"on\",\"showButtonsOnDesktopDirect\":\"on\",\"sgmbSelectedPages\":[\"\"],\"sgmbExcludedPosts\":[\"\"],\"sgmbSelectedCustomPosts\":[],\"showButtonsInPopup\":\"\",\"titleOfPopup\":\"\",\"descriptionOfPopup\":\"\",\"showPopupOnLoad\":\"\",\"showPopupOnScroll\":\"\",\"showPopupOnExit\":\"\",\"openSecondsOfPopup\":\"\",\"googleAnaliticsAccount\":\"\"},\"buttonOptions\":{\"facebook\":{\"label\":\"Share\",\"icon\":\"default-facebook\"},\"twitter\":{\"label\":\"Tweet\",\"icon\":\"default-twitter\",\"via\":\"\",\"hashtags\":\"\"}},\"button\":[\"facebook\",\"twitter\"]}, 1, '', 'http:\/\/www.apucarana.pr.gov.br\/ame\/wp-content\/uploads\/2021\/02\/25042017-IMG_8065-scaled.jpg', '', 'http:\/\/www.apucarana.pr.gov.br\/ame\/tribunal-de-contas-do-parana-repercute-estudo-que-atesta-a-qualidade-da-educacao-na-rede-municipal-de-apucarana\/'); });<\/script><\/div><script> jQuery(\".socialMediaOnEveryPost\").addClass(\"sgmb-left\") <\/script>","protected":false},"excerpt":{"rendered":"<p>A pesquisa \u2018Educa\u00e7\u00e3o que faz a diferen\u00e7a\u2019 rendeu o selo Bom Percurso ao munic\u00edpio em 2020 <\/p>\n","protected":false},"author":10,"featured_media":9399,"comment_status":"closed","ping_status":"open","sticky":false,"template":"","format":"standard","meta":[],"categories":[9],"tags":[],"_links":{"self":[{"href":"http:\/\/www.apucarana.pr.gov.br\/ame\/wp-json\/wp\/v2\/posts\/9398"}],"collection":[{"href":"http:\/\/www.apucarana.pr.gov.br\/ame\/wp-json\/wp\/v2\/posts"}],"about":[{"href":"http:\/\/www.apucarana.pr.gov.br\/ame\/wp-json\/wp\/v2\/types\/post"}],"author":[{"embeddable":true,"href":"http:\/\/www.apucarana.pr.gov.br\/ame\/wp-json\/wp\/v2\/users\/10"}],"replies":[{"embeddable":true,"href":"http:\/\/www.apucarana.pr.gov.br\/ame\/wp-json\/wp\/v2\/comments?post=9398"}],"version-history":[{"count":1,"href":"http:\/\/www.apucarana.pr.gov.br\/ame\/wp-json\/wp\/v2\/posts\/9398\/revisions"}],"predecessor-version":[{"id":9400,"href":"http:\/\/www.apucarana.pr.gov.br\/ame\/wp-json\/wp\/v2\/posts\/9398\/revisions\/9400"}],"wp:featuredmedia":[{"embeddable":true,"href":"http:\/\/www.apucarana.pr.gov.br\/ame\/wp-json\/wp\/v2\/media\/9399"}],"wp:attachment":[{"href":"http:\/\/www.apucarana.pr.gov.br\/ame\/wp-json\/wp\/v2\/media?parent=9398"}],"wp:term":[{"taxonomy":"category","embeddable":true,"href":"http:\/\/www.apucarana.pr.gov.br\/ame\/wp-json\/wp\/v2\/categories?post=9398"},{"taxonomy":"post_tag","embeddable":true,"href":"http:\/\/www.apucarana.pr.gov.br\/ame\/wp-json\/wp\/v2\/tags?post=9398"}],"curies":[{"name":"wp","href":"https:\/\/api.w.org\/{rel}","templated":true}]}}