{"id":9386,"date":"2021-02-19T13:23:31","date_gmt":"2021-02-19T16:23:31","guid":{"rendered":"http:\/\/www.apucarana.pr.gov.br\/ame\/?p=9386"},"modified":"2024-10-08T09:09:50","modified_gmt":"2024-10-08T12:09:50","slug":"autarquia-municipal-de-educacao-entrega-material-escolar-aos-alunos-no-primeiro-dia-de-aula","status":"publish","type":"post","link":"http:\/\/www.apucarana.pr.gov.br\/ame\/autarquia-municipal-de-educacao-entrega-material-escolar-aos-alunos-no-primeiro-dia-de-aula\/","title":{"rendered":"Autarquia Municipal de Educa\u00e7\u00e3o entrega material escolar aos alunos no primeiro dia de aula"},"content":{"rendered":"<p>O ano letivo de 2021 come\u00e7ou ontem (18\/2) na rede municipal de Apucarana. Os mais de doze mil alunos, matriculados em 24 centros infantis (CMEIs) e 35 escolas, receberam os materiais escolares necess\u00e1rios ao processo de ensino-aprendizagem j\u00e1 no primeiro dia de aula.<\/p>\n<p>De acordo com a secret\u00e1ria de educa\u00e7\u00e3o, Marli Fernandes, o repasse gratuito de uniformes e materiais escolares \u00e9 realizado h\u00e1 nove anos em Apucarana. \u201cEssa pol\u00edtica p\u00fablica foi implantada na gest\u00e3o Beto Preto e Junior da Femac com o objetivo de garantir as mesmas condi\u00e7\u00f5es de aprendizado a todos os estudantes da rede. A medida tamb\u00e9m representa uma contribui\u00e7\u00e3o para a economia dom\u00e9stica das fam\u00edlias,\u201d disse.<\/p>\n<p>Os pais dos alunos foram orientados a comparecer \u00e0s unidades de ensino para retirar os materiais escolares de seus filhos. Cada aluno foi contemplado com um kit correspondente ao ano em que est\u00e1 matriculado. \u201cOs produtos e as quantidades podem variar de um conjunto para outro, pois as turmas de educa\u00e7\u00e3o infantil t\u00eam necessidades diferentes das do ensino fundamental. Os principais itens entregues \u00e0s crian\u00e7as foram cadernos, l\u00e1pis de escrever, l\u00e1pis de cor, tesouras, colas, borrachas e apontadores,\u201d acrescentou a secret\u00e1ria.<\/p>\n<p>O prefeito Junior da Femac reafirmou que a educa\u00e7\u00e3o \u00e9 uma das pastas priorit\u00e1rias da administra\u00e7\u00e3o municipal. \u201cN\u00f3s n\u00e3o temos medido esfor\u00e7os no sentido de oferecer uma forma\u00e7\u00e3o de qualidade \u00e0s crian\u00e7as, mesmo em um per\u00edodo t\u00e3o desafiador como este que estamos vivendo. Desde o in\u00edcio da pandemia de Covid-19, em mar\u00e7o do ano passado, a Autarquia Municipal de Educa\u00e7\u00e3o investiu na transmiss\u00e3o de aulas por meio do aplicativo Google Sala de Aula e de um canal de TV Aberta. Eu tenho acompanhado de perto os conte\u00fados veiculados e conversado regularmente com os pais dos alunos. Eles relatam que seus filhos t\u00eam conseguido acompanhar tranquilamente a programa\u00e7\u00e3o e aprender satisfatoriamente, apesar da saudade que sentem do ambiente escolar e dos amigos,\u201d afirmou.<\/p>\n<p>O ano de 2021 est\u00e1 come\u00e7ando ainda com atividades remotas na rede municipal de Apucarana. O Comit\u00ea Municipal de Avalia\u00e7\u00e3o do Retorno \u00e0s Aulas tomou a decis\u00e3o baseado nas recomenda\u00e7\u00f5es das autoridades de sa\u00fade e em uma consulta feita aos pais dos estudantes. Cerca de 70% das fam\u00edlias que responderam ao question\u00e1rio enviado pela Autarquia Municipal de Educa\u00e7\u00e3o optaram pela continuidade das aulas remotas ou h\u00edbridas neste in\u00edcio de ano.<\/p>\n<p>De 18 de fevereiro a 15 de mar\u00e7o, as escolas municipais aplicar\u00e3o uma avalia\u00e7\u00e3o diagn\u00f3stica aos alunos do 1\u00ba ao 5\u00ba ano do ensino fundamental. \u201cAs crian\u00e7as que apresentarem dificuldades de aprendizagem ser\u00e3o contempladas com aulas de refor\u00e7o,\u201d adiantou a secret\u00e1ria Marli.<\/p>\n<div class = 'socialMediaOnEveryPost'>Compartilhe<div id=\"sgmbShare1-1\" class=\"sgmbShare jssocials-theme-classic sgmbWidget1-1\"><\/div><div class=\"dropdownWrapper dropdownWrapper1 dropdownWrapper-for-widget \" id=\"dropdownWrapper-for-widget\">\r\n\t\t\t\t\t\t<div class=\"dropdownLabel\" id=\"dropdownLabel-share-list\"><span class=\"sgmbButtonListLabel1\">Share List<\/span><\/div>\r\n\t\t\t\t\t\t<div class=\"dropdownPanel dropdownPanel1-1\">\r\n\t\t\t\t\t\t<\/div>\r\n\t\t\t\t\t<\/div><script>  SGMB_URL = \"http:\/\/www.apucarana.pr.gov.br\/ame\/wp-content\/plugins\/social-media-builder\/\"; jQuery(\".dropdownWrapper\").hide(); SGMB_GOOGLE_ACOUNT = \"\"; <\/script><script type=\"text\/javascript\">\r\n\t\tjQuery(document).ready(function($){var widget = new SGMBWidget();widget.show({\"id\":\"1\",\"title\":\"Face\\\/Twitter\",\"options\":{\"currentUrl\":\"1\",\"url\":\"\",\"shareText\":\"\",\"fontSize\":\"14\",\"betweenButtons\":\"1px\",\"theme\":\"classic\",\"sgmbButtonsPosition\":\"bottomLeft\",\"socialTheme\":\"\",\"icon\":\"default\",\"buttonsPanelEffect\":\"No Effect\",\"buttonsEffect\":\"No Effect\",\"iconsEffect\":\"No Effect\",\"buttons\":\"{\\\"facebook\\\":{\\\"label\\\":\\\"Share\\\",\\\"icon\\\":\\\"default-facebook\\\"},\\\"twitter\\\":{\\\"label\\\":\\\"Tweet\\\",\\\"icon\\\":\\\"default-twitter\\\",\\\"via\\\":\\\"\\\",\\\"hashtags\\\":\\\"\\\"}}\",\"roundButton\":\"\",\"showLabels\":\"\",\"showCounts\":\"\",\"showCenter\":\"\",\"showButtonsAsList\":\"\",\"sgmbDropdownColor\":\"\",\"sgmbDropdownLabelFontSize\":\"14\",\"sgmbDropdownLabelColor\":\"\",\"showButtonsOnEveryPost\":\"on\",\"selectedOrExcluded\":\"\",\"showButtonsOnEveryPage\":\"\",\"textOnEveryPost\":\"Compartilhe\",\"showButtonsOnCustomPost\":\"\",\"textOnCustomPost\":\"\",\"showButtonsOnMobileDirect\":\"on\",\"showButtonsOnDesktopDirect\":\"on\",\"sgmbSelectedPages\":[\"\"],\"sgmbExcludedPosts\":[\"\"],\"sgmbSelectedCustomPosts\":[],\"showButtonsInPopup\":\"\",\"titleOfPopup\":\"\",\"descriptionOfPopup\":\"\",\"showPopupOnLoad\":\"\",\"showPopupOnScroll\":\"\",\"showPopupOnExit\":\"\",\"openSecondsOfPopup\":\"\",\"googleAnaliticsAccount\":\"\"},\"buttonOptions\":{\"facebook\":{\"label\":\"Share\",\"icon\":\"default-facebook\"},\"twitter\":{\"label\":\"Tweet\",\"icon\":\"default-twitter\",\"via\":\"\",\"hashtags\":\"\"}},\"button\":[\"facebook\",\"twitter\"]}, 1, '', 'http:\/\/www.apucarana.pr.gov.br\/ame\/wp-content\/uploads\/2021\/02\/MATERIAL-ESCOLAR-4.jpg', '', 'http:\/\/www.apucarana.pr.gov.br\/ame\/autarquia-municipal-de-educacao-entrega-material-escolar-aos-alunos-no-primeiro-dia-de-aula\/'); });<\/script><\/div><script> jQuery(\".socialMediaOnEveryPost\").addClass(\"sgmb-left\") <\/script>","protected":false},"excerpt":{"rendered":"<p>Os doze mil alunos matriculados na rede municipal de Apucarana receberam ontem (18) cadernos, l\u00e1pis, borrachas e outros itens necess\u00e1rios no processo de ensino e aprendizagem<\/p>\n","protected":false},"author":10,"featured_media":9389,"comment_status":"closed","ping_status":"open","sticky":false,"template":"","format":"standard","meta":[],"categories":[9],"tags":[],"_links":{"self":[{"href":"http:\/\/www.apucarana.pr.gov.br\/ame\/wp-json\/wp\/v2\/posts\/9386"}],"collection":[{"href":"http:\/\/www.apucarana.pr.gov.br\/ame\/wp-json\/wp\/v2\/posts"}],"about":[{"href":"http:\/\/www.apucarana.pr.gov.br\/ame\/wp-json\/wp\/v2\/types\/post"}],"author":[{"embeddable":true,"href":"http:\/\/www.apucarana.pr.gov.br\/ame\/wp-json\/wp\/v2\/users\/10"}],"replies":[{"embeddable":true,"href":"http:\/\/www.apucarana.pr.gov.br\/ame\/wp-json\/wp\/v2\/comments?post=9386"}],"version-history":[{"count":1,"href":"http:\/\/www.apucarana.pr.gov.br\/ame\/wp-json\/wp\/v2\/posts\/9386\/revisions"}],"predecessor-version":[{"id":9393,"href":"http:\/\/www.apucarana.pr.gov.br\/ame\/wp-json\/wp\/v2\/posts\/9386\/revisions\/9393"}],"wp:featuredmedia":[{"embeddable":true,"href":"http:\/\/www.apucarana.pr.gov.br\/ame\/wp-json\/wp\/v2\/media\/9389"}],"wp:attachment":[{"href":"http:\/\/www.apucarana.pr.gov.br\/ame\/wp-json\/wp\/v2\/media?parent=9386"}],"wp:term":[{"taxonomy":"category","embeddable":true,"href":"http:\/\/www.apucarana.pr.gov.br\/ame\/wp-json\/wp\/v2\/categories?post=9386"},{"taxonomy":"post_tag","embeddable":true,"href":"http:\/\/www.apucarana.pr.gov.br\/ame\/wp-json\/wp\/v2\/tags?post=9386"}],"curies":[{"name":"wp","href":"https:\/\/api.w.org\/{rel}","templated":true}]}}