{"id":9364,"date":"2021-02-09T18:19:29","date_gmt":"2021-02-09T21:19:29","guid":{"rendered":"http:\/\/www.apucarana.pr.gov.br\/ame\/?p=9364"},"modified":"2024-10-08T09:09:50","modified_gmt":"2024-10-08T12:09:50","slug":"professores-e-assistentes-infantis-passam-por-formacao-continuada-na-rede-municipal-de-apucarana","status":"publish","type":"post","link":"http:\/\/www.apucarana.pr.gov.br\/ame\/professores-e-assistentes-infantis-passam-por-formacao-continuada-na-rede-municipal-de-apucarana\/","title":{"rendered":"Professores e assistentes infantis passam por forma\u00e7\u00e3o continuada na rede municipal de Apucarana"},"content":{"rendered":"<p>A Autarquia Municipal de Educa\u00e7\u00e3o est\u00e1 promovendo mais uma forma\u00e7\u00e3o continuada para os professores e assistentes infantis da sua rede, tendo em vista o in\u00edcio do ano letivo de 2021. Desde o final de janeiro, cerca de mil profissionais v\u00eam participando de encontros, reuni\u00f5es e cursos de atualiza\u00e7\u00e3o dos conhecimentos. O ponto alto da programa\u00e7\u00e3o aconteceu na manh\u00e3 desta ter\u00e7a-feira (9\/2), quando eles assistiram \u00e0 palestra \u2018Compet\u00eancias e habilidades socioemocionais para a vida\u2019, ministrada pelo especialista em educa\u00e7\u00e3o, lideran\u00e7a e engajamento de equipes, Fabiano Brum.<\/p>\n<p>O prefeito Junior da Femac abriu a o evento, realizado de modo virtual, com um agradecimento aos educadores da rede municipal de Apucarana. \u201cSer professor em um per\u00edodo de pandemia, especialmente na rede p\u00fablica, \u00e9 um ato de amor e de valentia. Apesar de todos os desafios impostos pela Covid-19, voc\u00eas conseguiram se reinventar, adaptaram as aulas para o formato de v\u00eddeo e mantiveram o foco na qualidade da forma\u00e7\u00e3o oferecida \u00e0s crian\u00e7as. Muito obrigado pelo empenho e dedica\u00e7\u00e3o,\u201d disse.<\/p>\n<p>O ano letivo come\u00e7ar\u00e1 no pr\u00f3ximo dia 18 de fevereiro, ainda com aulas remotas, na rede municipal de Apucarana. \u201cN\u00f3s estamos vivendo um novo tempo na educa\u00e7\u00e3o, em que as escolas precisam cumprir um protocolo sanit\u00e1rio e outro pedag\u00f3gico. Caminhamos bem no ano passado e conseguimos cumprir a carga hor\u00e1ria e as atividades curriculares de forma remota, atendendo presencialmente apenas as crian\u00e7as com dificuldade de aprendizagem. Em 2021, precisaremos priorizar as habilidades socioemocionais, pois o distanciamento social trouxe uma forte carga emocional aos professores, alunos e suas fam\u00edlias. Estamos otimistas em rela\u00e7\u00e3o ao ano letivo que est\u00e1 prestes a come\u00e7ar, acreditamos que ele ser\u00e1 de muito trabalho, mas com bons resultados tamb\u00e9m, como sempre tivemos. Vamos iniciar com uma avalia\u00e7\u00e3o diagn\u00f3stica que envolver\u00e1 os alunos do 1\u00b0 ao 5\u00b0 ano. Desejo um \u00f3timo ano a todos os profissionais e estudantes da rede municipal de educa\u00e7\u00e3o de Apucarana,\u201d afirmou a secret\u00e1ria Marli Fernandes.<\/p>\n<p>J\u00e1 no per\u00edodo vespertino, os professores e assistentes infantis foram convidados a refletir sobre o contexto de implanta\u00e7\u00e3o da Base Nacional Comum Curricular e do Referencial Curricular do Paran\u00e1. Eles tamb\u00e9m participaram de atividades pr\u00e1ticas acerca da rela\u00e7\u00e3o entre os Componentes Curriculares e as Compet\u00eancias Gerais da BNCC.<\/p>\n<p>Para assistir novamente a palestra \u201cCompet\u00eancias e habilidades socioemocionais para a vida,\u2019 acesse: <a href=\"https:\/\/youtu.be\/dgxTLn1Wli0\">https:\/\/youtu.be\/dgxTLn1Wli0<\/a>.<\/p>\n<p>Confira imagens da forma\u00e7\u00e3o de professores e assistentes infantis da rede municipal de Apucarana: <a href=\"https:\/\/drive.google.com\/drive\/folders\/1KKMkJx0SpC8xvjMAsPp-nN9lMHsTBK-a?usp=sharing\">https:\/\/drive.google.com\/drive\/folders\/1KKMkJx0SpC8xvjMAsPp-nN9lMHsTBK-a?usp=sharing<\/a><\/p>\n<p>&nbsp;<\/p>\n<div class = 'socialMediaOnEveryPost'>Compartilhe<div id=\"sgmbShare1-1\" class=\"sgmbShare jssocials-theme-classic sgmbWidget1-1\"><\/div><div class=\"dropdownWrapper dropdownWrapper1 dropdownWrapper-for-widget \" id=\"dropdownWrapper-for-widget\">\r\n\t\t\t\t\t\t<div class=\"dropdownLabel\" id=\"dropdownLabel-share-list\"><span class=\"sgmbButtonListLabel1\">Share List<\/span><\/div>\r\n\t\t\t\t\t\t<div class=\"dropdownPanel dropdownPanel1-1\">\r\n\t\t\t\t\t\t<\/div>\r\n\t\t\t\t\t<\/div><script>  SGMB_URL = \"http:\/\/www.apucarana.pr.gov.br\/ame\/wp-content\/plugins\/social-media-builder\/\"; jQuery(\".dropdownWrapper\").hide(); SGMB_GOOGLE_ACOUNT = \"\"; <\/script><script type=\"text\/javascript\">\r\n\t\tjQuery(document).ready(function($){var widget = new SGMBWidget();widget.show({\"id\":\"1\",\"title\":\"Face\\\/Twitter\",\"options\":{\"currentUrl\":\"1\",\"url\":\"\",\"shareText\":\"\",\"fontSize\":\"14\",\"betweenButtons\":\"1px\",\"theme\":\"classic\",\"sgmbButtonsPosition\":\"bottomLeft\",\"socialTheme\":\"\",\"icon\":\"default\",\"buttonsPanelEffect\":\"No Effect\",\"buttonsEffect\":\"No Effect\",\"iconsEffect\":\"No Effect\",\"buttons\":\"{\\\"facebook\\\":{\\\"label\\\":\\\"Share\\\",\\\"icon\\\":\\\"default-facebook\\\"},\\\"twitter\\\":{\\\"label\\\":\\\"Tweet\\\",\\\"icon\\\":\\\"default-twitter\\\",\\\"via\\\":\\\"\\\",\\\"hashtags\\\":\\\"\\\"}}\",\"roundButton\":\"\",\"showLabels\":\"\",\"showCounts\":\"\",\"showCenter\":\"\",\"showButtonsAsList\":\"\",\"sgmbDropdownColor\":\"\",\"sgmbDropdownLabelFontSize\":\"14\",\"sgmbDropdownLabelColor\":\"\",\"showButtonsOnEveryPost\":\"on\",\"selectedOrExcluded\":\"\",\"showButtonsOnEveryPage\":\"\",\"textOnEveryPost\":\"Compartilhe\",\"showButtonsOnCustomPost\":\"\",\"textOnCustomPost\":\"\",\"showButtonsOnMobileDirect\":\"on\",\"showButtonsOnDesktopDirect\":\"on\",\"sgmbSelectedPages\":[\"\"],\"sgmbExcludedPosts\":[\"\"],\"sgmbSelectedCustomPosts\":[],\"showButtonsInPopup\":\"\",\"titleOfPopup\":\"\",\"descriptionOfPopup\":\"\",\"showPopupOnLoad\":\"\",\"showPopupOnScroll\":\"\",\"showPopupOnExit\":\"\",\"openSecondsOfPopup\":\"\",\"googleAnaliticsAccount\":\"\"},\"buttonOptions\":{\"facebook\":{\"label\":\"Share\",\"icon\":\"default-facebook\"},\"twitter\":{\"label\":\"Tweet\",\"icon\":\"default-twitter\",\"via\":\"\",\"hashtags\":\"\"}},\"button\":[\"facebook\",\"twitter\"]}, 1, '', 'http:\/\/www.apucarana.pr.gov.br\/ame\/wp-content\/uploads\/2021\/02\/Semana-Pedagogica-4.jpg', '', 'http:\/\/www.apucarana.pr.gov.br\/ame\/professores-e-assistentes-infantis-passam-por-formacao-continuada-na-rede-municipal-de-apucarana\/'); });<\/script><\/div><script> jQuery(\".socialMediaOnEveryPost\").addClass(\"sgmb-left\") <\/script>","protected":false},"excerpt":{"rendered":"<p>Desde o final de janeiro, cerca de mil profissionais v\u00eam participando de encontros, reuni\u00f5es e cursos de atualiza\u00e7\u00e3o dos conhecimentos<\/p>\n","protected":false},"author":10,"featured_media":9373,"comment_status":"closed","ping_status":"open","sticky":false,"template":"","format":"standard","meta":[],"categories":[9],"tags":[],"_links":{"self":[{"href":"http:\/\/www.apucarana.pr.gov.br\/ame\/wp-json\/wp\/v2\/posts\/9364"}],"collection":[{"href":"http:\/\/www.apucarana.pr.gov.br\/ame\/wp-json\/wp\/v2\/posts"}],"about":[{"href":"http:\/\/www.apucarana.pr.gov.br\/ame\/wp-json\/wp\/v2\/types\/post"}],"author":[{"embeddable":true,"href":"http:\/\/www.apucarana.pr.gov.br\/ame\/wp-json\/wp\/v2\/users\/10"}],"replies":[{"embeddable":true,"href":"http:\/\/www.apucarana.pr.gov.br\/ame\/wp-json\/wp\/v2\/comments?post=9364"}],"version-history":[{"count":1,"href":"http:\/\/www.apucarana.pr.gov.br\/ame\/wp-json\/wp\/v2\/posts\/9364\/revisions"}],"predecessor-version":[{"id":9375,"href":"http:\/\/www.apucarana.pr.gov.br\/ame\/wp-json\/wp\/v2\/posts\/9364\/revisions\/9375"}],"wp:featuredmedia":[{"embeddable":true,"href":"http:\/\/www.apucarana.pr.gov.br\/ame\/wp-json\/wp\/v2\/media\/9373"}],"wp:attachment":[{"href":"http:\/\/www.apucarana.pr.gov.br\/ame\/wp-json\/wp\/v2\/media?parent=9364"}],"wp:term":[{"taxonomy":"category","embeddable":true,"href":"http:\/\/www.apucarana.pr.gov.br\/ame\/wp-json\/wp\/v2\/categories?post=9364"},{"taxonomy":"post_tag","embeddable":true,"href":"http:\/\/www.apucarana.pr.gov.br\/ame\/wp-json\/wp\/v2\/tags?post=9364"}],"curies":[{"name":"wp","href":"https:\/\/api.w.org\/{rel}","templated":true}]}}