{"id":8997,"date":"2020-03-04T16:59:49","date_gmt":"2020-03-04T19:59:49","guid":{"rendered":"http:\/\/www.apucarana.pr.gov.br\/ame\/?p=8997"},"modified":"2024-10-08T09:10:02","modified_gmt":"2024-10-08T12:10:02","slug":"cgu-premia-aluna-da-rede-municipal-de-apucarana","status":"publish","type":"post","link":"http:\/\/www.apucarana.pr.gov.br\/ame\/cgu-premia-aluna-da-rede-municipal-de-apucarana\/","title":{"rendered":"CGU premia aluna da rede municipal de Apucarana"},"content":{"rendered":"<p>A aluna Nariany Camily Matulovic, da Escola Municipal Jos\u00e9 de Alencar, conquistou o primeiro lugar estadual no 11\u00ba Concurso de Desenho e Reda\u00e7\u00e3o promovido pela Controladoria-Geral da Uni\u00e3o. O pr\u00eamio foi entregue \u00e0 crian\u00e7a, na manh\u00e3 de hoje (4\/3), pela coordenadora do N\u00facleo de A\u00e7\u00f5es de Ouvidoria e Preven\u00e7\u00e3o da Corrup\u00e7\u00e3o da CGU (NAOP-PR), Alzira Ester Angeli.<\/p>\n<p>Realizado no ano passado, o concurso mobilizou mais de 818 mil estudantes, 27 mil professores e 4 mil escolas de todo o territ\u00f3rio nacional. Os trabalhos foram produzidos a partir do tema \u2018Fa\u00e7a o que \u00e9 certo, ainda que ningu\u00e9m veja\u2019, que levou os participantes a refletirem sobre \u00e9tica e cidadania.<\/p>\n<p>\u201cQuando a gente fala sobre preven\u00e7\u00e3o e combate \u00e0 corrup\u00e7\u00e3o, geralmente pensamos que se trata de um assunto exclusivo dos adultos. Mas, n\u00e3o \u00e9 verdade. N\u00f3s precisamos discutir essas quest\u00f5es com as crian\u00e7as, desde a mais tenra idade, se quisermos formar uma sociedade transparente, participativa e atuante. O concurso de desenho e reda\u00e7\u00e3o \u00e9 uma das muitas a\u00e7\u00f5es de educa\u00e7\u00e3o cidad\u00e3 que a CGU promove,\u201d afirmou a coordenadora do NAOP-PR.<\/p>\n<p>Vencedora na categoria 1\u00ba Ano do Ensino Fundamental, a aluna apucaranense criou um desenho que aborda a import\u00e2ncia da preserva\u00e7\u00e3o dos recursos h\u00eddricos. Ela recebeu um tablet como pr\u00eamio. J\u00e1 a professora que a orientou, Ros\u00e2ngela Sakalauskas, foi contemplada com um celular e um tablet.<\/p>\n<p>\u201cA gest\u00e3o Beto Preto e J\u00fanior da Femac compreende que todas as crian\u00e7as t\u00eam direito a educa\u00e7\u00e3o equitativa e de qualidade. Por isso, nos \u00faltimos anos, um grande esfor\u00e7o vem sendo empreendido na reforma e amplia\u00e7\u00e3o dos pr\u00e9dios escolares, na implanta\u00e7\u00e3o das disciplinas de ingl\u00eas e espanhol, na diversifica\u00e7\u00e3o da merenda e na forma\u00e7\u00e3o continuada dos profissionais. O curr\u00edculo da rede municipal tamb\u00e9m foi unificado e prev\u00ea que os alunos aprendam sobre \u00e9tica, cidadania, sustentabilidade, cooperativismo, entre outros assuntos importantes. Neste sentido, o projeto da CGU \u00e9 um complemento aos conte\u00fados que s\u00e3o desenvolvidos em sala de aula,\u201d explicou a secret\u00e1ria municipal de educa\u00e7\u00e3o, Marli Fernandes.<\/p>\n<p>O vereador Marcos da Vila Reis tamb\u00e9m acompanhou a premia\u00e7\u00e3o na manh\u00e3 de hoje. \u201cEu estou muito feliz de saber que, entre tantos participantes do Paran\u00e1, o primeiro lugar do concurso foi conquistado por uma aluna do nosso distrito. Isso demonstra que a administra\u00e7\u00e3o municipal est\u00e1 no caminho certo, investindo em educa\u00e7\u00e3o e no futuro das crian\u00e7as,\u201d destacou.<\/p>\n<p>\u201cO ensino que a minha filha vem recebendo na escola municipal est\u00e1 muito bom. Eu fiquei surpresa porque ela ainda est\u00e1 no primeiro ano e j\u00e1 conquistou um pr\u00eamio,\u201d disse a m\u00e3e da aluna, Marinilda Macedo.<\/p>\n<p>\u201cMais importante do que o pr\u00eamio \u00e9 o conhecimento que a Nariany adquiriu por meio do concurso, aprendendo a preservar a \u00e1gua e o meio ambiente,\u201d completou o pai da menina, Ederson Matulovic.<\/p>\n<div class = 'socialMediaOnEveryPost'>Compartilhe<div id=\"sgmbShare1-1\" class=\"sgmbShare jssocials-theme-classic sgmbWidget1-1\"><\/div><div class=\"dropdownWrapper dropdownWrapper1 dropdownWrapper-for-widget \" id=\"dropdownWrapper-for-widget\">\r\n\t\t\t\t\t\t<div class=\"dropdownLabel\" id=\"dropdownLabel-share-list\"><span class=\"sgmbButtonListLabel1\">Share List<\/span><\/div>\r\n\t\t\t\t\t\t<div class=\"dropdownPanel dropdownPanel1-1\">\r\n\t\t\t\t\t\t<\/div>\r\n\t\t\t\t\t<\/div><script>  SGMB_URL = \"http:\/\/www.apucarana.pr.gov.br\/ame\/wp-content\/plugins\/social-media-builder\/\"; jQuery(\".dropdownWrapper\").hide(); SGMB_GOOGLE_ACOUNT = \"\"; <\/script><script type=\"text\/javascript\">\r\n\t\tjQuery(document).ready(function($){var widget = new SGMBWidget();widget.show({\"id\":\"1\",\"title\":\"Face\\\/Twitter\",\"options\":{\"currentUrl\":\"1\",\"url\":\"\",\"shareText\":\"\",\"fontSize\":\"14\",\"betweenButtons\":\"1px\",\"theme\":\"classic\",\"sgmbButtonsPosition\":\"bottomLeft\",\"socialTheme\":\"\",\"icon\":\"default\",\"buttonsPanelEffect\":\"No Effect\",\"buttonsEffect\":\"No Effect\",\"iconsEffect\":\"No Effect\",\"buttons\":\"{\\\"facebook\\\":{\\\"label\\\":\\\"Share\\\",\\\"icon\\\":\\\"default-facebook\\\"},\\\"twitter\\\":{\\\"label\\\":\\\"Tweet\\\",\\\"icon\\\":\\\"default-twitter\\\",\\\"via\\\":\\\"\\\",\\\"hashtags\\\":\\\"\\\"}}\",\"roundButton\":\"\",\"showLabels\":\"\",\"showCounts\":\"\",\"showCenter\":\"\",\"showButtonsAsList\":\"\",\"sgmbDropdownColor\":\"\",\"sgmbDropdownLabelFontSize\":\"14\",\"sgmbDropdownLabelColor\":\"\",\"showButtonsOnEveryPost\":\"on\",\"selectedOrExcluded\":\"\",\"showButtonsOnEveryPage\":\"\",\"textOnEveryPost\":\"Compartilhe\",\"showButtonsOnCustomPost\":\"\",\"textOnCustomPost\":\"\",\"showButtonsOnMobileDirect\":\"on\",\"showButtonsOnDesktopDirect\":\"on\",\"sgmbSelectedPages\":[\"\"],\"sgmbExcludedPosts\":[\"\"],\"sgmbSelectedCustomPosts\":[],\"showButtonsInPopup\":\"\",\"titleOfPopup\":\"\",\"descriptionOfPopup\":\"\",\"showPopupOnLoad\":\"\",\"showPopupOnScroll\":\"\",\"showPopupOnExit\":\"\",\"openSecondsOfPopup\":\"\",\"googleAnaliticsAccount\":\"\"},\"buttonOptions\":{\"facebook\":{\"label\":\"Share\",\"icon\":\"default-facebook\"},\"twitter\":{\"label\":\"Tweet\",\"icon\":\"default-twitter\",\"via\":\"\",\"hashtags\":\"\"}},\"button\":[\"facebook\",\"twitter\"]}, 1, '', 'http:\/\/www.apucarana.pr.gov.br\/ame\/wp-content\/uploads\/2020\/03\/IMG_2713.jpg', '', 'http:\/\/www.apucarana.pr.gov.br\/ame\/cgu-premia-aluna-da-rede-municipal-de-apucarana\/'); });<\/script><\/div><script> jQuery(\".socialMediaOnEveryPost\").addClass(\"sgmb-left\") <\/script>","protected":false},"excerpt":{"rendered":"<p>A estudante Nariany Camily Matulovic, da Escola Jos\u00e9 de Alencar, conquistou o primeiro lugar paranaense no 11\u00ba Concurso de Desenho e Reda\u00e7\u00e3o promovido pela Controladoria-Geral da Uni\u00e3o <\/p>\n","protected":false},"author":10,"featured_media":9007,"comment_status":"closed","ping_status":"open","sticky":false,"template":"","format":"standard","meta":[],"categories":[9],"tags":[],"_links":{"self":[{"href":"http:\/\/www.apucarana.pr.gov.br\/ame\/wp-json\/wp\/v2\/posts\/8997"}],"collection":[{"href":"http:\/\/www.apucarana.pr.gov.br\/ame\/wp-json\/wp\/v2\/posts"}],"about":[{"href":"http:\/\/www.apucarana.pr.gov.br\/ame\/wp-json\/wp\/v2\/types\/post"}],"author":[{"embeddable":true,"href":"http:\/\/www.apucarana.pr.gov.br\/ame\/wp-json\/wp\/v2\/users\/10"}],"replies":[{"embeddable":true,"href":"http:\/\/www.apucarana.pr.gov.br\/ame\/wp-json\/wp\/v2\/comments?post=8997"}],"version-history":[{"count":1,"href":"http:\/\/www.apucarana.pr.gov.br\/ame\/wp-json\/wp\/v2\/posts\/8997\/revisions"}],"predecessor-version":[{"id":9008,"href":"http:\/\/www.apucarana.pr.gov.br\/ame\/wp-json\/wp\/v2\/posts\/8997\/revisions\/9008"}],"wp:featuredmedia":[{"embeddable":true,"href":"http:\/\/www.apucarana.pr.gov.br\/ame\/wp-json\/wp\/v2\/media\/9007"}],"wp:attachment":[{"href":"http:\/\/www.apucarana.pr.gov.br\/ame\/wp-json\/wp\/v2\/media?parent=8997"}],"wp:term":[{"taxonomy":"category","embeddable":true,"href":"http:\/\/www.apucarana.pr.gov.br\/ame\/wp-json\/wp\/v2\/categories?post=8997"},{"taxonomy":"post_tag","embeddable":true,"href":"http:\/\/www.apucarana.pr.gov.br\/ame\/wp-json\/wp\/v2\/tags?post=8997"}],"curies":[{"name":"wp","href":"https:\/\/api.w.org\/{rel}","templated":true}]}}