{"id":8988,"date":"2020-03-03T17:45:02","date_gmt":"2020-03-03T20:45:02","guid":{"rendered":"http:\/\/www.apucarana.pr.gov.br\/ame\/?p=8988"},"modified":"2024-10-08T09:10:02","modified_gmt":"2024-10-08T12:10:02","slug":"atendimento-volta-ao-normal-nos-centros-infantis-do-nucleo-joao-paulo-e-da-vila-regina","status":"publish","type":"post","link":"http:\/\/www.apucarana.pr.gov.br\/ame\/atendimento-volta-ao-normal-nos-centros-infantis-do-nucleo-joao-paulo-e-da-vila-regina\/","title":{"rendered":"Atendimento volta ao normal nos centros infantis do N\u00facleo Jo\u00e3o Paulo e da Vila Regina"},"content":{"rendered":"<p>A Autarquia Municipal de Educa\u00e7\u00e3o comunica que o atendimento \u00e0s crian\u00e7as ser\u00e1 normalizado, a partir de amanh\u00e3 (4\/3), nos CMEIs Benedito Leugi, do N\u00facleo Jo\u00e3o Paulo, e Cosap, da Vila Regina. As duas unidades de ensino sofreram alagamentos devido \u00e0 forte chuva que caiu sobre a cidade no final da tarde de segunda-feira (2\/3).<\/p>\n<p>A diretora-presidente da AME, Marli Fernandes, esclarece que poucas crian\u00e7as estavam nos centros infantis no momento do temporal. \u201cComo a chuva caiu por volta das 17 horas, a maior parte dos pais j\u00e1 havia buscado seus filhos. Muitos servidores tamb\u00e9m tinham terminado o turno de trabalho. Gra\u00e7as a Deus, o incidente n\u00e3o envolveu pessoas,\u201d afirmou.<\/p>\n<p>Ela acrescenta que o atendimento n\u00e3o foi interrompido nas unidades de ensino atingidas. \u201cN\u00f3s pedimos gentilmente aos pais para que ficassem com os filhos em casa nesta ter\u00e7a-feira, pois nossas equipes estariam concentradas na limpeza e manuten\u00e7\u00e3o dos pr\u00e9dios. Mas, para aqueles que n\u00e3o tinham com quem deixar as crian\u00e7as, n\u00f3s as recebemos normalmente,\u201d explicou.<\/p>\n<p>O prefeito J\u00fanior da Femac destacou o volume at\u00edpico da precipita\u00e7\u00e3o. \u201cSegundo o Sistema Meteorol\u00f3gico do Paran\u00e1 (Simepar), choveu 58 mil\u00edmetros no intervalo de uma hora e meia. Os ventos atingiram 56 km\/h. No CMEI Benedito Leugi, a tubula\u00e7\u00e3o pluvial n\u00e3o suportou a grande quantidade de \u00e1gua. J\u00e1 no CMEI Cosap, parte de um muro, que ainda est\u00e1 em constru\u00e7\u00e3o, acabou cedendo,\u201d detalhou.<\/p>\n<p>A limpeza dos pr\u00e9dios e o recolhimento dos entulhos foram executados em parceria pela Autarquia Municipal de Educa\u00e7\u00e3o e a Secretaria Municipal de Servi\u00e7os P\u00fablicos, possibilitando que as aulas sejam regularizadas a partir de amanh\u00e3 (4\/3).<\/p>\n<div class = 'socialMediaOnEveryPost'>Compartilhe<div id=\"sgmbShare1-1\" class=\"sgmbShare jssocials-theme-classic sgmbWidget1-1\"><\/div><div class=\"dropdownWrapper dropdownWrapper1 dropdownWrapper-for-widget \" id=\"dropdownWrapper-for-widget\">\r\n\t\t\t\t\t\t<div class=\"dropdownLabel\" id=\"dropdownLabel-share-list\"><span class=\"sgmbButtonListLabel1\">Share List<\/span><\/div>\r\n\t\t\t\t\t\t<div class=\"dropdownPanel dropdownPanel1-1\">\r\n\t\t\t\t\t\t<\/div>\r\n\t\t\t\t\t<\/div><script>  SGMB_URL = \"http:\/\/www.apucarana.pr.gov.br\/ame\/wp-content\/plugins\/social-media-builder\/\"; jQuery(\".dropdownWrapper\").hide(); SGMB_GOOGLE_ACOUNT = \"\"; <\/script><script type=\"text\/javascript\">\r\n\t\tjQuery(document).ready(function($){var widget = new SGMBWidget();widget.show({\"id\":\"1\",\"title\":\"Face\\\/Twitter\",\"options\":{\"currentUrl\":\"1\",\"url\":\"\",\"shareText\":\"\",\"fontSize\":\"14\",\"betweenButtons\":\"1px\",\"theme\":\"classic\",\"sgmbButtonsPosition\":\"bottomLeft\",\"socialTheme\":\"\",\"icon\":\"default\",\"buttonsPanelEffect\":\"No Effect\",\"buttonsEffect\":\"No Effect\",\"iconsEffect\":\"No Effect\",\"buttons\":\"{\\\"facebook\\\":{\\\"label\\\":\\\"Share\\\",\\\"icon\\\":\\\"default-facebook\\\"},\\\"twitter\\\":{\\\"label\\\":\\\"Tweet\\\",\\\"icon\\\":\\\"default-twitter\\\",\\\"via\\\":\\\"\\\",\\\"hashtags\\\":\\\"\\\"}}\",\"roundButton\":\"\",\"showLabels\":\"\",\"showCounts\":\"\",\"showCenter\":\"\",\"showButtonsAsList\":\"\",\"sgmbDropdownColor\":\"\",\"sgmbDropdownLabelFontSize\":\"14\",\"sgmbDropdownLabelColor\":\"\",\"showButtonsOnEveryPost\":\"on\",\"selectedOrExcluded\":\"\",\"showButtonsOnEveryPage\":\"\",\"textOnEveryPost\":\"Compartilhe\",\"showButtonsOnCustomPost\":\"\",\"textOnCustomPost\":\"\",\"showButtonsOnMobileDirect\":\"on\",\"showButtonsOnDesktopDirect\":\"on\",\"sgmbSelectedPages\":[\"\"],\"sgmbExcludedPosts\":[\"\"],\"sgmbSelectedCustomPosts\":[],\"showButtonsInPopup\":\"\",\"titleOfPopup\":\"\",\"descriptionOfPopup\":\"\",\"showPopupOnLoad\":\"\",\"showPopupOnScroll\":\"\",\"showPopupOnExit\":\"\",\"openSecondsOfPopup\":\"\",\"googleAnaliticsAccount\":\"\"},\"buttonOptions\":{\"facebook\":{\"label\":\"Share\",\"icon\":\"default-facebook\"},\"twitter\":{\"label\":\"Tweet\",\"icon\":\"default-twitter\",\"via\":\"\",\"hashtags\":\"\"}},\"button\":[\"facebook\",\"twitter\"]}, 1, '', 'http:\/\/www.apucarana.pr.gov.br\/ame\/wp-content\/uploads\/2020\/03\/IMG_2661.jpg', '', 'http:\/\/www.apucarana.pr.gov.br\/ame\/atendimento-volta-ao-normal-nos-centros-infantis-do-nucleo-joao-paulo-e-da-vila-regina\/'); });<\/script><\/div><script> jQuery(\".socialMediaOnEveryPost\").addClass(\"sgmb-left\") <\/script>","protected":false},"excerpt":{"rendered":"<p>Equipes da Secretaria Municipal de Servi\u00e7os P\u00fablicos e da Autarquia Municipal de Educa\u00e7\u00e3o j\u00e1 realizaram a limpeza e a manuten\u00e7\u00e3o dos pr\u00e9dios, que ficaram alagados devido \u00e0 forte chuva de ontem<\/p>\n","protected":false},"author":10,"featured_media":8991,"comment_status":"closed","ping_status":"open","sticky":false,"template":"","format":"standard","meta":[],"categories":[9],"tags":[],"_links":{"self":[{"href":"http:\/\/www.apucarana.pr.gov.br\/ame\/wp-json\/wp\/v2\/posts\/8988"}],"collection":[{"href":"http:\/\/www.apucarana.pr.gov.br\/ame\/wp-json\/wp\/v2\/posts"}],"about":[{"href":"http:\/\/www.apucarana.pr.gov.br\/ame\/wp-json\/wp\/v2\/types\/post"}],"author":[{"embeddable":true,"href":"http:\/\/www.apucarana.pr.gov.br\/ame\/wp-json\/wp\/v2\/users\/10"}],"replies":[{"embeddable":true,"href":"http:\/\/www.apucarana.pr.gov.br\/ame\/wp-json\/wp\/v2\/comments?post=8988"}],"version-history":[{"count":1,"href":"http:\/\/www.apucarana.pr.gov.br\/ame\/wp-json\/wp\/v2\/posts\/8988\/revisions"}],"predecessor-version":[{"id":8996,"href":"http:\/\/www.apucarana.pr.gov.br\/ame\/wp-json\/wp\/v2\/posts\/8988\/revisions\/8996"}],"wp:featuredmedia":[{"embeddable":true,"href":"http:\/\/www.apucarana.pr.gov.br\/ame\/wp-json\/wp\/v2\/media\/8991"}],"wp:attachment":[{"href":"http:\/\/www.apucarana.pr.gov.br\/ame\/wp-json\/wp\/v2\/media?parent=8988"}],"wp:term":[{"taxonomy":"category","embeddable":true,"href":"http:\/\/www.apucarana.pr.gov.br\/ame\/wp-json\/wp\/v2\/categories?post=8988"},{"taxonomy":"post_tag","embeddable":true,"href":"http:\/\/www.apucarana.pr.gov.br\/ame\/wp-json\/wp\/v2\/tags?post=8988"}],"curies":[{"name":"wp","href":"https:\/\/api.w.org\/{rel}","templated":true}]}}