{"id":8969,"date":"2020-02-17T13:46:44","date_gmt":"2020-02-17T16:46:44","guid":{"rendered":"http:\/\/www.apucarana.pr.gov.br\/ame\/?p=8969"},"modified":"2024-10-08T09:10:02","modified_gmt":"2024-10-08T12:10:02","slug":"provas-do-aprende-ocorrem-em-clima-de-tranquilidade","status":"publish","type":"post","link":"http:\/\/www.apucarana.pr.gov.br\/ame\/provas-do-aprende-ocorrem-em-clima-de-tranquilidade\/","title":{"rendered":"Provas do \u201cAprende\u201d ocorrem em clima de tranquilidade"},"content":{"rendered":"<p>O domingo (16\/2) foi de avalia\u00e7\u00e3o para os 1.050 candidatos inscritos no processo seletivo do Programa de Aprendizagem Profissional na Administra\u00e7\u00e3o P\u00fablica Municipal (Aprende). As provas objetivas foram realizadas no per\u00edodo matutino, no campus da Universidade Estadual do Paran\u00e1 (Unespar), em clima de tranquilidade. O gabarito preliminar ser\u00e1 divulgado hoje (17\/2), \u00e0s 17 horas, por meio do site da\u00a0<a href=\"https:\/\/bit.ly\/2V0KojN\">Prefeitura de Apucarana<\/a>.<\/p>\n<p>Segundo o prefeito J\u00fanior da Femac, o Programa Aprende foi institu\u00eddo com o prop\u00f3sito de ampliar as oportunidades de forma\u00e7\u00e3o profissional voltadas \u00e0 juventude apucaranense. \u201cO juiz Maur\u00edcio Mazur, da Justi\u00e7a do Trabalho, concebeu o projeto e o trouxe at\u00e9 a administra\u00e7\u00e3o municipal. Eu e os vereadores da base encampamos prontamente a ideia porque vimos que ela pode contribuir com o desenvolvimento escolar e a inser\u00e7\u00e3o dos jovens no mercado de trabalho,\u201d disse.<\/p>\n<p>O Programa Aprende visa \u00e0 contrata\u00e7\u00e3o de cinquenta aprendizes, com idades entre 14 e 24 anos, por um prazo determinado de no m\u00e1ximo dois anos, para atuar na Prefeitura de Apucarana e na Autarquia Municipal de Educa\u00e7\u00e3o (AME). Os aprovados tamb\u00e9m ser\u00e3o matriculados em curso de forma\u00e7\u00e3o t\u00e9cnico-profissional em servi\u00e7os administrativos.<\/p>\n<p>Cerca de 10% por cento dos 1.050 jovens inscritos n\u00e3o compareceram para a realiza\u00e7\u00e3o da prova. \u00a0\u201cDoze candidatos tiveram o acesso \u00e0s salas negado porque n\u00e3o apresentaram nem o comprovante de inscri\u00e7\u00e3o e nem um documento de identifica\u00e7\u00e3o com foto. Uma gr\u00e1vida sofreu uma leva queda da press\u00e3o arterial, mas foi rapidamente atendida pela equipe do Corpo de Bombeiros, que estava de prontid\u00e3o durante toda a manh\u00e3 no campus da Unespar. Estes foram os \u00fanicos incidentes registrados,\u201d detalhou a secret\u00e1ria de educa\u00e7\u00e3o, Marli Fernandes.<\/p>\n<p>Conforme o edital n\u00ba 22\/2019, o resultado do processo seletivo, com as notas individuais dos candidatos e a classifica\u00e7\u00e3o definitiva para o preenchimento das vagas, ap\u00f3s a aplica\u00e7\u00e3o dos grupos obrigat\u00f3rios e priorit\u00e1rios, ser\u00e1 divulgado na pr\u00f3xima sexta-feira (21\/2), mediante publica\u00e7\u00e3o no portal da\u00a0<a href=\"http:\/\/www.apucarana.pr.gov.br\/\">Prefeitura de Apucarana<\/a>.<\/p>\n<div class = 'socialMediaOnEveryPost'>Compartilhe<div id=\"sgmbShare1-1\" class=\"sgmbShare jssocials-theme-classic sgmbWidget1-1\"><\/div><div class=\"dropdownWrapper dropdownWrapper1 dropdownWrapper-for-widget \" id=\"dropdownWrapper-for-widget\">\r\n\t\t\t\t\t\t<div class=\"dropdownLabel\" id=\"dropdownLabel-share-list\"><span class=\"sgmbButtonListLabel1\">Share List<\/span><\/div>\r\n\t\t\t\t\t\t<div class=\"dropdownPanel dropdownPanel1-1\">\r\n\t\t\t\t\t\t<\/div>\r\n\t\t\t\t\t<\/div><script>  SGMB_URL = \"http:\/\/www.apucarana.pr.gov.br\/ame\/wp-content\/plugins\/social-media-builder\/\"; jQuery(\".dropdownWrapper\").hide(); SGMB_GOOGLE_ACOUNT = \"\"; <\/script><script type=\"text\/javascript\">\r\n\t\tjQuery(document).ready(function($){var widget = new SGMBWidget();widget.show({\"id\":\"1\",\"title\":\"Face\\\/Twitter\",\"options\":{\"currentUrl\":\"1\",\"url\":\"\",\"shareText\":\"\",\"fontSize\":\"14\",\"betweenButtons\":\"1px\",\"theme\":\"classic\",\"sgmbButtonsPosition\":\"bottomLeft\",\"socialTheme\":\"\",\"icon\":\"default\",\"buttonsPanelEffect\":\"No Effect\",\"buttonsEffect\":\"No Effect\",\"iconsEffect\":\"No Effect\",\"buttons\":\"{\\\"facebook\\\":{\\\"label\\\":\\\"Share\\\",\\\"icon\\\":\\\"default-facebook\\\"},\\\"twitter\\\":{\\\"label\\\":\\\"Tweet\\\",\\\"icon\\\":\\\"default-twitter\\\",\\\"via\\\":\\\"\\\",\\\"hashtags\\\":\\\"\\\"}}\",\"roundButton\":\"\",\"showLabels\":\"\",\"showCounts\":\"\",\"showCenter\":\"\",\"showButtonsAsList\":\"\",\"sgmbDropdownColor\":\"\",\"sgmbDropdownLabelFontSize\":\"14\",\"sgmbDropdownLabelColor\":\"\",\"showButtonsOnEveryPost\":\"on\",\"selectedOrExcluded\":\"\",\"showButtonsOnEveryPage\":\"\",\"textOnEveryPost\":\"Compartilhe\",\"showButtonsOnCustomPost\":\"\",\"textOnCustomPost\":\"\",\"showButtonsOnMobileDirect\":\"on\",\"showButtonsOnDesktopDirect\":\"on\",\"sgmbSelectedPages\":[\"\"],\"sgmbExcludedPosts\":[\"\"],\"sgmbSelectedCustomPosts\":[],\"showButtonsInPopup\":\"\",\"titleOfPopup\":\"\",\"descriptionOfPopup\":\"\",\"showPopupOnLoad\":\"\",\"showPopupOnScroll\":\"\",\"showPopupOnExit\":\"\",\"openSecondsOfPopup\":\"\",\"googleAnaliticsAccount\":\"\"},\"buttonOptions\":{\"facebook\":{\"label\":\"Share\",\"icon\":\"default-facebook\"},\"twitter\":{\"label\":\"Tweet\",\"icon\":\"default-twitter\",\"via\":\"\",\"hashtags\":\"\"}},\"button\":[\"facebook\",\"twitter\"]}, 1, '', 'http:\/\/www.apucarana.pr.gov.br\/ame\/wp-content\/uploads\/2020\/02\/IMG_7741.jpg', '', 'http:\/\/www.apucarana.pr.gov.br\/ame\/provas-do-aprende-ocorrem-em-clima-de-tranquilidade\/'); });<\/script><\/div><script> jQuery(\".socialMediaOnEveryPost\").addClass(\"sgmb-left\") <\/script>","protected":false},"excerpt":{"rendered":"<p>O Programa Aprende visa \u00e0 contrata\u00e7\u00e3o de cinquenta aprendizes, com idades entre 14 e 24 anos, por um prazo determinado de no m\u00e1ximo dois anos, para atuar na administra\u00e7\u00e3o p\u00fablica municipal<\/p>\n","protected":false},"author":10,"featured_media":8973,"comment_status":"closed","ping_status":"open","sticky":false,"template":"","format":"standard","meta":[],"categories":[9],"tags":[],"_links":{"self":[{"href":"http:\/\/www.apucarana.pr.gov.br\/ame\/wp-json\/wp\/v2\/posts\/8969"}],"collection":[{"href":"http:\/\/www.apucarana.pr.gov.br\/ame\/wp-json\/wp\/v2\/posts"}],"about":[{"href":"http:\/\/www.apucarana.pr.gov.br\/ame\/wp-json\/wp\/v2\/types\/post"}],"author":[{"embeddable":true,"href":"http:\/\/www.apucarana.pr.gov.br\/ame\/wp-json\/wp\/v2\/users\/10"}],"replies":[{"embeddable":true,"href":"http:\/\/www.apucarana.pr.gov.br\/ame\/wp-json\/wp\/v2\/comments?post=8969"}],"version-history":[{"count":1,"href":"http:\/\/www.apucarana.pr.gov.br\/ame\/wp-json\/wp\/v2\/posts\/8969\/revisions"}],"predecessor-version":[{"id":8977,"href":"http:\/\/www.apucarana.pr.gov.br\/ame\/wp-json\/wp\/v2\/posts\/8969\/revisions\/8977"}],"wp:featuredmedia":[{"embeddable":true,"href":"http:\/\/www.apucarana.pr.gov.br\/ame\/wp-json\/wp\/v2\/media\/8973"}],"wp:attachment":[{"href":"http:\/\/www.apucarana.pr.gov.br\/ame\/wp-json\/wp\/v2\/media?parent=8969"}],"wp:term":[{"taxonomy":"category","embeddable":true,"href":"http:\/\/www.apucarana.pr.gov.br\/ame\/wp-json\/wp\/v2\/categories?post=8969"},{"taxonomy":"post_tag","embeddable":true,"href":"http:\/\/www.apucarana.pr.gov.br\/ame\/wp-json\/wp\/v2\/tags?post=8969"}],"curies":[{"name":"wp","href":"https:\/\/api.w.org\/{rel}","templated":true}]}}