{"id":8966,"date":"2020-02-14T12:25:15","date_gmt":"2020-02-14T14:25:15","guid":{"rendered":"http:\/\/www.apucarana.pr.gov.br\/ame\/?p=8966"},"modified":"2024-10-08T09:10:02","modified_gmt":"2024-10-08T12:10:02","slug":"programa-aprende-as-provas-serao-realizadas-neste-domingo-no-campus-da-unespar","status":"publish","type":"post","link":"http:\/\/www.apucarana.pr.gov.br\/ame\/programa-aprende-as-provas-serao-realizadas-neste-domingo-no-campus-da-unespar\/","title":{"rendered":"Programa Aprende: as provas ser\u00e3o realizadas neste domingo no campus da Unespar"},"content":{"rendered":"<p>A Prefeitura de Apucarana, por meio da Autarquia de Educa\u00e7\u00e3o, comunica que as provas do processo seletivo do Programa de Aprendizagem Profissional na Administra\u00e7\u00e3o P\u00fablica Municipal (Aprende) ser\u00e3o realizadas neste domingo (16\/2), no campus da Universidade Estadual do Paran\u00e1 (UNESPAR\/FECEA), situado \u00e0 Avenida Minas Gerais, n\u00ba 5021.<\/p>\n<p>Conforme o edital n\u00ba 001\/2020, publicado no\u00a0<a href=\"http:\/\/sys.apucarana.pr.gov.br\/apucarana-pr\/uploads\/EDITAL_001_APRENDE_1581001593.pdf\">site oficial do munic\u00edpio<\/a>, a abertura dos port\u00f5es acontecer\u00e1 \u00e0s 8 horas e o fechamento \u00e0s 8h 45min. A prova come\u00e7ar\u00e1 pontualmente \u00e0s 9 horas e ter\u00e1 dura\u00e7\u00e3o de tr\u00eas horas. O ingresso nas salas somente ser\u00e1 permitido ao candidato munido de comprovante de inscri\u00e7\u00e3o e um documento de identifica\u00e7\u00e3o original com foto.<\/p>\n<p>A secret\u00e1ria de educa\u00e7\u00e3o, Marli Fernandes, recomenda que os inscritos fiquem atentos aos hor\u00e1rios estabelecidos para evitar poss\u00edveis transtornos e tumultos. \u201cAssim que chegarem \u00e0 Unespar, os candidatos devem verificar o n\u00famero da sala onde realizar\u00e3o a prova, que estar\u00e1 disposto em um mural na entrada do pr\u00e9dio. Lembramos tamb\u00e9m que os gabaritos devem ser preenchidos com caneta esferogr\u00e1fica azul ou preta,\u201d afirmou.<\/p>\n<p>A prova compreender\u00e1 vinte quest\u00f5es de m\u00faltipla escolha, sendo seis de l\u00edngua portuguesa, seis de matem\u00e1tica e oito de conhecimentos gerais e \u00e9tica. As quest\u00f5es foram elaboradas pela equipe pedag\u00f3gica da Autarquia Municipal de Educa\u00e7\u00e3o.<\/p>\n<p>O prefeito J\u00fanior da Femac lembra que a oferta de vagas de aprendizagem profissional na administra\u00e7\u00e3o p\u00fablica municipal foi idealizada pelo diretor do F\u00f3rum da Justi\u00e7a do Trabalho, juiz Maur\u00edcio Mazur, e encampada pela prefeitura com apoio dos vereadores da base. \u201cN\u00f3s estamos surpresos com o grande n\u00famero de inscri\u00e7\u00f5es. Um total de 1.050 jovens, com idades entre 14 e 24 anos, vai concorrer \u00e0s cinquenta vagas ofertadas. Boa sorte aos candidatos!\u201d desejou.<\/p>\n<p>Os aprovados v\u00e3o participar de uma forma\u00e7\u00e3o t\u00e9cnico-profissional em servi\u00e7os administrativos. A aprendizagem ter\u00e1 uma carga hor\u00e1ria total de mil horas, distribu\u00eddas entre o trabalho e o curso de aprendizagem. \u201cAs atividades ser\u00e3o desenvolvidas no contraturno escolar do jovem aprendiz, somando uma carga hor\u00e1ria di\u00e1ria de quatro horas\u201d, explica Paulo Vital, procurador-jur\u00eddico da Prefeitura de Apucarana. O contrato de aprendizagem ter\u00e1 dura\u00e7\u00e3o de um ano e a remunera\u00e7\u00e3o ser\u00e1 de um sal\u00e1rio m\u00ednimo, em valor proporcional \u00e0 carga hor\u00e1ria trabalhada.<\/p>\n<p>Para mais informa\u00e7\u00f5es, os candidatos devem acessar o edital n\u00ba 001\/2020, dispon\u00edvel no seguinte endere\u00e7o eletr\u00f4nico:\u00a0<a href=\"http:\/\/sys.apucarana.pr.gov.br\/apucarana-pr\/uploads\/EDITAL_001_APRENDE_1581001593.pdf\">http:\/\/sys.apucarana.pr.gov.br\/apucarana-pr\/uploads\/EDITAL_001_APRENDE_1581001593.pdf<\/a><\/p>\n<div class = 'socialMediaOnEveryPost'>Compartilhe<div id=\"sgmbShare1-1\" class=\"sgmbShare jssocials-theme-classic sgmbWidget1-1\"><\/div><div class=\"dropdownWrapper dropdownWrapper1 dropdownWrapper-for-widget \" id=\"dropdownWrapper-for-widget\">\r\n\t\t\t\t\t\t<div class=\"dropdownLabel\" id=\"dropdownLabel-share-list\"><span class=\"sgmbButtonListLabel1\">Share List<\/span><\/div>\r\n\t\t\t\t\t\t<div class=\"dropdownPanel dropdownPanel1-1\">\r\n\t\t\t\t\t\t<\/div>\r\n\t\t\t\t\t<\/div><script>  SGMB_URL = \"http:\/\/www.apucarana.pr.gov.br\/ame\/wp-content\/plugins\/social-media-builder\/\"; jQuery(\".dropdownWrapper\").hide(); SGMB_GOOGLE_ACOUNT = \"\"; <\/script><script type=\"text\/javascript\">\r\n\t\tjQuery(document).ready(function($){var widget = new SGMBWidget();widget.show({\"id\":\"1\",\"title\":\"Face\\\/Twitter\",\"options\":{\"currentUrl\":\"1\",\"url\":\"\",\"shareText\":\"\",\"fontSize\":\"14\",\"betweenButtons\":\"1px\",\"theme\":\"classic\",\"sgmbButtonsPosition\":\"bottomLeft\",\"socialTheme\":\"\",\"icon\":\"default\",\"buttonsPanelEffect\":\"No Effect\",\"buttonsEffect\":\"No Effect\",\"iconsEffect\":\"No Effect\",\"buttons\":\"{\\\"facebook\\\":{\\\"label\\\":\\\"Share\\\",\\\"icon\\\":\\\"default-facebook\\\"},\\\"twitter\\\":{\\\"label\\\":\\\"Tweet\\\",\\\"icon\\\":\\\"default-twitter\\\",\\\"via\\\":\\\"\\\",\\\"hashtags\\\":\\\"\\\"}}\",\"roundButton\":\"\",\"showLabels\":\"\",\"showCounts\":\"\",\"showCenter\":\"\",\"showButtonsAsList\":\"\",\"sgmbDropdownColor\":\"\",\"sgmbDropdownLabelFontSize\":\"14\",\"sgmbDropdownLabelColor\":\"\",\"showButtonsOnEveryPost\":\"on\",\"selectedOrExcluded\":\"\",\"showButtonsOnEveryPage\":\"\",\"textOnEveryPost\":\"Compartilhe\",\"showButtonsOnCustomPost\":\"\",\"textOnCustomPost\":\"\",\"showButtonsOnMobileDirect\":\"on\",\"showButtonsOnDesktopDirect\":\"on\",\"sgmbSelectedPages\":[\"\"],\"sgmbExcludedPosts\":[\"\"],\"sgmbSelectedCustomPosts\":[],\"showButtonsInPopup\":\"\",\"titleOfPopup\":\"\",\"descriptionOfPopup\":\"\",\"showPopupOnLoad\":\"\",\"showPopupOnScroll\":\"\",\"showPopupOnExit\":\"\",\"openSecondsOfPopup\":\"\",\"googleAnaliticsAccount\":\"\"},\"buttonOptions\":{\"facebook\":{\"label\":\"Share\",\"icon\":\"default-facebook\"},\"twitter\":{\"label\":\"Tweet\",\"icon\":\"default-twitter\",\"via\":\"\",\"hashtags\":\"\"}},\"button\":[\"facebook\",\"twitter\"]}, 1, '', 'http:\/\/www.apucarana.pr.gov.br\/ame\/wp-content\/uploads\/2020\/02\/Processo-seletivo-Programa-Aprende.jpg', '', 'http:\/\/www.apucarana.pr.gov.br\/ame\/programa-aprende-as-provas-serao-realizadas-neste-domingo-no-campus-da-unespar\/'); });<\/script><\/div><script> jQuery(\".socialMediaOnEveryPost\").addClass(\"sgmb-left\") <\/script>","protected":false},"excerpt":{"rendered":"<p>Ao todo, 1.050 jovens inscreveram-se no processo seletivo e est\u00e3o concorrendo \u00e0s cinquenta vagas ofertadas pela administra\u00e7\u00e3o p\u00fablica municipal<\/p>\n","protected":false},"author":10,"featured_media":8967,"comment_status":"closed","ping_status":"open","sticky":false,"template":"","format":"standard","meta":[],"categories":[9],"tags":[],"_links":{"self":[{"href":"http:\/\/www.apucarana.pr.gov.br\/ame\/wp-json\/wp\/v2\/posts\/8966"}],"collection":[{"href":"http:\/\/www.apucarana.pr.gov.br\/ame\/wp-json\/wp\/v2\/posts"}],"about":[{"href":"http:\/\/www.apucarana.pr.gov.br\/ame\/wp-json\/wp\/v2\/types\/post"}],"author":[{"embeddable":true,"href":"http:\/\/www.apucarana.pr.gov.br\/ame\/wp-json\/wp\/v2\/users\/10"}],"replies":[{"embeddable":true,"href":"http:\/\/www.apucarana.pr.gov.br\/ame\/wp-json\/wp\/v2\/comments?post=8966"}],"version-history":[{"count":1,"href":"http:\/\/www.apucarana.pr.gov.br\/ame\/wp-json\/wp\/v2\/posts\/8966\/revisions"}],"predecessor-version":[{"id":8968,"href":"http:\/\/www.apucarana.pr.gov.br\/ame\/wp-json\/wp\/v2\/posts\/8966\/revisions\/8968"}],"wp:featuredmedia":[{"embeddable":true,"href":"http:\/\/www.apucarana.pr.gov.br\/ame\/wp-json\/wp\/v2\/media\/8967"}],"wp:attachment":[{"href":"http:\/\/www.apucarana.pr.gov.br\/ame\/wp-json\/wp\/v2\/media?parent=8966"}],"wp:term":[{"taxonomy":"category","embeddable":true,"href":"http:\/\/www.apucarana.pr.gov.br\/ame\/wp-json\/wp\/v2\/categories?post=8966"},{"taxonomy":"post_tag","embeddable":true,"href":"http:\/\/www.apucarana.pr.gov.br\/ame\/wp-json\/wp\/v2\/tags?post=8966"}],"curies":[{"name":"wp","href":"https:\/\/api.w.org\/{rel}","templated":true}]}}