{"id":8962,"date":"2020-02-05T19:40:39","date_gmt":"2020-02-05T21:40:39","guid":{"rendered":"http:\/\/www.apucarana.pr.gov.br\/ame\/?p=8962"},"modified":"2024-10-08T09:10:02","modified_gmt":"2024-10-08T12:10:02","slug":"doze-mil-alunos-iniciam-o-ano-letivo-na-rede-municipal-de-apucarana","status":"publish","type":"post","link":"http:\/\/www.apucarana.pr.gov.br\/ame\/doze-mil-alunos-iniciam-o-ano-letivo-na-rede-municipal-de-apucarana\/","title":{"rendered":"Doze mil alunos iniciam o ano letivo na rede municipal de Apucarana"},"content":{"rendered":"<p>Aproximadamente 12 mil estudantes est\u00e3o voltando \u00e0s aulas esta semana na rede municipal de Apucarana. Os 24 centros infantis (CMEIs) abriram suas portas hoje (5\/2) para receber as 2.500 crian\u00e7as matriculadas. J\u00e1 os 9.400 alunos das 35 escolas s\u00e3o esperados nesta quinta-feira (6\/2).<\/p>\n<p>Cumprindo o compromisso assumido com a popula\u00e7\u00e3o, a administra\u00e7\u00e3o municipal est\u00e1 repassando os uniformes e materiais escolares que foram adquiridos para os estudantes j\u00e1 no primeiro dia letivo. O investimento p\u00fablico somou quase R$ 3 milh\u00f5es. O prefeito J\u00fanior da Femac e a secret\u00e1ria de educa\u00e7\u00e3o Marli Fernandes acompanharam hoje a entrega no CMEI Maria dos Santos Gravena e devem visitar amanh\u00e3 a Escola Augusto Weyand.<\/p>\n<p>\u201cNeste ano, n\u00f3s fizemos a licita\u00e7\u00e3o dos produtos com uma anteced\u00eancia maior. A maioria dos processos come\u00e7ou em julho de 2019. Foi um desafio que eu propus \u00e0 minha equipe, com o objetivo de evitar transtornos, como em anos anteriores, quando empresas participantes do certame entraram em disputa entre si e ocasionaram atraso na entrega dos itens,\u201d explicou o gestor.<\/p>\n<p>Em rela\u00e7\u00e3o aos uniformes, cada aluno dos centros infantis e escolas deve receber uma jaqueta, uma cal\u00e7a, uma bermuda, duas camisetas de manga curta e uma de manga longa. O conjunto de materiais escolares, por sua vez, varia de acordo com a s\u00e9rie em que a crian\u00e7a est\u00e1 matriculada. Os principais componentes s\u00e3o cadernos de linguagem, de aritm\u00e9tica e de desenho, canetas, l\u00e1pis, borrachas, pastas, r\u00e9guas, tesouras, colas, tintas guache, gizes de cera, massas de modelar e estojos.<\/p>\n<p>\u201cOs uniformes t\u00eam um bom acabamento os materiais s\u00e3o das melhores marcas do mercado. A situa\u00e7\u00e3o financeira das fam\u00edlias est\u00e1 bem dif\u00edcil hoje em dia. Por isso, \u00e9 t\u00e3o bom saber que nossos filhos ter\u00e3o produtos de excelente qualidade para estudar e que n\u00f3s n\u00e3o precisaremos tirar dinheiro da renda de casa para comprar tudo isso para eles,\u201d afirmou Karine Matias de Lima, que \u00e9 m\u00e3e de dois alunos matriculados no CMEI Maria dos Santos Gravena e na Escola Karel Kober.<\/p>\n<p>O prefeito J\u00fanior da Femac frisou que os estudantes s\u00e3o tratados de forma igualit\u00e1ria na rede municipal de ensino. \u201cO mesmo uniforme e material que \u00e9 distribu\u00eddo na \u00e1rea central tamb\u00e9m chega aos alunos dos bairros e distritos. Os pais reclamavam bastante que, em gest\u00f5es passadas, apenas algumas escolas municipais ofertavam aulas de l\u00edngua inglesa para as crian\u00e7as. Hoje, o curr\u00edculo \u00e9 o mesmo nas 59 unidades de ensino. Todos os estudantes aprendem Ingl\u00eas e o Espanhol est\u00e1 sendo implantado na rede a partir deste ano,\u201d disse.<\/p>\n<p>A secret\u00e1ria de educa\u00e7\u00e3o, Marli Fernandes, falou sobre os preparativos para o in\u00edcio do ano letivo. \u201cAntes que as crian\u00e7as voltassem \u00e0s aulas, nossas equipes percorreram as unidades de ensino verificando a necessidade de reposi\u00e7\u00e3o de carteiras e cadeiras, fazendo o abastecimento da merenda e planejando a log\u00edstica do transporte escolar. Todos os centros infantis e escolas est\u00e3o devidamente equipados com netbooks e tablets, bibliotecas itinerantes, brinquedotecas, entre outros materiais pedag\u00f3gicos. Cerca de 1.400 professores, assistentes infantis e servidores tamb\u00e9m passaram por forma\u00e7\u00e3o continuada. \u00c9 um trabalho grande,\u201d detalhou.<\/p>\n<p>O calend\u00e1rio do ano letivo de 2020 e os card\u00e1pios da merenda escolar para o m\u00eas de fevereiro j\u00e1 est\u00e3o dispon\u00edveis no site da Autarquia Municipal de Educa\u00e7\u00e3o. Eles podem ser acessados por meio do endere\u00e7o: www.apucarana.pr.gov.br\/ame.<\/p>\n<p>A diretora do Departamento de Alimenta\u00e7\u00e3o Escolar, Jaqueline de Oliveira, explica que os card\u00e1pios s\u00e3o elaborados por tr\u00eas nutricionistas, seguindo as orienta\u00e7\u00f5es do Programa Nacional de Alimenta\u00e7\u00e3o Escolar (PNAE). \u201cN\u00f3s priorizamos as frutas, verduras e legumes, que tem alto teor nutricional. Os alunos que possuem alguma condi\u00e7\u00e3o de sa\u00fade, como diabetes e intoler\u00e2ncia ao gl\u00faten e \u00e0 lactose, tamb\u00e9m recebem produtos espec\u00edficos,\u201d afirmou.<\/p>\n<p>A Prefeitura vem investindo ainda na reforma e amplia\u00e7\u00e3o dos pr\u00e9dios escolares. S\u00e3o aproximadamente R$ 50 milh\u00f5es aplicados em obras nos \u00faltimos anos. \u201cGra\u00e7as a esse esfor\u00e7o da gest\u00e3o Beto Preto e J\u00fanior da Femac, praticamente todos os CMEIs e Escolas da rede municipal est\u00e3o adequados hoje \u00e0s normas atuais de seguran\u00e7a e acessibilidade, previstas pelo Fundo Nacional de Desenvolvimento da Educa\u00e7\u00e3o (FNDE), o Corpo de Bombeiros e a Vigil\u00e2ncia Sanit\u00e1ria,\u201d garante a superintendente de engenharia e obras da Autarquia Municipal de Educa\u00e7\u00e3o, Miriam Elena Favaretto Corbacho.<\/p>\n<div class = 'socialMediaOnEveryPost'>Compartilhe<div id=\"sgmbShare1-1\" class=\"sgmbShare jssocials-theme-classic sgmbWidget1-1\"><\/div><div class=\"dropdownWrapper dropdownWrapper1 dropdownWrapper-for-widget \" id=\"dropdownWrapper-for-widget\">\r\n\t\t\t\t\t\t<div class=\"dropdownLabel\" id=\"dropdownLabel-share-list\"><span class=\"sgmbButtonListLabel1\">Share List<\/span><\/div>\r\n\t\t\t\t\t\t<div class=\"dropdownPanel dropdownPanel1-1\">\r\n\t\t\t\t\t\t<\/div>\r\n\t\t\t\t\t<\/div><script>  SGMB_URL = \"http:\/\/www.apucarana.pr.gov.br\/ame\/wp-content\/plugins\/social-media-builder\/\"; jQuery(\".dropdownWrapper\").hide(); SGMB_GOOGLE_ACOUNT = \"\"; <\/script><script type=\"text\/javascript\">\r\n\t\tjQuery(document).ready(function($){var widget = new SGMBWidget();widget.show({\"id\":\"1\",\"title\":\"Face\\\/Twitter\",\"options\":{\"currentUrl\":\"1\",\"url\":\"\",\"shareText\":\"\",\"fontSize\":\"14\",\"betweenButtons\":\"1px\",\"theme\":\"classic\",\"sgmbButtonsPosition\":\"bottomLeft\",\"socialTheme\":\"\",\"icon\":\"default\",\"buttonsPanelEffect\":\"No Effect\",\"buttonsEffect\":\"No Effect\",\"iconsEffect\":\"No Effect\",\"buttons\":\"{\\\"facebook\\\":{\\\"label\\\":\\\"Share\\\",\\\"icon\\\":\\\"default-facebook\\\"},\\\"twitter\\\":{\\\"label\\\":\\\"Tweet\\\",\\\"icon\\\":\\\"default-twitter\\\",\\\"via\\\":\\\"\\\",\\\"hashtags\\\":\\\"\\\"}}\",\"roundButton\":\"\",\"showLabels\":\"\",\"showCounts\":\"\",\"showCenter\":\"\",\"showButtonsAsList\":\"\",\"sgmbDropdownColor\":\"\",\"sgmbDropdownLabelFontSize\":\"14\",\"sgmbDropdownLabelColor\":\"\",\"showButtonsOnEveryPost\":\"on\",\"selectedOrExcluded\":\"\",\"showButtonsOnEveryPage\":\"\",\"textOnEveryPost\":\"Compartilhe\",\"showButtonsOnCustomPost\":\"\",\"textOnCustomPost\":\"\",\"showButtonsOnMobileDirect\":\"on\",\"showButtonsOnDesktopDirect\":\"on\",\"sgmbSelectedPages\":[\"\"],\"sgmbExcludedPosts\":[\"\"],\"sgmbSelectedCustomPosts\":[],\"showButtonsInPopup\":\"\",\"titleOfPopup\":\"\",\"descriptionOfPopup\":\"\",\"showPopupOnLoad\":\"\",\"showPopupOnScroll\":\"\",\"showPopupOnExit\":\"\",\"openSecondsOfPopup\":\"\",\"googleAnaliticsAccount\":\"\"},\"buttonOptions\":{\"facebook\":{\"label\":\"Share\",\"icon\":\"default-facebook\"},\"twitter\":{\"label\":\"Tweet\",\"icon\":\"default-twitter\",\"via\":\"\",\"hashtags\":\"\"}},\"button\":[\"facebook\",\"twitter\"]}, 1, '', 'http:\/\/www.apucarana.pr.gov.br\/ame\/wp-content\/uploads\/2020\/02\/IMG_3761.jpg', '', 'http:\/\/www.apucarana.pr.gov.br\/ame\/doze-mil-alunos-iniciam-o-ano-letivo-na-rede-municipal-de-apucarana\/'); });<\/script><\/div><script> jQuery(\".socialMediaOnEveryPost\").addClass(\"sgmb-left\") <\/script>","protected":false},"excerpt":{"rendered":"<p>A Prefeitura faz a distribui\u00e7\u00e3o dos uniformes e materiais escolares j\u00e1 no primeiro dia de aulas  <\/p>\n","protected":false},"author":10,"featured_media":8957,"comment_status":"closed","ping_status":"open","sticky":false,"template":"","format":"standard","meta":[],"categories":[9],"tags":[],"_links":{"self":[{"href":"http:\/\/www.apucarana.pr.gov.br\/ame\/wp-json\/wp\/v2\/posts\/8962"}],"collection":[{"href":"http:\/\/www.apucarana.pr.gov.br\/ame\/wp-json\/wp\/v2\/posts"}],"about":[{"href":"http:\/\/www.apucarana.pr.gov.br\/ame\/wp-json\/wp\/v2\/types\/post"}],"author":[{"embeddable":true,"href":"http:\/\/www.apucarana.pr.gov.br\/ame\/wp-json\/wp\/v2\/users\/10"}],"replies":[{"embeddable":true,"href":"http:\/\/www.apucarana.pr.gov.br\/ame\/wp-json\/wp\/v2\/comments?post=8962"}],"version-history":[{"count":1,"href":"http:\/\/www.apucarana.pr.gov.br\/ame\/wp-json\/wp\/v2\/posts\/8962\/revisions"}],"predecessor-version":[{"id":8963,"href":"http:\/\/www.apucarana.pr.gov.br\/ame\/wp-json\/wp\/v2\/posts\/8962\/revisions\/8963"}],"wp:featuredmedia":[{"embeddable":true,"href":"http:\/\/www.apucarana.pr.gov.br\/ame\/wp-json\/wp\/v2\/media\/8957"}],"wp:attachment":[{"href":"http:\/\/www.apucarana.pr.gov.br\/ame\/wp-json\/wp\/v2\/media?parent=8962"}],"wp:term":[{"taxonomy":"category","embeddable":true,"href":"http:\/\/www.apucarana.pr.gov.br\/ame\/wp-json\/wp\/v2\/categories?post=8962"},{"taxonomy":"post_tag","embeddable":true,"href":"http:\/\/www.apucarana.pr.gov.br\/ame\/wp-json\/wp\/v2\/tags?post=8962"}],"curies":[{"name":"wp","href":"https:\/\/api.w.org\/{rel}","templated":true}]}}