{"id":8935,"date":"2020-02-03T17:20:17","date_gmt":"2020-02-03T19:20:17","guid":{"rendered":"http:\/\/www.apucarana.pr.gov.br\/ame\/?p=8935"},"modified":"2024-10-08T09:10:02","modified_gmt":"2024-10-08T12:10:02","slug":"apucarana-promove-formacao-continuada-para-professores-e-servidores-da-rede-municipal-de-ensino","status":"publish","type":"post","link":"http:\/\/www.apucarana.pr.gov.br\/ame\/apucarana-promove-formacao-continuada-para-professores-e-servidores-da-rede-municipal-de-ensino\/","title":{"rendered":"Apucarana promove forma\u00e7\u00e3o continuada para professores  e servidores da rede municipal de ensino"},"content":{"rendered":"<p>Cerca de 1.400 professores, assistentes infantis e servidores da rede municipal de ensino apucaranense est\u00e3o passando por forma\u00e7\u00e3o continuada nesta semana (3 a 7\/2). O prefeito J\u00fanior da Femac participou da abertura da programa\u00e7\u00e3o, na manh\u00e3 de hoje, no audit\u00f3rio Gralha Azul, da Universidade Estadual do Paran\u00e1 (Unespar\/Fecea).<\/p>\n<p>Entre as atividades previstas, est\u00e3o o planejamento do novo ano letivo, a an\u00e1lise dos resultados do ano anterior e a revitaliza\u00e7\u00e3o dos Planos de Trabalho Docente (PTD) e dos Projetos Pol\u00edtico-Pedag\u00f3gicos das unidades de ensino.<\/p>\n<p>\u201cN\u00f3s tamb\u00e9m preparamos algumas palestras com temas relevantes. O professor Carlos Alberto de Oliveira (Azeitona) trabalhou hoje com os educadores sobre os desdobramentos no cotidiano escolar das compet\u00eancias gerais da Base Nacional Comum Curricular. J\u00e1 amanh\u00e3, n\u00f3s receberemos a visita da ex-presidente do INEP (Instituto Nacional de Pesquisas Educacionais An\u00edsio Teixeira), professora Maria In\u00eas Fini, que vai abordar os desafios da avalia\u00e7\u00e3o de aprendizagem a partir do Referencial Curricular do Paran\u00e1,\u201d disse a secret\u00e1ria municipal de educa\u00e7\u00e3o, Marli Fernandes.<\/p>\n<p>Ela afirmou ainda que as sessenta unidades de ensino da rede j\u00e1 est\u00e3o preparadas para receber os mais de 12 mil estudantes matriculados. O in\u00edcio das aulas deve acontecer na pr\u00f3xima quarta-feira (5) para as crian\u00e7as dos centros infantis (CMEIs) e na quinta-feira (6) para os alunos das escolas. \u201cOs pr\u00e9dios foram abastecidos com merenda e a log\u00edstica do transporte est\u00e1 preparada. Os uniformes e materiais escolares devem ser repassados a todos j\u00e1 no primeiro dia,\u201d garantiu.<\/p>\n<p>O prefeito J\u00fanior da Femac destacou o bom momento que Apucarana vive na Educa\u00e7\u00e3o. \u201cEu me lembro de que, h\u00e1 alguns anos, a pr\u00e1tica corrente era os pais comprarem os materiais escolares para os filhos. No in\u00edcio de cada ano, as escolas municipais encaminhavam listas enormes \u00e0s fam\u00edlias, pedindo at\u00e9 itens como papel higi\u00eanico. Isso n\u00e3o acontece mais. Hoje, a prefeitura garante os materiais e uniformes que as crian\u00e7as necessitam para estudar. Todas as escolas da rede tamb\u00e9m seguem o mesmo curr\u00edculo e os professores est\u00e3o em constante forma\u00e7\u00e3o. Outra novidade \u00e9 que, a partir de 2020, os alunos do Pr\u00e9 ao 5\u00ba Ano passar\u00e3o a aprender espanhol, al\u00e9m das aulas de ingl\u00eas que j\u00e1 fazem parte da grade de conte\u00fados,\u201d detalhou o gestor.<\/p>\n<div class = 'socialMediaOnEveryPost'>Compartilhe<div id=\"sgmbShare1-1\" class=\"sgmbShare jssocials-theme-classic sgmbWidget1-1\"><\/div><div class=\"dropdownWrapper dropdownWrapper1 dropdownWrapper-for-widget \" id=\"dropdownWrapper-for-widget\">\r\n\t\t\t\t\t\t<div class=\"dropdownLabel\" id=\"dropdownLabel-share-list\"><span class=\"sgmbButtonListLabel1\">Share List<\/span><\/div>\r\n\t\t\t\t\t\t<div class=\"dropdownPanel dropdownPanel1-1\">\r\n\t\t\t\t\t\t<\/div>\r\n\t\t\t\t\t<\/div><script>  SGMB_URL = \"http:\/\/www.apucarana.pr.gov.br\/ame\/wp-content\/plugins\/social-media-builder\/\"; jQuery(\".dropdownWrapper\").hide(); SGMB_GOOGLE_ACOUNT = \"\"; <\/script><script type=\"text\/javascript\">\r\n\t\tjQuery(document).ready(function($){var widget = new SGMBWidget();widget.show({\"id\":\"1\",\"title\":\"Face\\\/Twitter\",\"options\":{\"currentUrl\":\"1\",\"url\":\"\",\"shareText\":\"\",\"fontSize\":\"14\",\"betweenButtons\":\"1px\",\"theme\":\"classic\",\"sgmbButtonsPosition\":\"bottomLeft\",\"socialTheme\":\"\",\"icon\":\"default\",\"buttonsPanelEffect\":\"No Effect\",\"buttonsEffect\":\"No Effect\",\"iconsEffect\":\"No Effect\",\"buttons\":\"{\\\"facebook\\\":{\\\"label\\\":\\\"Share\\\",\\\"icon\\\":\\\"default-facebook\\\"},\\\"twitter\\\":{\\\"label\\\":\\\"Tweet\\\",\\\"icon\\\":\\\"default-twitter\\\",\\\"via\\\":\\\"\\\",\\\"hashtags\\\":\\\"\\\"}}\",\"roundButton\":\"\",\"showLabels\":\"\",\"showCounts\":\"\",\"showCenter\":\"\",\"showButtonsAsList\":\"\",\"sgmbDropdownColor\":\"\",\"sgmbDropdownLabelFontSize\":\"14\",\"sgmbDropdownLabelColor\":\"\",\"showButtonsOnEveryPost\":\"on\",\"selectedOrExcluded\":\"\",\"showButtonsOnEveryPage\":\"\",\"textOnEveryPost\":\"Compartilhe\",\"showButtonsOnCustomPost\":\"\",\"textOnCustomPost\":\"\",\"showButtonsOnMobileDirect\":\"on\",\"showButtonsOnDesktopDirect\":\"on\",\"sgmbSelectedPages\":[\"\"],\"sgmbExcludedPosts\":[\"\"],\"sgmbSelectedCustomPosts\":[],\"showButtonsInPopup\":\"\",\"titleOfPopup\":\"\",\"descriptionOfPopup\":\"\",\"showPopupOnLoad\":\"\",\"showPopupOnScroll\":\"\",\"showPopupOnExit\":\"\",\"openSecondsOfPopup\":\"\",\"googleAnaliticsAccount\":\"\"},\"buttonOptions\":{\"facebook\":{\"label\":\"Share\",\"icon\":\"default-facebook\"},\"twitter\":{\"label\":\"Tweet\",\"icon\":\"default-twitter\",\"via\":\"\",\"hashtags\":\"\"}},\"button\":[\"facebook\",\"twitter\"]}, 1, '', 'http:\/\/www.apucarana.pr.gov.br\/ame\/wp-content\/uploads\/2020\/02\/CAPACITA\u00c7\u00c3OEDSON-DENOBI-20.jpg', '', 'http:\/\/www.apucarana.pr.gov.br\/ame\/apucarana-promove-formacao-continuada-para-professores-e-servidores-da-rede-municipal-de-ensino\/'); });<\/script><\/div><script> jQuery(\".socialMediaOnEveryPost\").addClass(\"sgmb-left\") <\/script>","protected":false},"excerpt":{"rendered":"<p>As palestras e oficinas devem contemplar aproximadamente 1.400 profissionais, no per\u00edodo de 3 a 7 de fevereiro<\/p>\n","protected":false},"author":10,"featured_media":8938,"comment_status":"closed","ping_status":"open","sticky":false,"template":"","format":"standard","meta":[],"categories":[9],"tags":[],"_links":{"self":[{"href":"http:\/\/www.apucarana.pr.gov.br\/ame\/wp-json\/wp\/v2\/posts\/8935"}],"collection":[{"href":"http:\/\/www.apucarana.pr.gov.br\/ame\/wp-json\/wp\/v2\/posts"}],"about":[{"href":"http:\/\/www.apucarana.pr.gov.br\/ame\/wp-json\/wp\/v2\/types\/post"}],"author":[{"embeddable":true,"href":"http:\/\/www.apucarana.pr.gov.br\/ame\/wp-json\/wp\/v2\/users\/10"}],"replies":[{"embeddable":true,"href":"http:\/\/www.apucarana.pr.gov.br\/ame\/wp-json\/wp\/v2\/comments?post=8935"}],"version-history":[{"count":1,"href":"http:\/\/www.apucarana.pr.gov.br\/ame\/wp-json\/wp\/v2\/posts\/8935\/revisions"}],"predecessor-version":[{"id":8945,"href":"http:\/\/www.apucarana.pr.gov.br\/ame\/wp-json\/wp\/v2\/posts\/8935\/revisions\/8945"}],"wp:featuredmedia":[{"embeddable":true,"href":"http:\/\/www.apucarana.pr.gov.br\/ame\/wp-json\/wp\/v2\/media\/8938"}],"wp:attachment":[{"href":"http:\/\/www.apucarana.pr.gov.br\/ame\/wp-json\/wp\/v2\/media?parent=8935"}],"wp:term":[{"taxonomy":"category","embeddable":true,"href":"http:\/\/www.apucarana.pr.gov.br\/ame\/wp-json\/wp\/v2\/categories?post=8935"},{"taxonomy":"post_tag","embeddable":true,"href":"http:\/\/www.apucarana.pr.gov.br\/ame\/wp-json\/wp\/v2\/tags?post=8935"}],"curies":[{"name":"wp","href":"https:\/\/api.w.org\/{rel}","templated":true}]}}