{"id":8920,"date":"2019-12-20T12:26:46","date_gmt":"2019-12-20T14:26:46","guid":{"rendered":"http:\/\/www.apucarana.pr.gov.br\/ame\/?p=8920"},"modified":"2024-10-08T09:10:02","modified_gmt":"2024-10-08T12:10:02","slug":"apucarana-abre-processo-licitatorio-para-a-compra-de-livros-didaticos-de-espanhol","status":"publish","type":"post","link":"http:\/\/www.apucarana.pr.gov.br\/ame\/apucarana-abre-processo-licitatorio-para-a-compra-de-livros-didaticos-de-espanhol\/","title":{"rendered":"Apucarana abre processo licitat\u00f3rio para a compra de livros did\u00e1ticos de Espanhol"},"content":{"rendered":"<p>O prefeito J\u00fanior da Femac autorizou, na tarde de ontem (19), a abertura de processo licitat\u00f3rio para a compra de livros did\u00e1ticos de Espanhol. A disciplina ser\u00e1 implantada no curr\u00edculo da rede municipal de ensino a partir de 2020 e vai contemplar mais de 9.300 alunos, matriculados da pr\u00e9-escola ao 5\u00ba ano.<\/p>\n<p>\u201cN\u00f3s estamos incluindo o ensino deste idioma na grade curricular tendo em vista o futuro profissional das crian\u00e7as. O Brasil faz fronteira com sete pa\u00edses que falam a l\u00edngua espanhola e v\u00e1rias empresas apucaranenses mant\u00eam com\u00e9rcio com os membros do MERCOSUL,\u201d explicou o gestor.<\/p>\n<p>Segundo a secret\u00e1ria de educa\u00e7\u00e3o, Marli Fernandes, a proposta \u00e9 que o aprendizado do espanhol aconte\u00e7a de forma l\u00fadica, por envolver alunos na faixa et\u00e1ria dos 4 aos 11 anos. \u201cO termo de refer\u00eancia prev\u00ea que os livros contenham ilustra\u00e7\u00f5es, letras de m\u00fasicas, sugest\u00f5es de brincadeiras, jogos e outras atividades interativas,\u201d afirmou.<\/p>\n<p>O diretor municipal de Compras e Licita\u00e7\u00e3o, Alexandre Possebom, destaca que a compra dos livros did\u00e1ticos ser\u00e1 feita com recursos pr\u00f3prios da educa\u00e7\u00e3o. \u201cComo o material precisa ser aprovado pela an\u00e1lise t\u00e9cnica de uma comiss\u00e3o, a expectativa \u00e9 que o processo licitat\u00f3rio se estenda at\u00e9 meados de mar\u00e7o,\u201d disse.<\/p>\n<p>Desde 2014, os alunos apucaranenses j\u00e1 aprendem a l\u00edngua inglesa nas escolas municipais. \u201cN\u00f3s organizamos um festival anualmente para mostrar o progresso das crian\u00e7as aos seus pais e familiares. \u00c9 impressionante a facilidade com que elas aprendem o vocabul\u00e1rio e dominam a pron\u00fancia,\u201d acrescentou a secret\u00e1ria.<\/p>\n<div class = 'socialMediaOnEveryPost'>Compartilhe<div id=\"sgmbShare1-1\" class=\"sgmbShare jssocials-theme-classic sgmbWidget1-1\"><\/div><div class=\"dropdownWrapper dropdownWrapper1 dropdownWrapper-for-widget \" id=\"dropdownWrapper-for-widget\">\r\n\t\t\t\t\t\t<div class=\"dropdownLabel\" id=\"dropdownLabel-share-list\"><span class=\"sgmbButtonListLabel1\">Share List<\/span><\/div>\r\n\t\t\t\t\t\t<div class=\"dropdownPanel dropdownPanel1-1\">\r\n\t\t\t\t\t\t<\/div>\r\n\t\t\t\t\t<\/div><script>  SGMB_URL = \"http:\/\/www.apucarana.pr.gov.br\/ame\/wp-content\/plugins\/social-media-builder\/\"; jQuery(\".dropdownWrapper\").hide(); SGMB_GOOGLE_ACOUNT = \"\"; <\/script><script type=\"text\/javascript\">\r\n\t\tjQuery(document).ready(function($){var widget = new SGMBWidget();widget.show({\"id\":\"1\",\"title\":\"Face\\\/Twitter\",\"options\":{\"currentUrl\":\"1\",\"url\":\"\",\"shareText\":\"\",\"fontSize\":\"14\",\"betweenButtons\":\"1px\",\"theme\":\"classic\",\"sgmbButtonsPosition\":\"bottomLeft\",\"socialTheme\":\"\",\"icon\":\"default\",\"buttonsPanelEffect\":\"No Effect\",\"buttonsEffect\":\"No Effect\",\"iconsEffect\":\"No Effect\",\"buttons\":\"{\\\"facebook\\\":{\\\"label\\\":\\\"Share\\\",\\\"icon\\\":\\\"default-facebook\\\"},\\\"twitter\\\":{\\\"label\\\":\\\"Tweet\\\",\\\"icon\\\":\\\"default-twitter\\\",\\\"via\\\":\\\"\\\",\\\"hashtags\\\":\\\"\\\"}}\",\"roundButton\":\"\",\"showLabels\":\"\",\"showCounts\":\"\",\"showCenter\":\"\",\"showButtonsAsList\":\"\",\"sgmbDropdownColor\":\"\",\"sgmbDropdownLabelFontSize\":\"14\",\"sgmbDropdownLabelColor\":\"\",\"showButtonsOnEveryPost\":\"on\",\"selectedOrExcluded\":\"\",\"showButtonsOnEveryPage\":\"\",\"textOnEveryPost\":\"Compartilhe\",\"showButtonsOnCustomPost\":\"\",\"textOnCustomPost\":\"\",\"showButtonsOnMobileDirect\":\"on\",\"showButtonsOnDesktopDirect\":\"on\",\"sgmbSelectedPages\":[\"\"],\"sgmbExcludedPosts\":[\"\"],\"sgmbSelectedCustomPosts\":[],\"showButtonsInPopup\":\"\",\"titleOfPopup\":\"\",\"descriptionOfPopup\":\"\",\"showPopupOnLoad\":\"\",\"showPopupOnScroll\":\"\",\"showPopupOnExit\":\"\",\"openSecondsOfPopup\":\"\",\"googleAnaliticsAccount\":\"\"},\"buttonOptions\":{\"facebook\":{\"label\":\"Share\",\"icon\":\"default-facebook\"},\"twitter\":{\"label\":\"Tweet\",\"icon\":\"default-twitter\",\"via\":\"\",\"hashtags\":\"\"}},\"button\":[\"facebook\",\"twitter\"]}, 1, '', 'http:\/\/www.apucarana.pr.gov.br\/ame\/wp-content\/uploads\/2019\/12\/24042017-IMG_7795.jpg', '', 'http:\/\/www.apucarana.pr.gov.br\/ame\/apucarana-abre-processo-licitatorio-para-a-compra-de-livros-didaticos-de-espanhol\/'); });<\/script><\/div><script> jQuery(\".socialMediaOnEveryPost\").addClass(\"sgmb-left\") <\/script>","protected":false},"excerpt":{"rendered":"<p>A disciplina ser\u00e1 implantada no curr\u00edculo da rede municipal de ensino a partir do pr\u00f3ximo ano e vai contemplar mais de 9.300 alunos da pr\u00e9-escola ao 5\u00ba ano <\/p>\n","protected":false},"author":10,"featured_media":8921,"comment_status":"closed","ping_status":"open","sticky":false,"template":"","format":"standard","meta":[],"categories":[9],"tags":[],"_links":{"self":[{"href":"http:\/\/www.apucarana.pr.gov.br\/ame\/wp-json\/wp\/v2\/posts\/8920"}],"collection":[{"href":"http:\/\/www.apucarana.pr.gov.br\/ame\/wp-json\/wp\/v2\/posts"}],"about":[{"href":"http:\/\/www.apucarana.pr.gov.br\/ame\/wp-json\/wp\/v2\/types\/post"}],"author":[{"embeddable":true,"href":"http:\/\/www.apucarana.pr.gov.br\/ame\/wp-json\/wp\/v2\/users\/10"}],"replies":[{"embeddable":true,"href":"http:\/\/www.apucarana.pr.gov.br\/ame\/wp-json\/wp\/v2\/comments?post=8920"}],"version-history":[{"count":1,"href":"http:\/\/www.apucarana.pr.gov.br\/ame\/wp-json\/wp\/v2\/posts\/8920\/revisions"}],"predecessor-version":[{"id":8922,"href":"http:\/\/www.apucarana.pr.gov.br\/ame\/wp-json\/wp\/v2\/posts\/8920\/revisions\/8922"}],"wp:featuredmedia":[{"embeddable":true,"href":"http:\/\/www.apucarana.pr.gov.br\/ame\/wp-json\/wp\/v2\/media\/8921"}],"wp:attachment":[{"href":"http:\/\/www.apucarana.pr.gov.br\/ame\/wp-json\/wp\/v2\/media?parent=8920"}],"wp:term":[{"taxonomy":"category","embeddable":true,"href":"http:\/\/www.apucarana.pr.gov.br\/ame\/wp-json\/wp\/v2\/categories?post=8920"},{"taxonomy":"post_tag","embeddable":true,"href":"http:\/\/www.apucarana.pr.gov.br\/ame\/wp-json\/wp\/v2\/tags?post=8920"}],"curies":[{"name":"wp","href":"https:\/\/api.w.org\/{rel}","templated":true}]}}