{"id":8882,"date":"2019-12-09T19:37:34","date_gmt":"2019-12-09T21:37:34","guid":{"rendered":"http:\/\/www.apucarana.pr.gov.br\/ame\/?p=8882"},"modified":"2024-10-08T09:10:02","modified_gmt":"2024-10-08T12:10:02","slug":"junior-da-femac-assina-ordem-de-servico-para-reforma-e-ampliacao-de-escola-no-nucleo-joao-paulo","status":"publish","type":"post","link":"http:\/\/www.apucarana.pr.gov.br\/ame\/junior-da-femac-assina-ordem-de-servico-para-reforma-e-ampliacao-de-escola-no-nucleo-joao-paulo\/","title":{"rendered":"J\u00fanior da Femac assina ordem de servi\u00e7o para reforma e amplia\u00e7\u00e3o de escola no N\u00facleo Jo\u00e3o Paulo"},"content":{"rendered":"<p>A Escola Municipal Jos\u00e9 Id\u00e9sio Brianezi, situada no N\u00facleo Jo\u00e3o Paulo, passar\u00e1 por completa reforma e amplia\u00e7\u00e3o. O prefeito J\u00fanior da Femac assinou a ordem de servi\u00e7o para o in\u00edcio das obras na tarde de hoje (9), no gabinete do executivo, diante de professores, servidores, pais de alunos e diversos l\u00edderes comunit\u00e1rios.<\/p>\n<p>A empreiteira Pires Constru\u00e7\u00f5es e Empreendimentos Ltda. venceu o processo licitat\u00f3rio e ser\u00e1 a respons\u00e1vel pela execu\u00e7\u00e3o do projeto. O valor do investimento \u00e9 de R$ 1.024.383,33.<\/p>\n<p>\u201cA meta da gest\u00e3o Beto Preto e J\u00fanior da Femac \u00e9 melhorar a estrutura f\u00edsica dos 60 pr\u00e9dios da rede municipal de ensino, adequando-os \u00e0s normas atuais estabelecidas pelo Corpo de Bombeiros, Vigil\u00e2ncia Sanit\u00e1ria e FNDE \u2013 Fundo Nacional de Desenvolvimento da Educa\u00e7\u00e3o. Por isso, desde 2013, mais de R$ 45 milh\u00f5es j\u00e1 foram aplicados em obras. A Escola Professora Maria Madalena C\u00f4co, da Vila Martins, \u00e9 a \u00fanica que ainda aguarda a execu\u00e7\u00e3o de benfeitorias, porque dependemos da doa\u00e7\u00e3o do terreno que pertence ao governo estadual,\u201d destacou a secret\u00e1ria de educa\u00e7\u00e3o Marli Fernandes.<\/p>\n<p>Na Escola Jos\u00e9 Id\u00e9sio Brianezi, a reforma abranger\u00e1 1.945,73 m<sup>2<\/sup>. Os principais servi\u00e7os previstos s\u00e3o substitui\u00e7\u00e3o parcial das telhas, troca do forro e do piso, revis\u00e3o das instala\u00e7\u00f5es el\u00e9tricas e hidr\u00e1ulicas, adequa\u00e7\u00f5es na cozinha, no refeit\u00f3rio e na \u00e1rea de servi\u00e7os, melhorias nos sanit\u00e1rios e revitaliza\u00e7\u00e3o da quadra esportiva e dos vesti\u00e1rios.<\/p>\n<p>J\u00e1 a amplia\u00e7\u00e3o de 453,26 m<sup>2<\/sup>\u00a0refere-se \u00e0 constru\u00e7\u00e3o de mais duas salas de aula, p\u00e1tio coberto, parquinho infantil, portal de entrada com cobertura, realoca\u00e7\u00e3o dos sanit\u00e1rios e adequa\u00e7\u00e3o de espa\u00e7os para a secretaria, dire\u00e7\u00e3o, coordena\u00e7\u00e3o e sala de professores.<\/p>\n<p>\u201cVoc\u00eas n\u00e3o t\u00eam ideia de como essa obra \u00e9 importante. Ela vai acabar com uma s\u00e9rie de problemas que enfrentamos e trazer mais conforto e seguran\u00e7a aos nossos alunos. Apesar do pr\u00e9dio da Escola Jos\u00e9 Id\u00e9sio Brianezi ser relativamente novo, constru\u00eddo em 2004, ele n\u00e3o possui refeit\u00f3rio e a escada que leva ao gin\u00e1sio de esportes tamb\u00e9m \u00e9 bastante perigosa,\u201d detalhou a diretora da institui\u00e7\u00e3o, professora Adriana Beletatti.<\/p>\n<p>O prefeito J\u00fanior da Femac pediu ao engenheiro M\u00e1rcio Pires celeridade na execu\u00e7\u00e3o da reforma. \u201cN\u00f3s queremos aproveitar o per\u00edodo das f\u00e9rias escolares para adiantar os servi\u00e7os, causando assim o menor transtorno poss\u00edvel para professores e alunos. Os recursos para o pagamento da obra j\u00e1 est\u00e3o dispon\u00edveis no caixa da prefeitura,\u201d garantiu.<\/p>\n<p>Ele destacou tamb\u00e9m que os investimentos em educa\u00e7\u00e3o t\u00eam avan\u00e7ado apesar da d\u00edvida que o munic\u00edpio possui. \u201cN\u00f3s pagamos mensalmente quase R$ 3 milh\u00f5es em d\u00e9bitos, herdados de administra\u00e7\u00f5es passadas. Se n\u00f3s estamos conseguindo reformar e ampliar os pr\u00e9dios escolares, \u00e9 devido ao rigoroso planejamento e \u00e0 austera economia que nossas equipes fazem,\u201d afirmou.<\/p>\n<p>A Escola Municipal Jos\u00e9 Id\u00e9sio Brianezi possui 269 alunos matriculados no momento, em turmas da Educa\u00e7\u00e3o Infantil, dos anos iniciais do Ensino Fundamental (1\u00ba ao 5\u00ba) e da Educa\u00e7\u00e3o de Jovens e Adultos (EJA).<\/p>\n<p>Participaram ainda do ato no gabinete, o assessor do deputado estadual Jos\u00e9 Aparecido Jacov\u00f3s, Ferreirinha; o presidente da Associa\u00e7\u00e3o de Moradores do N\u00facleo Jo\u00e3o Paulo, Elias Pereira da Silva; a vice-presidente da Associa\u00e7\u00e3o de Moradores do N\u00facleo Jo\u00e3o Paulo, Eliana Rocha; e os secret\u00e1rios municipais Nikolai Cernescu J\u00fanior, Jossuela Pinheiro, Ana Paula Nazarko, Denise Canesin, Marcos Bueno, Maur\u00edcio Borges e Edison Estrope.<\/p>\n<div class = 'socialMediaOnEveryPost'>Compartilhe<div id=\"sgmbShare1-1\" class=\"sgmbShare jssocials-theme-classic sgmbWidget1-1\"><\/div><div class=\"dropdownWrapper dropdownWrapper1 dropdownWrapper-for-widget \" id=\"dropdownWrapper-for-widget\">\r\n\t\t\t\t\t\t<div class=\"dropdownLabel\" id=\"dropdownLabel-share-list\"><span class=\"sgmbButtonListLabel1\">Share List<\/span><\/div>\r\n\t\t\t\t\t\t<div class=\"dropdownPanel dropdownPanel1-1\">\r\n\t\t\t\t\t\t<\/div>\r\n\t\t\t\t\t<\/div><script>  SGMB_URL = \"http:\/\/www.apucarana.pr.gov.br\/ame\/wp-content\/plugins\/social-media-builder\/\"; jQuery(\".dropdownWrapper\").hide(); SGMB_GOOGLE_ACOUNT = \"\"; <\/script><script type=\"text\/javascript\">\r\n\t\tjQuery(document).ready(function($){var widget = new SGMBWidget();widget.show({\"id\":\"1\",\"title\":\"Face\\\/Twitter\",\"options\":{\"currentUrl\":\"1\",\"url\":\"\",\"shareText\":\"\",\"fontSize\":\"14\",\"betweenButtons\":\"1px\",\"theme\":\"classic\",\"sgmbButtonsPosition\":\"bottomLeft\",\"socialTheme\":\"\",\"icon\":\"default\",\"buttonsPanelEffect\":\"No Effect\",\"buttonsEffect\":\"No Effect\",\"iconsEffect\":\"No Effect\",\"buttons\":\"{\\\"facebook\\\":{\\\"label\\\":\\\"Share\\\",\\\"icon\\\":\\\"default-facebook\\\"},\\\"twitter\\\":{\\\"label\\\":\\\"Tweet\\\",\\\"icon\\\":\\\"default-twitter\\\",\\\"via\\\":\\\"\\\",\\\"hashtags\\\":\\\"\\\"}}\",\"roundButton\":\"\",\"showLabels\":\"\",\"showCounts\":\"\",\"showCenter\":\"\",\"showButtonsAsList\":\"\",\"sgmbDropdownColor\":\"\",\"sgmbDropdownLabelFontSize\":\"14\",\"sgmbDropdownLabelColor\":\"\",\"showButtonsOnEveryPost\":\"on\",\"selectedOrExcluded\":\"\",\"showButtonsOnEveryPage\":\"\",\"textOnEveryPost\":\"Compartilhe\",\"showButtonsOnCustomPost\":\"\",\"textOnCustomPost\":\"\",\"showButtonsOnMobileDirect\":\"on\",\"showButtonsOnDesktopDirect\":\"on\",\"sgmbSelectedPages\":[\"\"],\"sgmbExcludedPosts\":[\"\"],\"sgmbSelectedCustomPosts\":[],\"showButtonsInPopup\":\"\",\"titleOfPopup\":\"\",\"descriptionOfPopup\":\"\",\"showPopupOnLoad\":\"\",\"showPopupOnScroll\":\"\",\"showPopupOnExit\":\"\",\"openSecondsOfPopup\":\"\",\"googleAnaliticsAccount\":\"\"},\"buttonOptions\":{\"facebook\":{\"label\":\"Share\",\"icon\":\"default-facebook\"},\"twitter\":{\"label\":\"Tweet\",\"icon\":\"default-twitter\",\"via\":\"\",\"hashtags\":\"\"}},\"button\":[\"facebook\",\"twitter\"]}, 1, '', 'http:\/\/www.apucarana.pr.gov.br\/ame\/wp-content\/uploads\/2019\/12\/escolaedson-denobi-5.jpg', '', 'http:\/\/www.apucarana.pr.gov.br\/ame\/junior-da-femac-assina-ordem-de-servico-para-reforma-e-ampliacao-de-escola-no-nucleo-joao-paulo\/'); });<\/script><\/div><script> jQuery(\".socialMediaOnEveryPost\").addClass(\"sgmb-left\") <\/script>","protected":false},"excerpt":{"rendered":"<p>A Escola Municipal Jos\u00e9 Id\u00e9sio Brianezi vai receber R$ 1.024.383,33 em investimentos<\/p>\n","protected":false},"author":10,"featured_media":8884,"comment_status":"closed","ping_status":"open","sticky":false,"template":"","format":"standard","meta":[],"categories":[9],"tags":[],"_links":{"self":[{"href":"http:\/\/www.apucarana.pr.gov.br\/ame\/wp-json\/wp\/v2\/posts\/8882"}],"collection":[{"href":"http:\/\/www.apucarana.pr.gov.br\/ame\/wp-json\/wp\/v2\/posts"}],"about":[{"href":"http:\/\/www.apucarana.pr.gov.br\/ame\/wp-json\/wp\/v2\/types\/post"}],"author":[{"embeddable":true,"href":"http:\/\/www.apucarana.pr.gov.br\/ame\/wp-json\/wp\/v2\/users\/10"}],"replies":[{"embeddable":true,"href":"http:\/\/www.apucarana.pr.gov.br\/ame\/wp-json\/wp\/v2\/comments?post=8882"}],"version-history":[{"count":1,"href":"http:\/\/www.apucarana.pr.gov.br\/ame\/wp-json\/wp\/v2\/posts\/8882\/revisions"}],"predecessor-version":[{"id":8891,"href":"http:\/\/www.apucarana.pr.gov.br\/ame\/wp-json\/wp\/v2\/posts\/8882\/revisions\/8891"}],"wp:featuredmedia":[{"embeddable":true,"href":"http:\/\/www.apucarana.pr.gov.br\/ame\/wp-json\/wp\/v2\/media\/8884"}],"wp:attachment":[{"href":"http:\/\/www.apucarana.pr.gov.br\/ame\/wp-json\/wp\/v2\/media?parent=8882"}],"wp:term":[{"taxonomy":"category","embeddable":true,"href":"http:\/\/www.apucarana.pr.gov.br\/ame\/wp-json\/wp\/v2\/categories?post=8882"},{"taxonomy":"post_tag","embeddable":true,"href":"http:\/\/www.apucarana.pr.gov.br\/ame\/wp-json\/wp\/v2\/tags?post=8882"}],"curies":[{"name":"wp","href":"https:\/\/api.w.org\/{rel}","templated":true}]}}