{"id":8879,"date":"2019-12-06T11:01:26","date_gmt":"2019-12-06T13:01:26","guid":{"rendered":"http:\/\/www.apucarana.pr.gov.br\/ame\/?p=8879"},"modified":"2024-10-08T09:10:02","modified_gmt":"2024-10-08T12:10:02","slug":"ultimos-dias-de-inscricao-para-a-especializacao-em-ensino-de-ciencias","status":"publish","type":"post","link":"http:\/\/www.apucarana.pr.gov.br\/ame\/ultimos-dias-de-inscricao-para-a-especializacao-em-ensino-de-ciencias\/","title":{"rendered":"\u00daltimos dias de inscri\u00e7\u00e3o para a especializa\u00e7\u00e3o em Ensino de Ci\u00eancias"},"content":{"rendered":"<p>O Polo UAB de Apucarana comunica que terminam na pr\u00f3xima quarta-feira (11) as inscri\u00e7\u00f5es para o processo seletivo da Especializa\u00e7\u00e3o em Ensino de Ci\u00eancias, ofertada em parceria com a Universidade Estadual de Londrina (UEL).<\/p>\n<p>O novo edital (n\u00ba 021\/2019) tem como p\u00fablico-alvo os professores graduados em Qu\u00edmica, F\u00edsica, Biologia, Ci\u00eancias e \u00e1reas afins, que atuam no Ensino Fundamental (anos iniciais e finais) e no Ensino M\u00e9dio, preferencialmente na rede p\u00fablica.<\/p>\n<p>Segundo a coordenadora do Polo UAB, Sueli Gon\u00e7alves, s\u00e3o 30 vagas destinadas ao munic\u00edpio de Apucarana. \u00a0\u201cN\u00f3s estamos muito contentes porque fomos selecionados para ofertar mais essa especializa\u00e7\u00e3o da UEL. Eu tenho certeza de que ela ser\u00e1 um sucesso. Os interessados devem pagar uma taxa de inscri\u00e7\u00e3o no valor de R$ 81,00, mas o restante do curso \u00e9 totalmente gratuito,\u201d disse.<\/p>\n<p>A previs\u00e3o para o in\u00edcio da Especializa\u00e7\u00e3o em Ensino de Ci\u00eancias \u00e9 fevereiro de 2020, com dura\u00e7\u00e3o de dezoito meses. O curso ser\u00e1 feito a dist\u00e2ncia, com atividades desenvolvidas no Ambiente Virtual de Aprendizagem (AVA) \u2013 Plataforma Moodle. Por\u00e9m, \u00e9 importante que o professor esteja atuando em sala de aula porque tamb\u00e9m ser\u00e3o exigidas pr\u00e1ticas de investiga\u00e7\u00e3o no ambiente escolar.<\/p>\n<p>A ficha de inscri\u00e7\u00e3o e o edital completo est\u00e3o dispon\u00edveis por meio do seguinte endere\u00e7o eletr\u00f4nico: <a href=\"https:\/\/www.labted.net\/ciencias10\">https:\/\/www.labted.net\/ciencias10<\/a><\/p>\n<div class = 'socialMediaOnEveryPost'>Compartilhe<div id=\"sgmbShare1-1\" class=\"sgmbShare jssocials-theme-classic sgmbWidget1-1\"><\/div><div class=\"dropdownWrapper dropdownWrapper1 dropdownWrapper-for-widget \" id=\"dropdownWrapper-for-widget\">\r\n\t\t\t\t\t\t<div class=\"dropdownLabel\" id=\"dropdownLabel-share-list\"><span class=\"sgmbButtonListLabel1\">Share List<\/span><\/div>\r\n\t\t\t\t\t\t<div class=\"dropdownPanel dropdownPanel1-1\">\r\n\t\t\t\t\t\t<\/div>\r\n\t\t\t\t\t<\/div><script>  SGMB_URL = \"http:\/\/www.apucarana.pr.gov.br\/ame\/wp-content\/plugins\/social-media-builder\/\"; jQuery(\".dropdownWrapper\").hide(); SGMB_GOOGLE_ACOUNT = \"\"; <\/script><script type=\"text\/javascript\">\r\n\t\tjQuery(document).ready(function($){var widget = new SGMBWidget();widget.show({\"id\":\"1\",\"title\":\"Face\\\/Twitter\",\"options\":{\"currentUrl\":\"1\",\"url\":\"\",\"shareText\":\"\",\"fontSize\":\"14\",\"betweenButtons\":\"1px\",\"theme\":\"classic\",\"sgmbButtonsPosition\":\"bottomLeft\",\"socialTheme\":\"\",\"icon\":\"default\",\"buttonsPanelEffect\":\"No Effect\",\"buttonsEffect\":\"No Effect\",\"iconsEffect\":\"No Effect\",\"buttons\":\"{\\\"facebook\\\":{\\\"label\\\":\\\"Share\\\",\\\"icon\\\":\\\"default-facebook\\\"},\\\"twitter\\\":{\\\"label\\\":\\\"Tweet\\\",\\\"icon\\\":\\\"default-twitter\\\",\\\"via\\\":\\\"\\\",\\\"hashtags\\\":\\\"\\\"}}\",\"roundButton\":\"\",\"showLabels\":\"\",\"showCounts\":\"\",\"showCenter\":\"\",\"showButtonsAsList\":\"\",\"sgmbDropdownColor\":\"\",\"sgmbDropdownLabelFontSize\":\"14\",\"sgmbDropdownLabelColor\":\"\",\"showButtonsOnEveryPost\":\"on\",\"selectedOrExcluded\":\"\",\"showButtonsOnEveryPage\":\"\",\"textOnEveryPost\":\"Compartilhe\",\"showButtonsOnCustomPost\":\"\",\"textOnCustomPost\":\"\",\"showButtonsOnMobileDirect\":\"on\",\"showButtonsOnDesktopDirect\":\"on\",\"sgmbSelectedPages\":[\"\"],\"sgmbExcludedPosts\":[\"\"],\"sgmbSelectedCustomPosts\":[],\"showButtonsInPopup\":\"\",\"titleOfPopup\":\"\",\"descriptionOfPopup\":\"\",\"showPopupOnLoad\":\"\",\"showPopupOnScroll\":\"\",\"showPopupOnExit\":\"\",\"openSecondsOfPopup\":\"\",\"googleAnaliticsAccount\":\"\"},\"buttonOptions\":{\"facebook\":{\"label\":\"Share\",\"icon\":\"default-facebook\"},\"twitter\":{\"label\":\"Tweet\",\"icon\":\"default-twitter\",\"via\":\"\",\"hashtags\":\"\"}},\"button\":[\"facebook\",\"twitter\"]}, 1, '', 'http:\/\/www.apucarana.pr.gov.br\/ame\/wp-content\/uploads\/2019\/12\/1-10-2019-g-nead.jpg', '', 'http:\/\/www.apucarana.pr.gov.br\/ame\/ultimos-dias-de-inscricao-para-a-especializacao-em-ensino-de-ciencias\/'); });<\/script><\/div><script> jQuery(\".socialMediaOnEveryPost\").addClass(\"sgmb-left\") <\/script>","protected":false},"excerpt":{"rendered":"<p>O curso \u00e9 destinado aos professores graduados em Qu\u00edmica, F\u00edsica, Biologia, Ci\u00eancias e \u00e1reas afins, que atuam no Ensino Fundamental (anos iniciais e finais) e no Ensino M\u00e9dio, preferencialmente na rede p\u00fablica<\/p>\n","protected":false},"author":10,"featured_media":8880,"comment_status":"closed","ping_status":"open","sticky":false,"template":"","format":"standard","meta":[],"categories":[9],"tags":[],"_links":{"self":[{"href":"http:\/\/www.apucarana.pr.gov.br\/ame\/wp-json\/wp\/v2\/posts\/8879"}],"collection":[{"href":"http:\/\/www.apucarana.pr.gov.br\/ame\/wp-json\/wp\/v2\/posts"}],"about":[{"href":"http:\/\/www.apucarana.pr.gov.br\/ame\/wp-json\/wp\/v2\/types\/post"}],"author":[{"embeddable":true,"href":"http:\/\/www.apucarana.pr.gov.br\/ame\/wp-json\/wp\/v2\/users\/10"}],"replies":[{"embeddable":true,"href":"http:\/\/www.apucarana.pr.gov.br\/ame\/wp-json\/wp\/v2\/comments?post=8879"}],"version-history":[{"count":1,"href":"http:\/\/www.apucarana.pr.gov.br\/ame\/wp-json\/wp\/v2\/posts\/8879\/revisions"}],"predecessor-version":[{"id":8881,"href":"http:\/\/www.apucarana.pr.gov.br\/ame\/wp-json\/wp\/v2\/posts\/8879\/revisions\/8881"}],"wp:featuredmedia":[{"embeddable":true,"href":"http:\/\/www.apucarana.pr.gov.br\/ame\/wp-json\/wp\/v2\/media\/8880"}],"wp:attachment":[{"href":"http:\/\/www.apucarana.pr.gov.br\/ame\/wp-json\/wp\/v2\/media?parent=8879"}],"wp:term":[{"taxonomy":"category","embeddable":true,"href":"http:\/\/www.apucarana.pr.gov.br\/ame\/wp-json\/wp\/v2\/categories?post=8879"},{"taxonomy":"post_tag","embeddable":true,"href":"http:\/\/www.apucarana.pr.gov.br\/ame\/wp-json\/wp\/v2\/tags?post=8879"}],"curies":[{"name":"wp","href":"https:\/\/api.w.org\/{rel}","templated":true}]}}