{"id":8867,"date":"2019-12-05T12:36:43","date_gmt":"2019-12-05T14:36:43","guid":{"rendered":"http:\/\/www.apucarana.pr.gov.br\/ame\/?p=8867"},"modified":"2024-10-08T09:10:03","modified_gmt":"2024-10-08T12:10:03","slug":"prefeitura-realiza-a-formatura-de-13-mil-alunos-que-estao-concluindo-o-5o-ano-na-rede-municipal","status":"publish","type":"post","link":"http:\/\/www.apucarana.pr.gov.br\/ame\/prefeitura-realiza-a-formatura-de-13-mil-alunos-que-estao-concluindo-o-5o-ano-na-rede-municipal\/","title":{"rendered":"Prefeitura realiza a formatura de 1,3 mil alunos que est\u00e3o concluindo o 5\u00ba ano na rede municipal"},"content":{"rendered":"<p>A Prefeitura de Apucarana realizou, na \u00faltima ter\u00e7a-feira (3), no gin\u00e1sio esportivo Lago\u00e3o, a formatura dos 1.307 alunos que est\u00e3o concluindo o 5\u00ba ano do ensino fundamental nas escolas de sua rede. Os formandos prestaram juramento, receberam certificados e fizeram diversas apresenta\u00e7\u00f5es art\u00edsticas durante a cerim\u00f4nia. Al\u00e9m dos pais, familiares e professores, o prefeito J\u00fanior da Femac, a secret\u00e1ria de educa\u00e7\u00e3o Marli Fernandes e os vereadores Luciano Molina, Gentil Pereira e Jos\u00e9 Airton Deco de Ara\u00fajo participaram do momento.<\/p>\n<p>Para a secret\u00e1ria de educa\u00e7\u00e3o Marli Fernandes, a celebra\u00e7\u00e3o da formatura tem um significado importante. \u201cEla simboliza o t\u00e9rmino de uma etapa e in\u00edcio de outra fase na vida da crian\u00e7a, quando vir\u00e3o novos aprendizados, experi\u00eancias e conquistas,\u201d explicou.<\/p>\n<p>O prefeito J\u00fanior da Femac garantiu aos pais que os alunos est\u00e3o preparados para dar sequ\u00eancia aos estudos no 6\u00ba ano, tanto na rede estadual como nos col\u00e9gios particulares.<\/p>\n<p>\u201cSomente em 2019, as nossas crian\u00e7as conquistaram cinco pr\u00eamios no Concurso de Reda\u00e7\u00e3o e Desenho Agrinho, que \u00e9 promovido pelo Sistema FAEP; dois pr\u00eamios no Concurso Paranaense de Desenho, do Centro Juvenil de Artes; um pr\u00eamio no Concurso Nacional de Reda\u00e7\u00e3o e Desenho da Controladoria-Geral da Uni\u00e3o (CGU); e 1.434 medalhas na Olimp\u00edada Brasileira de Astronomia e Astron\u00e1utica (OBA). Eu acredito que estes resultados s\u00e3o mais do que suficientes para atestar que eles receberam uma base s\u00f3lida,\u201d disse o gestor.<\/p>\n<p>Durante a formatura, 35 alunos receberam medalhas por terem se destacado no projeto Justi\u00e7a e Cidadania tamb\u00e9m se aprendem na escola. As condecora\u00e7\u00f5es foram feitas pela advogada Elaine Caliman Soares, que representou no ato o juiz da 1\u00aa Vara Criminal de Apucarana, Dr. Oswaldo Soares Neto.<\/p>\n<p>O projeto Justi\u00e7a e Cidadania \u00e9 uma realiza\u00e7\u00e3o do Tribunal de Justi\u00e7a do Paran\u00e1, em parceria com a Autarquia Municipal de Educa\u00e7\u00e3o. Por meio das atividades, as turmas de 5\u00ba ano aprendem no\u00e7\u00f5es de \u00e9tica, direitos, deveres e o funcionamento dos tr\u00eas poderes.<\/p>\n<div class = 'socialMediaOnEveryPost'>Compartilhe<div id=\"sgmbShare1-1\" class=\"sgmbShare jssocials-theme-classic sgmbWidget1-1\"><\/div><div class=\"dropdownWrapper dropdownWrapper1 dropdownWrapper-for-widget \" id=\"dropdownWrapper-for-widget\">\r\n\t\t\t\t\t\t<div class=\"dropdownLabel\" id=\"dropdownLabel-share-list\"><span class=\"sgmbButtonListLabel1\">Share List<\/span><\/div>\r\n\t\t\t\t\t\t<div class=\"dropdownPanel dropdownPanel1-1\">\r\n\t\t\t\t\t\t<\/div>\r\n\t\t\t\t\t<\/div><script>  SGMB_URL = \"http:\/\/www.apucarana.pr.gov.br\/ame\/wp-content\/plugins\/social-media-builder\/\"; jQuery(\".dropdownWrapper\").hide(); SGMB_GOOGLE_ACOUNT = \"\"; <\/script><script type=\"text\/javascript\">\r\n\t\tjQuery(document).ready(function($){var widget = new SGMBWidget();widget.show({\"id\":\"1\",\"title\":\"Face\\\/Twitter\",\"options\":{\"currentUrl\":\"1\",\"url\":\"\",\"shareText\":\"\",\"fontSize\":\"14\",\"betweenButtons\":\"1px\",\"theme\":\"classic\",\"sgmbButtonsPosition\":\"bottomLeft\",\"socialTheme\":\"\",\"icon\":\"default\",\"buttonsPanelEffect\":\"No Effect\",\"buttonsEffect\":\"No Effect\",\"iconsEffect\":\"No Effect\",\"buttons\":\"{\\\"facebook\\\":{\\\"label\\\":\\\"Share\\\",\\\"icon\\\":\\\"default-facebook\\\"},\\\"twitter\\\":{\\\"label\\\":\\\"Tweet\\\",\\\"icon\\\":\\\"default-twitter\\\",\\\"via\\\":\\\"\\\",\\\"hashtags\\\":\\\"\\\"}}\",\"roundButton\":\"\",\"showLabels\":\"\",\"showCounts\":\"\",\"showCenter\":\"\",\"showButtonsAsList\":\"\",\"sgmbDropdownColor\":\"\",\"sgmbDropdownLabelFontSize\":\"14\",\"sgmbDropdownLabelColor\":\"\",\"showButtonsOnEveryPost\":\"on\",\"selectedOrExcluded\":\"\",\"showButtonsOnEveryPage\":\"\",\"textOnEveryPost\":\"Compartilhe\",\"showButtonsOnCustomPost\":\"\",\"textOnCustomPost\":\"\",\"showButtonsOnMobileDirect\":\"on\",\"showButtonsOnDesktopDirect\":\"on\",\"sgmbSelectedPages\":[\"\"],\"sgmbExcludedPosts\":[\"\"],\"sgmbSelectedCustomPosts\":[],\"showButtonsInPopup\":\"\",\"titleOfPopup\":\"\",\"descriptionOfPopup\":\"\",\"showPopupOnLoad\":\"\",\"showPopupOnScroll\":\"\",\"showPopupOnExit\":\"\",\"openSecondsOfPopup\":\"\",\"googleAnaliticsAccount\":\"\"},\"buttonOptions\":{\"facebook\":{\"label\":\"Share\",\"icon\":\"default-facebook\"},\"twitter\":{\"label\":\"Tweet\",\"icon\":\"default-twitter\",\"via\":\"\",\"hashtags\":\"\"}},\"button\":[\"facebook\",\"twitter\"]}, 1, '', 'http:\/\/www.apucarana.pr.gov.br\/ame\/wp-content\/uploads\/2019\/12\/FORMATURAEDSON-DENOBI-64.jpg', '', 'http:\/\/www.apucarana.pr.gov.br\/ame\/prefeitura-realiza-a-formatura-de-13-mil-alunos-que-estao-concluindo-o-5o-ano-na-rede-municipal\/'); });<\/script><\/div><script> jQuery(\".socialMediaOnEveryPost\").addClass(\"sgmb-left\") <\/script>","protected":false},"excerpt":{"rendered":"<p>Na mesma solenidade, anteontem (3), no gin\u00e1sio Lago\u00e3o, 35 estudantes receberam as medalhas do projeto \u2018Justi\u00e7a e Cidadania tamb\u00e9m se aprendem na escola\u2019<\/p>\n","protected":false},"author":10,"featured_media":8876,"comment_status":"closed","ping_status":"open","sticky":false,"template":"","format":"standard","meta":[],"categories":[9],"tags":[],"_links":{"self":[{"href":"http:\/\/www.apucarana.pr.gov.br\/ame\/wp-json\/wp\/v2\/posts\/8867"}],"collection":[{"href":"http:\/\/www.apucarana.pr.gov.br\/ame\/wp-json\/wp\/v2\/posts"}],"about":[{"href":"http:\/\/www.apucarana.pr.gov.br\/ame\/wp-json\/wp\/v2\/types\/post"}],"author":[{"embeddable":true,"href":"http:\/\/www.apucarana.pr.gov.br\/ame\/wp-json\/wp\/v2\/users\/10"}],"replies":[{"embeddable":true,"href":"http:\/\/www.apucarana.pr.gov.br\/ame\/wp-json\/wp\/v2\/comments?post=8867"}],"version-history":[{"count":1,"href":"http:\/\/www.apucarana.pr.gov.br\/ame\/wp-json\/wp\/v2\/posts\/8867\/revisions"}],"predecessor-version":[{"id":8877,"href":"http:\/\/www.apucarana.pr.gov.br\/ame\/wp-json\/wp\/v2\/posts\/8867\/revisions\/8877"}],"wp:featuredmedia":[{"embeddable":true,"href":"http:\/\/www.apucarana.pr.gov.br\/ame\/wp-json\/wp\/v2\/media\/8876"}],"wp:attachment":[{"href":"http:\/\/www.apucarana.pr.gov.br\/ame\/wp-json\/wp\/v2\/media?parent=8867"}],"wp:term":[{"taxonomy":"category","embeddable":true,"href":"http:\/\/www.apucarana.pr.gov.br\/ame\/wp-json\/wp\/v2\/categories?post=8867"},{"taxonomy":"post_tag","embeddable":true,"href":"http:\/\/www.apucarana.pr.gov.br\/ame\/wp-json\/wp\/v2\/tags?post=8867"}],"curies":[{"name":"wp","href":"https:\/\/api.w.org\/{rel}","templated":true}]}}