{"id":8857,"date":"2019-12-04T18:35:28","date_gmt":"2019-12-04T20:35:28","guid":{"rendered":"http:\/\/www.apucarana.pr.gov.br\/ame\/?p=8857"},"modified":"2024-10-08T09:10:03","modified_gmt":"2024-10-08T12:10:03","slug":"junior-da-femac-entrega-reforma-e-ampliacao-de-escola-no-jardim-menegazzo","status":"publish","type":"post","link":"http:\/\/www.apucarana.pr.gov.br\/ame\/junior-da-femac-entrega-reforma-e-ampliacao-de-escola-no-jardim-menegazzo\/","title":{"rendered":"J\u00fanior da Femac entrega reforma e amplia\u00e7\u00e3o de escola no Jardim Menegazzo"},"content":{"rendered":"<p>O prefeito J\u00fanior da Femac e a secret\u00e1ria de educa\u00e7\u00e3o Marli Fernandes entregaram, na manh\u00e3 de hoje (4), as obras conclu\u00eddas da Escola Municipal Professora Marta Pereira da Silva \u00e0 comunidade do Jardim Menegazzo e regi\u00e3o. O pr\u00e9dio passou por reforma de 864,96 m<sup>2<\/sup> e amplia\u00e7\u00e3o de 85 m<sup>2<\/sup>. O investimento somou R$ 326.844,87.<\/p>\n<p>\u201cQuando n\u00f3s assumimos a Autarquia Municipal de Educa\u00e7\u00e3o, verificamos que aproximadamente 900 crian\u00e7as estavam na lista de espera por vagas e muitas escolas n\u00e3o ofertavam todas as turmas, do Pr\u00e9 I ao 5\u00ba ano, porque n\u00e3o tinham n\u00famero suficiente de salas de aula. Era o caso desta unidade. Depois de seis anos e mais de R$ 44 milh\u00f5es investidos na amplia\u00e7\u00e3o dos pr\u00e9dios, felizmente os dois problemas foram resolvidos,\u201d afirmou a secret\u00e1ria.<\/p>\n<p>Os principais servi\u00e7os executados foram revitaliza\u00e7\u00e3o das salas de aula, da \u00e1rea de servi\u00e7os, da \u00e1rea de circula\u00e7\u00e3o e da quadra esportiva, aumento do tamanho da sala dos professores, da lavanderia, da cozinha e da sala do pr\u00e9-escolar, constru\u00e7\u00e3o de sanit\u00e1rio para os servidores e de dois dep\u00f3sitos (para materiais did\u00e1ticos e materiais de limpeza), al\u00e9m da instala\u00e7\u00e3o de cobertura ligando o port\u00e3o de entrada ao pr\u00e9dio. Nas salas de aula, foi realizada a substitui\u00e7\u00e3o dos pisos e dos forros.<\/p>\n<p>\u201cRecentemente, um dado interessante chegou ao meu conhecimento. Cerca de 20% dos habitantes apucaranenses residem na cidade h\u00e1 menos de dez anos. Muitas fam\u00edlias t\u00eam vindo para c\u00e1 em busca de atendimento abrangente em sa\u00fade, oportunidades de emprego no polo de confec\u00e7\u00f5es e educa\u00e7\u00e3o de qualidade para seus filhos,\u201d disse o prefeito Junior da Femac.<\/p>\n<p>A Escola Municipal Professora Marta Pereira da Silva foi fundada em 1988 e possui atualmente 218 alunos, matriculados na Educa\u00e7\u00e3o Infantil e nos anos iniciais do Ensino Fundamental. Crian\u00e7as de diferentes localidades s\u00e3o atendidas pela institui\u00e7\u00e3o, como Jardim Menegazzo, Jardim Europa, Jardim Espanha, Residencial Interlagos, Patrim\u00f4nio de S\u00e3o Domingos e de propriedades ao longo da Estrada do Bilote.<\/p>\n<p>Esta \u00e9 a segunda vez que a Escola Professora Marta Pereira da Silva passa por obras na gest\u00e3o Beto Preto e J\u00fanior da Femac. Em 2017, a prefeitura j\u00e1 havia investido R$ 230.627,65 na reforma do refeit\u00f3rio, demoli\u00e7\u00e3o de escada, constru\u00e7\u00e3o de rampa, ajustes na central de g\u00e1s, coloca\u00e7\u00e3o de pastilhas nas \u00e1reas comuns, implanta\u00e7\u00e3o do portal de entrada, melhorias no muro e nas cal\u00e7adas, e constru\u00e7\u00e3o de uma sala de aula. Junior da Femac avalia que Apucarana est\u00e1 formando uma gera\u00e7\u00e3o vencedora, com ambientes adequados, material did\u00e1tico e equipamentos de qualidade e forma\u00e7\u00e3o cont\u00ednua de professores.<\/p>\n<p>\u201cEu trabalho na rede municipal de ensino h\u00e1 31 anos e afirmo que nunca vi uma gest\u00e3o investir tanto nos CMEIs e Escolas. \u00c9 um marco hist\u00f3rico. Hoje, n\u00f3s temos tudo o que \u00e9 necess\u00e1rio para a educa\u00e7\u00e3o das crian\u00e7as, como pr\u00e9dio adequado, merenda diversificada e recursos pedag\u00f3gicos em abund\u00e2ncia. O parquinho infantil com grama sint\u00e9tica ficou maravilhoso,\u201d comemorou a diretora Val\u00e9ria Aguero Fernandes.<\/p>\n<div class = 'socialMediaOnEveryPost'>Compartilhe<div id=\"sgmbShare1-1\" class=\"sgmbShare jssocials-theme-classic sgmbWidget1-1\"><\/div><div class=\"dropdownWrapper dropdownWrapper1 dropdownWrapper-for-widget \" id=\"dropdownWrapper-for-widget\">\r\n\t\t\t\t\t\t<div class=\"dropdownLabel\" id=\"dropdownLabel-share-list\"><span class=\"sgmbButtonListLabel1\">Share List<\/span><\/div>\r\n\t\t\t\t\t\t<div class=\"dropdownPanel dropdownPanel1-1\">\r\n\t\t\t\t\t\t<\/div>\r\n\t\t\t\t\t<\/div><script>  SGMB_URL = \"http:\/\/www.apucarana.pr.gov.br\/ame\/wp-content\/plugins\/social-media-builder\/\"; jQuery(\".dropdownWrapper\").hide(); SGMB_GOOGLE_ACOUNT = \"\"; <\/script><script type=\"text\/javascript\">\r\n\t\tjQuery(document).ready(function($){var widget = new SGMBWidget();widget.show({\"id\":\"1\",\"title\":\"Face\\\/Twitter\",\"options\":{\"currentUrl\":\"1\",\"url\":\"\",\"shareText\":\"\",\"fontSize\":\"14\",\"betweenButtons\":\"1px\",\"theme\":\"classic\",\"sgmbButtonsPosition\":\"bottomLeft\",\"socialTheme\":\"\",\"icon\":\"default\",\"buttonsPanelEffect\":\"No Effect\",\"buttonsEffect\":\"No Effect\",\"iconsEffect\":\"No Effect\",\"buttons\":\"{\\\"facebook\\\":{\\\"label\\\":\\\"Share\\\",\\\"icon\\\":\\\"default-facebook\\\"},\\\"twitter\\\":{\\\"label\\\":\\\"Tweet\\\",\\\"icon\\\":\\\"default-twitter\\\",\\\"via\\\":\\\"\\\",\\\"hashtags\\\":\\\"\\\"}}\",\"roundButton\":\"\",\"showLabels\":\"\",\"showCounts\":\"\",\"showCenter\":\"\",\"showButtonsAsList\":\"\",\"sgmbDropdownColor\":\"\",\"sgmbDropdownLabelFontSize\":\"14\",\"sgmbDropdownLabelColor\":\"\",\"showButtonsOnEveryPost\":\"on\",\"selectedOrExcluded\":\"\",\"showButtonsOnEveryPage\":\"\",\"textOnEveryPost\":\"Compartilhe\",\"showButtonsOnCustomPost\":\"\",\"textOnCustomPost\":\"\",\"showButtonsOnMobileDirect\":\"on\",\"showButtonsOnDesktopDirect\":\"on\",\"sgmbSelectedPages\":[\"\"],\"sgmbExcludedPosts\":[\"\"],\"sgmbSelectedCustomPosts\":[],\"showButtonsInPopup\":\"\",\"titleOfPopup\":\"\",\"descriptionOfPopup\":\"\",\"showPopupOnLoad\":\"\",\"showPopupOnScroll\":\"\",\"showPopupOnExit\":\"\",\"openSecondsOfPopup\":\"\",\"googleAnaliticsAccount\":\"\"},\"buttonOptions\":{\"facebook\":{\"label\":\"Share\",\"icon\":\"default-facebook\"},\"twitter\":{\"label\":\"Tweet\",\"icon\":\"default-twitter\",\"via\":\"\",\"hashtags\":\"\"}},\"button\":[\"facebook\",\"twitter\"]}, 1, '', 'http:\/\/www.apucarana.pr.gov.br\/ame\/wp-content\/uploads\/2019\/12\/IMG_1151.jpg', '', 'http:\/\/www.apucarana.pr.gov.br\/ame\/junior-da-femac-entrega-reforma-e-ampliacao-de-escola-no-jardim-menegazzo\/'); });<\/script><\/div><script> jQuery(\".socialMediaOnEveryPost\").addClass(\"sgmb-left\") <\/script>","protected":false},"excerpt":{"rendered":"<p>As obras da Escola Marta Pereira da Silva demandaram R$ 326 mil e v\u00e3o beneficiar crian\u00e7as de v\u00e1rios bairros<\/p>\n","protected":false},"author":10,"featured_media":8863,"comment_status":"closed","ping_status":"open","sticky":false,"template":"","format":"standard","meta":[],"categories":[9],"tags":[],"_links":{"self":[{"href":"http:\/\/www.apucarana.pr.gov.br\/ame\/wp-json\/wp\/v2\/posts\/8857"}],"collection":[{"href":"http:\/\/www.apucarana.pr.gov.br\/ame\/wp-json\/wp\/v2\/posts"}],"about":[{"href":"http:\/\/www.apucarana.pr.gov.br\/ame\/wp-json\/wp\/v2\/types\/post"}],"author":[{"embeddable":true,"href":"http:\/\/www.apucarana.pr.gov.br\/ame\/wp-json\/wp\/v2\/users\/10"}],"replies":[{"embeddable":true,"href":"http:\/\/www.apucarana.pr.gov.br\/ame\/wp-json\/wp\/v2\/comments?post=8857"}],"version-history":[{"count":1,"href":"http:\/\/www.apucarana.pr.gov.br\/ame\/wp-json\/wp\/v2\/posts\/8857\/revisions"}],"predecessor-version":[{"id":8866,"href":"http:\/\/www.apucarana.pr.gov.br\/ame\/wp-json\/wp\/v2\/posts\/8857\/revisions\/8866"}],"wp:featuredmedia":[{"embeddable":true,"href":"http:\/\/www.apucarana.pr.gov.br\/ame\/wp-json\/wp\/v2\/media\/8863"}],"wp:attachment":[{"href":"http:\/\/www.apucarana.pr.gov.br\/ame\/wp-json\/wp\/v2\/media?parent=8857"}],"wp:term":[{"taxonomy":"category","embeddable":true,"href":"http:\/\/www.apucarana.pr.gov.br\/ame\/wp-json\/wp\/v2\/categories?post=8857"},{"taxonomy":"post_tag","embeddable":true,"href":"http:\/\/www.apucarana.pr.gov.br\/ame\/wp-json\/wp\/v2\/tags?post=8857"}],"curies":[{"name":"wp","href":"https:\/\/api.w.org\/{rel}","templated":true}]}}