{"id":8826,"date":"2019-11-22T20:51:49","date_gmt":"2019-11-22T22:51:49","guid":{"rendered":"http:\/\/www.apucarana.pr.gov.br\/ame\/?p=8826"},"modified":"2024-10-08T09:10:03","modified_gmt":"2024-10-08T12:10:03","slug":"junior-da-femac-autoriza-licitacoes-no-valor-de-r-18-milhao-para-tres-escolas","status":"publish","type":"post","link":"http:\/\/www.apucarana.pr.gov.br\/ame\/junior-da-femac-autoriza-licitacoes-no-valor-de-r-18-milhao-para-tres-escolas\/","title":{"rendered":"J\u00fanior da Femac autoriza licita\u00e7\u00f5es no valor de R$ 1,8 milh\u00e3o para tr\u00eas escolas"},"content":{"rendered":"<p>Na tarde desta sexta-feira (22), o prefeito J\u00fanior da Femac autorizou a abertura de processos licitat\u00f3rios para a reconstru\u00e7\u00e3o das quadras esportivas das escolas municipais Luiz Carlos Prestes e F\u00e1bio Henrique da Silva, que foram destru\u00eddas por vendavais, e a reforma da quadra da escola Albino Biacchi. Cerca de R$ 1,8 milh\u00e3o devem ser investidos nos tr\u00eas pr\u00e9dios.<\/p>\n<p>O projeto de engenharia prev\u00ea que as estruturas possuam cobertura met\u00e1lica, piso de alta resist\u00eancia, demarca\u00e7\u00e3o seguindo medidas oficiais, fechamento em alvenaria e alambrados, arquibancadas, refletores, ilumina\u00e7\u00e3o de emerg\u00eancia e demais itens solicitados pelo Corpo de Bombeiros.<\/p>\n<p>\u201cA maioria das crian\u00e7as apucaranenses fica sete horas di\u00e1rias nas escolas devido \u00e0 educa\u00e7\u00e3o integral. \u00c9 importante que elas tenham um espa\u00e7o adequado para brincar, confraternizar com os amigos e praticar esportes. N\u00f3s estamos muito contentes em anunciar mais estas obras,\u201d disse a secret\u00e1ria municipal de educa\u00e7\u00e3o, Marli Fernandes.<\/p>\n<p>J\u00fanior da Femac frisou o munic\u00edpio vem conseguindo avan\u00e7ar em \u00e1reas priorit\u00e1rias, como sa\u00fade e educa\u00e7\u00e3o, apesar das d\u00edvidas deixadas por administra\u00e7\u00f5es anteriores. \u201cIsso s\u00f3 \u00e9 poss\u00edvel gra\u00e7as ao minucioso planejamento e \u00e0 rigorosa economia que as nossas equipes fazem. No m\u00eas de novembro, at\u00e9 a data de hoje (22), a prefeitura j\u00e1 pagou mais de R$ 2 milh\u00f5es em d\u00e9bitos, valor que seria suficiente para construir outras tr\u00eas quadras esportivas,\u201d afirmou o gestor.<\/p>\n<p>Al\u00e9m das benfeitorias na quadra, a Escola Albino Biacchi ser\u00e1 contemplada com a instala\u00e7\u00e3o de cobertura ligando o portal de entrada ao pr\u00e9dio, a revitaliza\u00e7\u00e3o de quatro salas de aula, dos sanit\u00e1rios dos alunos e do p\u00e1tio. A reforma de 877,86 m<sup>2<\/sup>\u00a0e a amplia\u00e7\u00e3o de 75,30 m<sup>2<\/sup>\u00a0devem absorver recursos da ordem de R$ 586.257,79.<\/p>\n<p>Esta \u00e9 a segunda vez que o pr\u00e9dio da Escola Albino Biacchi recebe melhorias na gest\u00e3o Beto Preto e J\u00fanior da Femac. Em 2016, a unidade de ensino passou pela constru\u00e7\u00e3o de mais duas salas de aula, reforma do refeit\u00f3rio e amplia\u00e7\u00e3o da cozinha, da lavanderia, do dep\u00f3sito de merenda, da sala dos professores, da secretaria e das salas de dire\u00e7\u00e3o e coordena\u00e7\u00e3o. Na \u00e9poca, o montante aplicado somou R$ 754 mil.<\/p>\n<p>\u201cEu acho importante reformar a quadra, por\u00e9m o que eu mais gosto no projeto \u00e9 a instala\u00e7\u00e3o de cobertura na entrada do pr\u00e9dio. A partir de agora, as crian\u00e7as n\u00e3o v\u00e3o mais se molhar nos dias de chuva, ao chegar e sair da escola,\u201d comemorou a presidente da Associa\u00e7\u00e3o de Pais, Mestres e Funcion\u00e1rios (APMF) da Escola Albino Biacchi, Elair Correia Santos.<\/p>\n<p>A Escola F\u00e1bio Henrique da Silva, do Jardim Marissol, tamb\u00e9m j\u00e1 passou por obras nesta gest\u00e3o. De 2015 a 2017, a prefeitura investiu R$ 623 mil para adequar o pr\u00e9dio \u00e0s normas atuais de acessibilidade e seguran\u00e7a previstas pelo Fundo Nacional de Desenvolvimento da Educa\u00e7\u00e3o (FNDE), Corpo de Bombeiros e Vigil\u00e2ncia Sanit\u00e1ria.<\/p>\n<p>A reconstru\u00e7\u00e3o da quadra esportiva desta unidade de ensino foi iniciada no ano passado. Por\u00e9m, a empreiteira que ganhou a licita\u00e7\u00e3o desistiu da obra e teve o contrato rescindido. O processo atual visa admitir uma nova construtora para dar continuidade aos servi\u00e7os. A prefeitura tem em caixa R$ 464.835,45 destinados \u00e0 edifica\u00e7\u00e3o da estrutura, cuja \u00e1rea ser\u00e1 de 515,10 m<sup>2<\/sup>.<\/p>\n<p>Os 163 alunos da Escola Luiz Carlos Prestes ser\u00e3o igualmente beneficiados com a reconstru\u00e7\u00e3o da sua quadra esportiva, al\u00e9m da edifica\u00e7\u00e3o de p\u00e1tio descoberto, parquinho infantil, rampas de acesso, muros e cobertura ligando o portal de entrada ao pr\u00e9dio. As obras devem abarcar 588,53 m<sup>2<\/sup>\u00a0de \u00e1rea e R$ 766.351,75 de investimento.<\/p>\n<p>Outros R$ 441 mil j\u00e1 foram investidos no estabelecimento h\u00e1 tr\u00eas anos, quando foram feitas adequa\u00e7\u00f5es para acessibilidade, reforma dos sanit\u00e1rios, refeit\u00f3rio e setor administrativo, amplia\u00e7\u00e3o da cozinha, lavanderia e dep\u00f3sito de merenda, e constru\u00e7\u00e3o de muros e cal\u00e7adas.<\/p>\n<p>Participaram tamb\u00e9m do ato no gabinete do executivo, os secret\u00e1rios municipais Nikolai Cernescu J\u00fanior, Sueli Aparecida de Freitas Pereira, Herivelto Moreno e La\u00e9rcio de Moraes; o procurador jur\u00eddico, Paulo Vital; o superintendente do Idepplan, Carlos Mendes; diretoras escolares e pais de alunos.<\/p>\n<div class = 'socialMediaOnEveryPost'>Compartilhe<div id=\"sgmbShare1-1\" class=\"sgmbShare jssocials-theme-classic sgmbWidget1-1\"><\/div><div class=\"dropdownWrapper dropdownWrapper1 dropdownWrapper-for-widget \" id=\"dropdownWrapper-for-widget\">\r\n\t\t\t\t\t\t<div class=\"dropdownLabel\" id=\"dropdownLabel-share-list\"><span class=\"sgmbButtonListLabel1\">Share List<\/span><\/div>\r\n\t\t\t\t\t\t<div class=\"dropdownPanel dropdownPanel1-1\">\r\n\t\t\t\t\t\t<\/div>\r\n\t\t\t\t\t<\/div><script>  SGMB_URL = \"http:\/\/www.apucarana.pr.gov.br\/ame\/wp-content\/plugins\/social-media-builder\/\"; jQuery(\".dropdownWrapper\").hide(); SGMB_GOOGLE_ACOUNT = \"\"; <\/script><script type=\"text\/javascript\">\r\n\t\tjQuery(document).ready(function($){var widget = new SGMBWidget();widget.show({\"id\":\"1\",\"title\":\"Face\\\/Twitter\",\"options\":{\"currentUrl\":\"1\",\"url\":\"\",\"shareText\":\"\",\"fontSize\":\"14\",\"betweenButtons\":\"1px\",\"theme\":\"classic\",\"sgmbButtonsPosition\":\"bottomLeft\",\"socialTheme\":\"\",\"icon\":\"default\",\"buttonsPanelEffect\":\"No Effect\",\"buttonsEffect\":\"No Effect\",\"iconsEffect\":\"No Effect\",\"buttons\":\"{\\\"facebook\\\":{\\\"label\\\":\\\"Share\\\",\\\"icon\\\":\\\"default-facebook\\\"},\\\"twitter\\\":{\\\"label\\\":\\\"Tweet\\\",\\\"icon\\\":\\\"default-twitter\\\",\\\"via\\\":\\\"\\\",\\\"hashtags\\\":\\\"\\\"}}\",\"roundButton\":\"\",\"showLabels\":\"\",\"showCounts\":\"\",\"showCenter\":\"\",\"showButtonsAsList\":\"\",\"sgmbDropdownColor\":\"\",\"sgmbDropdownLabelFontSize\":\"14\",\"sgmbDropdownLabelColor\":\"\",\"showButtonsOnEveryPost\":\"on\",\"selectedOrExcluded\":\"\",\"showButtonsOnEveryPage\":\"\",\"textOnEveryPost\":\"Compartilhe\",\"showButtonsOnCustomPost\":\"\",\"textOnCustomPost\":\"\",\"showButtonsOnMobileDirect\":\"on\",\"showButtonsOnDesktopDirect\":\"on\",\"sgmbSelectedPages\":[\"\"],\"sgmbExcludedPosts\":[\"\"],\"sgmbSelectedCustomPosts\":[],\"showButtonsInPopup\":\"\",\"titleOfPopup\":\"\",\"descriptionOfPopup\":\"\",\"showPopupOnLoad\":\"\",\"showPopupOnScroll\":\"\",\"showPopupOnExit\":\"\",\"openSecondsOfPopup\":\"\",\"googleAnaliticsAccount\":\"\"},\"buttonOptions\":{\"facebook\":{\"label\":\"Share\",\"icon\":\"default-facebook\"},\"twitter\":{\"label\":\"Tweet\",\"icon\":\"default-twitter\",\"via\":\"\",\"hashtags\":\"\"}},\"button\":[\"facebook\",\"twitter\"]}, 1, '', 'http:\/\/www.apucarana.pr.gov.br\/ame\/wp-content\/uploads\/2019\/11\/IMG_8889.jpg', '', 'http:\/\/www.apucarana.pr.gov.br\/ame\/junior-da-femac-autoriza-licitacoes-no-valor-de-r-18-milhao-para-tres-escolas\/'); });<\/script><\/div><script> jQuery(\".socialMediaOnEveryPost\").addClass(\"sgmb-left\") <\/script>","protected":false},"excerpt":{"rendered":"<p>Escolas dos jardins Am\u00e9rica, Marissol e Trabalhista v\u00e3o ganhar novas quadras esportivas cobertas  <\/p>\n","protected":false},"author":10,"featured_media":8829,"comment_status":"closed","ping_status":"open","sticky":false,"template":"","format":"standard","meta":[],"categories":[9],"tags":[],"_links":{"self":[{"href":"http:\/\/www.apucarana.pr.gov.br\/ame\/wp-json\/wp\/v2\/posts\/8826"}],"collection":[{"href":"http:\/\/www.apucarana.pr.gov.br\/ame\/wp-json\/wp\/v2\/posts"}],"about":[{"href":"http:\/\/www.apucarana.pr.gov.br\/ame\/wp-json\/wp\/v2\/types\/post"}],"author":[{"embeddable":true,"href":"http:\/\/www.apucarana.pr.gov.br\/ame\/wp-json\/wp\/v2\/users\/10"}],"replies":[{"embeddable":true,"href":"http:\/\/www.apucarana.pr.gov.br\/ame\/wp-json\/wp\/v2\/comments?post=8826"}],"version-history":[{"count":1,"href":"http:\/\/www.apucarana.pr.gov.br\/ame\/wp-json\/wp\/v2\/posts\/8826\/revisions"}],"predecessor-version":[{"id":8830,"href":"http:\/\/www.apucarana.pr.gov.br\/ame\/wp-json\/wp\/v2\/posts\/8826\/revisions\/8830"}],"wp:featuredmedia":[{"embeddable":true,"href":"http:\/\/www.apucarana.pr.gov.br\/ame\/wp-json\/wp\/v2\/media\/8829"}],"wp:attachment":[{"href":"http:\/\/www.apucarana.pr.gov.br\/ame\/wp-json\/wp\/v2\/media?parent=8826"}],"wp:term":[{"taxonomy":"category","embeddable":true,"href":"http:\/\/www.apucarana.pr.gov.br\/ame\/wp-json\/wp\/v2\/categories?post=8826"},{"taxonomy":"post_tag","embeddable":true,"href":"http:\/\/www.apucarana.pr.gov.br\/ame\/wp-json\/wp\/v2\/tags?post=8826"}],"curies":[{"name":"wp","href":"https:\/\/api.w.org\/{rel}","templated":true}]}}