{"id":8811,"date":"2019-11-22T16:30:21","date_gmt":"2019-11-22T18:30:21","guid":{"rendered":"http:\/\/www.apucarana.pr.gov.br\/ame\/?p=8811"},"modified":"2024-10-08T09:10:03","modified_gmt":"2024-10-08T12:10:03","slug":"festival-de-artes-marciais-movimenta-500-alunos-da-rede-municipal-de-ensino","status":"publish","type":"post","link":"http:\/\/www.apucarana.pr.gov.br\/ame\/festival-de-artes-marciais-movimenta-500-alunos-da-rede-municipal-de-ensino\/","title":{"rendered":"Festival de artes marciais movimenta 500 alunos da rede municipal de ensino"},"content":{"rendered":"<p>Cerca de 500 alunos participaram, na noite de ontem (21), no gin\u00e1sio esportivo Lago\u00e3o, do 9\u00ba Festival de Artes Marciais da rede municipal de ensino. A atividade foi organizada pela Prefeitura de Apucarana, por meio da Autarquia de Educa\u00e7\u00e3o, da Secretaria de Esportes e da AKA Academia, com o objetivo de mostrar aos pais das crian\u00e7as um pouco daquilo que seus filhos aprendem ao longo do ano letivo.<\/p>\n<p>As aulas de artes marciais fazem parte do curr\u00edculo escolar das turmas do 1\u00ba ao 5\u00ba ano. \u201cAs principais habilidades que s\u00e3o trabalhadas nas oficinas s\u00e3o o autocontrole, o respeito ao pr\u00f3ximo, a disciplina e a concentra\u00e7\u00e3o,\u201d explicou a superintendente administrativo e operacional da AME, Ana Paula Cunha, que representou a secret\u00e1ria de educa\u00e7\u00e3o Marli Fernandes.<\/p>\n<p>Demonstra\u00e7\u00f5es de karat\u00ea e kung fu foram feitas pelos estudantes durante o festival. \u201cOs valores que aprendemos na inf\u00e2ncia nos acompanham por toda a vida. Por isso, \u00e9 essencial que as fam\u00edlias e as escolas estejam sempre dialogando e somando esfor\u00e7os para oferecer uma forma\u00e7\u00e3o s\u00f3lida \u00e0s crian\u00e7as. As apresenta\u00e7\u00f5es que assistimos aqui foram maravilhosas. Esses meninos e meninas brilharam mais uma vez,\u201d afirmou o prefeito J\u00fanior da Femac.<\/p>\n<p>Muitos talentos v\u00eam sendo revelados por meio das aulas de artes marciais na rede municipal de Apucarana. Em 2019, no Campeonato Paranaense de Karat\u00ea, o aluno Gabriel dos Santos Val\u00e9rio, da Escola Municipal Augusto Weyand, conquistou o primeiro lugar nos m\u00e9todos kata e kumite; enquanto o aluno Jo\u00e3o Pedro Lopes, da Escola Dr. Joaquim Vicente de Castro, ficou em segundo lugar no kumite e em terceiro no kata; e o aluno Jo\u00e3o Pedro Santos, tamb\u00e9m da Escola Dr. Joaquim Vicente de Castro, terminou em segundo lugar no kata e em terceiro no kumite.<\/p>\n<p>J\u00e1 a aluna Madelaine Gomes, da Escola Municipal Jos\u00e9 Id\u00e9sio Brianezi, venceu os campeonatos regional, paranaense e brasileiro de Kung Fu Wushu em 2018.<\/p>\n<div class = 'socialMediaOnEveryPost'>Compartilhe<div id=\"sgmbShare1-1\" class=\"sgmbShare jssocials-theme-classic sgmbWidget1-1\"><\/div><div class=\"dropdownWrapper dropdownWrapper1 dropdownWrapper-for-widget \" id=\"dropdownWrapper-for-widget\">\r\n\t\t\t\t\t\t<div class=\"dropdownLabel\" id=\"dropdownLabel-share-list\"><span class=\"sgmbButtonListLabel1\">Share List<\/span><\/div>\r\n\t\t\t\t\t\t<div class=\"dropdownPanel dropdownPanel1-1\">\r\n\t\t\t\t\t\t<\/div>\r\n\t\t\t\t\t<\/div><script>  SGMB_URL = \"http:\/\/www.apucarana.pr.gov.br\/ame\/wp-content\/plugins\/social-media-builder\/\"; jQuery(\".dropdownWrapper\").hide(); SGMB_GOOGLE_ACOUNT = \"\"; <\/script><script type=\"text\/javascript\">\r\n\t\tjQuery(document).ready(function($){var widget = new SGMBWidget();widget.show({\"id\":\"1\",\"title\":\"Face\\\/Twitter\",\"options\":{\"currentUrl\":\"1\",\"url\":\"\",\"shareText\":\"\",\"fontSize\":\"14\",\"betweenButtons\":\"1px\",\"theme\":\"classic\",\"sgmbButtonsPosition\":\"bottomLeft\",\"socialTheme\":\"\",\"icon\":\"default\",\"buttonsPanelEffect\":\"No Effect\",\"buttonsEffect\":\"No Effect\",\"iconsEffect\":\"No Effect\",\"buttons\":\"{\\\"facebook\\\":{\\\"label\\\":\\\"Share\\\",\\\"icon\\\":\\\"default-facebook\\\"},\\\"twitter\\\":{\\\"label\\\":\\\"Tweet\\\",\\\"icon\\\":\\\"default-twitter\\\",\\\"via\\\":\\\"\\\",\\\"hashtags\\\":\\\"\\\"}}\",\"roundButton\":\"\",\"showLabels\":\"\",\"showCounts\":\"\",\"showCenter\":\"\",\"showButtonsAsList\":\"\",\"sgmbDropdownColor\":\"\",\"sgmbDropdownLabelFontSize\":\"14\",\"sgmbDropdownLabelColor\":\"\",\"showButtonsOnEveryPost\":\"on\",\"selectedOrExcluded\":\"\",\"showButtonsOnEveryPage\":\"\",\"textOnEveryPost\":\"Compartilhe\",\"showButtonsOnCustomPost\":\"\",\"textOnCustomPost\":\"\",\"showButtonsOnMobileDirect\":\"on\",\"showButtonsOnDesktopDirect\":\"on\",\"sgmbSelectedPages\":[\"\"],\"sgmbExcludedPosts\":[\"\"],\"sgmbSelectedCustomPosts\":[],\"showButtonsInPopup\":\"\",\"titleOfPopup\":\"\",\"descriptionOfPopup\":\"\",\"showPopupOnLoad\":\"\",\"showPopupOnScroll\":\"\",\"showPopupOnExit\":\"\",\"openSecondsOfPopup\":\"\",\"googleAnaliticsAccount\":\"\"},\"buttonOptions\":{\"facebook\":{\"label\":\"Share\",\"icon\":\"default-facebook\"},\"twitter\":{\"label\":\"Tweet\",\"icon\":\"default-twitter\",\"via\":\"\",\"hashtags\":\"\"}},\"button\":[\"facebook\",\"twitter\"]}, 1, '', 'http:\/\/www.apucarana.pr.gov.br\/ame\/wp-content\/uploads\/2019\/11\/IMG_8709.jpg', '', 'http:\/\/www.apucarana.pr.gov.br\/ame\/festival-de-artes-marciais-movimenta-500-alunos-da-rede-municipal-de-ensino\/'); });<\/script><\/div><script> jQuery(\".socialMediaOnEveryPost\").addClass(\"sgmb-left\") <\/script>","protected":false},"excerpt":{"rendered":"<p>Na noite de ontem (21), no gin\u00e1sio Lago\u00e3o, eles mostraram aos pais e familiares o que v\u00eam aprendendo nas aulas de karat\u00ea e kung fu que fazem parte do curr\u00edculo da educa\u00e7\u00e3o integral<\/p>\n","protected":false},"author":10,"featured_media":8822,"comment_status":"closed","ping_status":"open","sticky":false,"template":"","format":"standard","meta":[],"categories":[9],"tags":[],"_links":{"self":[{"href":"http:\/\/www.apucarana.pr.gov.br\/ame\/wp-json\/wp\/v2\/posts\/8811"}],"collection":[{"href":"http:\/\/www.apucarana.pr.gov.br\/ame\/wp-json\/wp\/v2\/posts"}],"about":[{"href":"http:\/\/www.apucarana.pr.gov.br\/ame\/wp-json\/wp\/v2\/types\/post"}],"author":[{"embeddable":true,"href":"http:\/\/www.apucarana.pr.gov.br\/ame\/wp-json\/wp\/v2\/users\/10"}],"replies":[{"embeddable":true,"href":"http:\/\/www.apucarana.pr.gov.br\/ame\/wp-json\/wp\/v2\/comments?post=8811"}],"version-history":[{"count":1,"href":"http:\/\/www.apucarana.pr.gov.br\/ame\/wp-json\/wp\/v2\/posts\/8811\/revisions"}],"predecessor-version":[{"id":8825,"href":"http:\/\/www.apucarana.pr.gov.br\/ame\/wp-json\/wp\/v2\/posts\/8811\/revisions\/8825"}],"wp:featuredmedia":[{"embeddable":true,"href":"http:\/\/www.apucarana.pr.gov.br\/ame\/wp-json\/wp\/v2\/media\/8822"}],"wp:attachment":[{"href":"http:\/\/www.apucarana.pr.gov.br\/ame\/wp-json\/wp\/v2\/media?parent=8811"}],"wp:term":[{"taxonomy":"category","embeddable":true,"href":"http:\/\/www.apucarana.pr.gov.br\/ame\/wp-json\/wp\/v2\/categories?post=8811"},{"taxonomy":"post_tag","embeddable":true,"href":"http:\/\/www.apucarana.pr.gov.br\/ame\/wp-json\/wp\/v2\/tags?post=8811"}],"curies":[{"name":"wp","href":"https:\/\/api.w.org\/{rel}","templated":true}]}}