{"id":8798,"date":"2019-11-20T18:04:26","date_gmt":"2019-11-20T20:04:26","guid":{"rendered":"http:\/\/www.apucarana.pr.gov.br\/ame\/?p=8798"},"modified":"2024-10-08T09:10:03","modified_gmt":"2024-10-08T12:10:03","slug":"circuito-de-corridas-de-rua-e-concluido-com-sucesso-em-apucarana","status":"publish","type":"post","link":"http:\/\/www.apucarana.pr.gov.br\/ame\/circuito-de-corridas-de-rua-e-concluido-com-sucesso-em-apucarana\/","title":{"rendered":"Circuito de Corridas de Rua \u00e9 conclu\u00eddo com sucesso em Apucarana"},"content":{"rendered":"<p>A Autarquia Municipal de Educa\u00e7\u00e3o e a Secretaria Municipal de Esportes realizaram, na manh\u00e3 de hoje (20), no entorno do lago Jaboti, a \u00faltima etapa do Circuito de Corridas de Rua das Escolas de Apucarana. Ao todo, 360 crian\u00e7as participaram da grande final e mostraram que t\u00eam f\u00f4lego e agilidade.<\/p>\n<p>As provas foram realizadas nos naipes masculino e feminino, com percursos de 400 metros para os nascidos em 2011, 600 metros para os nascidos em 2010 e 800 metros para os nascidos em 2009\/2008. Os atletas que conquistaram as tr\u00eas melhores classifica\u00e7\u00f5es em cada categoria devem representar o munic\u00edpio na corrida S\u00e3o Silvestrinha, no dia 22 de dezembro, em S\u00e3o Paulo.<\/p>\n<p>Desde 2013, a pr\u00e1tica do atletismo vem sendo incentivada na rede municipal de ensino. \u201cO curr\u00edculo escolar prev\u00ea que os alunos participem de atividades que levem ao seu desenvolvimento f\u00edsico, cognitivo e emocional. Neste sentido, o esporte \u00e9 um importante aliado da educa\u00e7\u00e3o. Os treinamentos para as corridas acontecem nas pr\u00f3prias aulas de educa\u00e7\u00e3o f\u00edsica e tamb\u00e9m em escolinhas espec\u00edficas que s\u00e3o ofertadas nos bairros e no gin\u00e1sio Lago\u00e3o,\u201d afirmou a diretora-presidente da AME, Marli Fernandes.<\/p>\n<p>O Circuito de Corridas de Rua das Escolas compreendeu tr\u00eas etapas classificat\u00f3rias, realizadas entre maio e setembro no Jardim Ponta Grossa, no Parque Jaboti e no distrito de Pirap\u00f3. \u201cParticipam hoje da competi\u00e7\u00e3o final, os vinte alunos que se sobressa\u00edram em cada categoria nas fases anteriores,\u201d explicou a secret\u00e1ria de esportes, Jossuela Pinheiro.<\/p>\n<p>Ela destacou tamb\u00e9m que o projeto de atletismo vem revelando muitos talentos na rede municipal de ensino. \u201cEm 2019, nossa equipe conquistou o primeiro lugar geral nas corridas de Campo Mour\u00e3o, Florest\u00f3polis, Maring\u00e1 e Ibipor\u00e3. E, no ano passado, um dos nossos atletas foi o vencedor da S\u00e3o Silvestrinha,\u201d recordou.<\/p>\n<p>O prefeito J\u00fanior da Femac participou da entrega dos trof\u00e9us na manh\u00e3 de hoje. \u201cPelo que eu assisti aqui, Apucarana tem grandes chances de sair vitoriosa novamente este ano da S\u00e3o Silvestrinha. Os alunos est\u00e3o bem preparados. Gra\u00e7as aos esfor\u00e7os de tantos professores e servidores, o munic\u00edpio possui atualmente a melhor educa\u00e7\u00e3o do estado e \u00e9 considerado a capital do esporte no Paran\u00e1,\u201d concluiu o gestor.<\/p>\n<p>Confira os vencedores da fase final do Circuito de Corridas de Rua das Escolas:<\/p>\n<p><strong>Nascidos em 2011 \u2013 Masculino<br \/>\n<\/strong>1\u00ba lugar: Kawan Clemente \u2013 Escola Municipal Karel Kober;<br \/>\n2\u00ba lugar: Edward de Oliveira \u2013 Escola Municipal Karel Kober;<br \/>\n3\u00ba lugar: Lu\u00eds Renato dos Santos \u2013 Escola Municipal Dr. Joaquim Vicente de Castro.<\/p>\n<p><strong>Nascidos em 2010 \u2013 Masculino<br \/>\n<\/strong>1\u00ba lugar: Brayan Teixeira \u2013 Escola Municipal Professor Durval Pinto;<br \/>\n2\u00ba lugar: Romulo Monteiro \u2013 Escola Municipal Professor Durval Pinto;<br \/>\n3\u00ba lugar: Anthony Henrique \u2013 Escola Municipal Professor Idalice Moreira Prates;<\/p>\n<p><strong>Nascidos em 2009\/2008 \u2013 Masculino<br \/>\n<\/strong>1\u00ba lugar: Felipe Gabriel \u2013 Escola Municipal Presidente M\u00e9dici;<br \/>\n2\u00ba lugar: Yohan Gabriel \u2013 Escola Municipal Professor Durval Pinto;<br \/>\n3\u00ba lugar: Leandro Batista \u2013 Escola Municipal Presidente M\u00e9dici.<\/p>\n<p><strong>Nascidos em 2011 \u2013 Feminino<br \/>\n<\/strong>1\u00ba lugar: Ana Beatriz \u2013 Escola Municipal Jos\u00e9 Brazil Camargo;<br \/>\n2\u00ba lugar: Kemily Camargo \u2013 Escola Municipal Professora Marta Pereira da Silva;<br \/>\n3\u00ba lugar: Yasmin Mesquita \u2013 Escola Municipal Vereador Jos\u00e9 Ramos de Oliveira.<\/p>\n<p><strong>Nascidos em 2010 \u2013 Feminino<br \/>\n<\/strong>1\u00ba lugar: Isabela Santos \u2013 Escola Municipal Professora Marta Pereira da Silva;<br \/>\n2\u00ba lugar: Vit\u00f3ria Rafaela Rosa \u2013 Escola Municipal Professora Marilda Duarte Noli;<br \/>\n3\u00ba lugar: Mariana Gon\u00e7alves \u2013 Escola Municipal Pl\u00e1cido de Castro.<\/p>\n<p><strong>Nascidos em 2009\/2008 \u2013 Feminino<br \/>\n<\/strong>1\u00ba lugar: Gabriele Santos \u2013 Escola Municipal Professor Durval Pinto;<br \/>\n2\u00ba lugar: Andrelize Vit\u00f3ria \u2013 Escola Municipal Professor Durval Pinto;<br \/>\n3\u00ba lugar: Izabela Vit\u00f3ria \u2013 Escola Municipal Jos\u00e9 de Alencar.<\/p>\n<div class = 'socialMediaOnEveryPost'>Compartilhe<div id=\"sgmbShare1-1\" class=\"sgmbShare jssocials-theme-classic sgmbWidget1-1\"><\/div><div class=\"dropdownWrapper dropdownWrapper1 dropdownWrapper-for-widget \" id=\"dropdownWrapper-for-widget\">\r\n\t\t\t\t\t\t<div class=\"dropdownLabel\" id=\"dropdownLabel-share-list\"><span class=\"sgmbButtonListLabel1\">Share List<\/span><\/div>\r\n\t\t\t\t\t\t<div class=\"dropdownPanel dropdownPanel1-1\">\r\n\t\t\t\t\t\t<\/div>\r\n\t\t\t\t\t<\/div><script>  SGMB_URL = \"http:\/\/www.apucarana.pr.gov.br\/ame\/wp-content\/plugins\/social-media-builder\/\"; jQuery(\".dropdownWrapper\").hide(); SGMB_GOOGLE_ACOUNT = \"\"; <\/script><script type=\"text\/javascript\">\r\n\t\tjQuery(document).ready(function($){var widget = new SGMBWidget();widget.show({\"id\":\"1\",\"title\":\"Face\\\/Twitter\",\"options\":{\"currentUrl\":\"1\",\"url\":\"\",\"shareText\":\"\",\"fontSize\":\"14\",\"betweenButtons\":\"1px\",\"theme\":\"classic\",\"sgmbButtonsPosition\":\"bottomLeft\",\"socialTheme\":\"\",\"icon\":\"default\",\"buttonsPanelEffect\":\"No Effect\",\"buttonsEffect\":\"No Effect\",\"iconsEffect\":\"No Effect\",\"buttons\":\"{\\\"facebook\\\":{\\\"label\\\":\\\"Share\\\",\\\"icon\\\":\\\"default-facebook\\\"},\\\"twitter\\\":{\\\"label\\\":\\\"Tweet\\\",\\\"icon\\\":\\\"default-twitter\\\",\\\"via\\\":\\\"\\\",\\\"hashtags\\\":\\\"\\\"}}\",\"roundButton\":\"\",\"showLabels\":\"\",\"showCounts\":\"\",\"showCenter\":\"\",\"showButtonsAsList\":\"\",\"sgmbDropdownColor\":\"\",\"sgmbDropdownLabelFontSize\":\"14\",\"sgmbDropdownLabelColor\":\"\",\"showButtonsOnEveryPost\":\"on\",\"selectedOrExcluded\":\"\",\"showButtonsOnEveryPage\":\"\",\"textOnEveryPost\":\"Compartilhe\",\"showButtonsOnCustomPost\":\"\",\"textOnCustomPost\":\"\",\"showButtonsOnMobileDirect\":\"on\",\"showButtonsOnDesktopDirect\":\"on\",\"sgmbSelectedPages\":[\"\"],\"sgmbExcludedPosts\":[\"\"],\"sgmbSelectedCustomPosts\":[],\"showButtonsInPopup\":\"\",\"titleOfPopup\":\"\",\"descriptionOfPopup\":\"\",\"showPopupOnLoad\":\"\",\"showPopupOnScroll\":\"\",\"showPopupOnExit\":\"\",\"openSecondsOfPopup\":\"\",\"googleAnaliticsAccount\":\"\"},\"buttonOptions\":{\"facebook\":{\"label\":\"Share\",\"icon\":\"default-facebook\"},\"twitter\":{\"label\":\"Tweet\",\"icon\":\"default-twitter\",\"via\":\"\",\"hashtags\":\"\"}},\"button\":[\"facebook\",\"twitter\"]}, 1, '', 'http:\/\/www.apucarana.pr.gov.br\/ame\/wp-content\/uploads\/2019\/11\/IMG_2359.jpg', '', 'http:\/\/www.apucarana.pr.gov.br\/ame\/circuito-de-corridas-de-rua-e-concluido-com-sucesso-em-apucarana\/'); });<\/script><\/div><script> jQuery(\".socialMediaOnEveryPost\").addClass(\"sgmb-left\") <\/script>","protected":false},"excerpt":{"rendered":"<p>A etapa final da competi\u00e7\u00e3o foi realizada na manh\u00e3 de hoje (20), no entorno do lago Jaboti, e reuniu 360 alunos da rede municipal de ensino<\/p>\n","protected":false},"author":10,"featured_media":8800,"comment_status":"closed","ping_status":"open","sticky":false,"template":"","format":"standard","meta":[],"categories":[9],"tags":[],"_links":{"self":[{"href":"http:\/\/www.apucarana.pr.gov.br\/ame\/wp-json\/wp\/v2\/posts\/8798"}],"collection":[{"href":"http:\/\/www.apucarana.pr.gov.br\/ame\/wp-json\/wp\/v2\/posts"}],"about":[{"href":"http:\/\/www.apucarana.pr.gov.br\/ame\/wp-json\/wp\/v2\/types\/post"}],"author":[{"embeddable":true,"href":"http:\/\/www.apucarana.pr.gov.br\/ame\/wp-json\/wp\/v2\/users\/10"}],"replies":[{"embeddable":true,"href":"http:\/\/www.apucarana.pr.gov.br\/ame\/wp-json\/wp\/v2\/comments?post=8798"}],"version-history":[{"count":1,"href":"http:\/\/www.apucarana.pr.gov.br\/ame\/wp-json\/wp\/v2\/posts\/8798\/revisions"}],"predecessor-version":[{"id":8810,"href":"http:\/\/www.apucarana.pr.gov.br\/ame\/wp-json\/wp\/v2\/posts\/8798\/revisions\/8810"}],"wp:featuredmedia":[{"embeddable":true,"href":"http:\/\/www.apucarana.pr.gov.br\/ame\/wp-json\/wp\/v2\/media\/8800"}],"wp:attachment":[{"href":"http:\/\/www.apucarana.pr.gov.br\/ame\/wp-json\/wp\/v2\/media?parent=8798"}],"wp:term":[{"taxonomy":"category","embeddable":true,"href":"http:\/\/www.apucarana.pr.gov.br\/ame\/wp-json\/wp\/v2\/categories?post=8798"},{"taxonomy":"post_tag","embeddable":true,"href":"http:\/\/www.apucarana.pr.gov.br\/ame\/wp-json\/wp\/v2\/tags?post=8798"}],"curies":[{"name":"wp","href":"https:\/\/api.w.org\/{rel}","templated":true}]}}