{"id":8787,"date":"2019-11-19T15:21:00","date_gmt":"2019-11-19T17:21:00","guid":{"rendered":"http:\/\/www.apucarana.pr.gov.br\/ame\/?p=8787"},"modified":"2024-10-08T09:10:03","modified_gmt":"2024-10-08T12:10:03","slug":"instituto-federal-do-parana-realiza-a-formatura-de-80-alunos-em-apucarana","status":"publish","type":"post","link":"http:\/\/www.apucarana.pr.gov.br\/ame\/instituto-federal-do-parana-realiza-a-formatura-de-80-alunos-em-apucarana\/","title":{"rendered":"Instituto Federal do Paran\u00e1 realiza a formatura de 80 alunos em Apucarana"},"content":{"rendered":"<p>A Prefeitura de Apucarana, a Autarquia Municipal de Educa\u00e7\u00e3o e o Instituto Federal do Paran\u00e1 (IFPR) realizaram, na noite de ontem (18), no Cine Teatro F\u00eanix, a solenidade de formatura dos 80 alunos que conclu\u00edram os cursos t\u00e9cnicos, subsequentes do ensino m\u00e9dio, de Administra\u00e7\u00e3o, Log\u00edstica, Seguran\u00e7a do Trabalho, Meio Ambiente e Agente Comunit\u00e1rio de Sa\u00fade.<\/p>\n<p>A cerim\u00f4nia foi conduzida pela secret\u00e1ria municipal de educa\u00e7\u00e3o Marli Fernandes, que representou no ato o reitor <em>pro tempore<\/em> do IFPR Odacir Antonio Zanata. \u201cEu me sinto honrada em participar deste momento de j\u00fabilo para os formandos. A sociedade moderna \u00e9 din\u00e2mica e exige a atualiza\u00e7\u00e3o constante dos conhecimentos. Parab\u00e9ns a todos pelo esfor\u00e7o e dedica\u00e7\u00e3o empregados na conquista dos t\u00edtulos de tecn\u00f3logos,\u201d congratulou.<\/p>\n<p>O prefeito J\u00fanior da Femac frisou que a pasta da educa\u00e7\u00e3o \u00e9 considerada priorit\u00e1ria em Apucarana. \u201cDesde 2013, quando o Beto Preto e eu assumimos o executivo, n\u00f3s temos investido sistematicamente na forma\u00e7\u00e3o dos cidad\u00e3os, desde o ensino b\u00e1sico at\u00e9 o profissionalizante e o superior. O nosso Polo UAB \u00e9 um dos maiores do estado, com mais de mil alunos matriculados e nove universidades parceiras,\u201d disse o gestor.<\/p>\n<p>Os cursos t\u00e9cnicos do IFPR atra\u00edram estudantes de diversas cidades, como Maril\u00e2ndia do Sul, Arapongas, Mau\u00e1 da Serra, Calif\u00f3rnia, Mandaguari, Cambira, Centen\u00e1rio do Sul e Apucarana. Ao todo, 20 acad\u00eamicos conclu\u00edram a forma\u00e7\u00e3o em Administra\u00e7\u00e3o, 28 em Seguran\u00e7a do Trabalho, 13 em Meio Ambiente, 8 em Log\u00edstica e 11 em Agente Comunit\u00e1rio de Sa\u00fade. A carga hor\u00e1ria variou entre 874 e 1264 horas.<\/p>\n<p>\u201cEste foi o primeiro curso que realizei por meio do IFPR, mas posso dizer que estou satisfeito. Os tutores Claudemir Ockner e Fernando Jos\u00e9 de Freitas nos ajudaram bastante com as atividades e o Polo UAB possui uma estrutura muito boa, com internet dispon\u00edvel e \u00f3tima localiza\u00e7\u00e3o,\u201d afirmou o acad\u00eamico \u00c9der Rossetti, que concluiu a forma\u00e7\u00e3o de Agente Comunit\u00e1rio de Sa\u00fade.<\/p>\n<p>Recentemente, o prefeito J\u00fanior da Femac esteve em Curitiba e participou de uma reuni\u00e3o com o diretor geral de educa\u00e7\u00e3o a dist\u00e2ncia do IFPR, Marcos Ant\u00f4nio Barbosa. \u201cN\u00f3s acertamos a renova\u00e7\u00e3o da parceria e vamos trazer mais cursos para os jovens e adultos da cidade. A Autarquia Municipal de Educa\u00e7\u00e3o e o Polo UAB j\u00e1 est\u00e3o preparando a documenta\u00e7\u00e3o e definindo os tutores presenciais para a abertura de novas turmas de Administra\u00e7\u00e3o, Meio Ambiente, Log\u00edstica e Agente Comunit\u00e1rio de Sa\u00fade,\u201d adiantou o gestor.<\/p>\n<div class = 'socialMediaOnEveryPost'>Compartilhe<div id=\"sgmbShare1-1\" class=\"sgmbShare jssocials-theme-classic sgmbWidget1-1\"><\/div><div class=\"dropdownWrapper dropdownWrapper1 dropdownWrapper-for-widget \" id=\"dropdownWrapper-for-widget\">\r\n\t\t\t\t\t\t<div class=\"dropdownLabel\" id=\"dropdownLabel-share-list\"><span class=\"sgmbButtonListLabel1\">Share List<\/span><\/div>\r\n\t\t\t\t\t\t<div class=\"dropdownPanel dropdownPanel1-1\">\r\n\t\t\t\t\t\t<\/div>\r\n\t\t\t\t\t<\/div><script>  SGMB_URL = \"http:\/\/www.apucarana.pr.gov.br\/ame\/wp-content\/plugins\/social-media-builder\/\"; jQuery(\".dropdownWrapper\").hide(); SGMB_GOOGLE_ACOUNT = \"\"; <\/script><script type=\"text\/javascript\">\r\n\t\tjQuery(document).ready(function($){var widget = new SGMBWidget();widget.show({\"id\":\"1\",\"title\":\"Face\\\/Twitter\",\"options\":{\"currentUrl\":\"1\",\"url\":\"\",\"shareText\":\"\",\"fontSize\":\"14\",\"betweenButtons\":\"1px\",\"theme\":\"classic\",\"sgmbButtonsPosition\":\"bottomLeft\",\"socialTheme\":\"\",\"icon\":\"default\",\"buttonsPanelEffect\":\"No Effect\",\"buttonsEffect\":\"No Effect\",\"iconsEffect\":\"No Effect\",\"buttons\":\"{\\\"facebook\\\":{\\\"label\\\":\\\"Share\\\",\\\"icon\\\":\\\"default-facebook\\\"},\\\"twitter\\\":{\\\"label\\\":\\\"Tweet\\\",\\\"icon\\\":\\\"default-twitter\\\",\\\"via\\\":\\\"\\\",\\\"hashtags\\\":\\\"\\\"}}\",\"roundButton\":\"\",\"showLabels\":\"\",\"showCounts\":\"\",\"showCenter\":\"\",\"showButtonsAsList\":\"\",\"sgmbDropdownColor\":\"\",\"sgmbDropdownLabelFontSize\":\"14\",\"sgmbDropdownLabelColor\":\"\",\"showButtonsOnEveryPost\":\"on\",\"selectedOrExcluded\":\"\",\"showButtonsOnEveryPage\":\"\",\"textOnEveryPost\":\"Compartilhe\",\"showButtonsOnCustomPost\":\"\",\"textOnCustomPost\":\"\",\"showButtonsOnMobileDirect\":\"on\",\"showButtonsOnDesktopDirect\":\"on\",\"sgmbSelectedPages\":[\"\"],\"sgmbExcludedPosts\":[\"\"],\"sgmbSelectedCustomPosts\":[],\"showButtonsInPopup\":\"\",\"titleOfPopup\":\"\",\"descriptionOfPopup\":\"\",\"showPopupOnLoad\":\"\",\"showPopupOnScroll\":\"\",\"showPopupOnExit\":\"\",\"openSecondsOfPopup\":\"\",\"googleAnaliticsAccount\":\"\"},\"buttonOptions\":{\"facebook\":{\"label\":\"Share\",\"icon\":\"default-facebook\"},\"twitter\":{\"label\":\"Tweet\",\"icon\":\"default-twitter\",\"via\":\"\",\"hashtags\":\"\"}},\"button\":[\"facebook\",\"twitter\"]}, 1, '', 'http:\/\/www.apucarana.pr.gov.br\/ame\/wp-content\/uploads\/2019\/11\/FORMATURAEDSON-DENOBI-21.jpg', '', 'http:\/\/www.apucarana.pr.gov.br\/ame\/instituto-federal-do-parana-realiza-a-formatura-de-80-alunos-em-apucarana\/'); });<\/script><\/div><script> jQuery(\".socialMediaOnEveryPost\").addClass(\"sgmb-left\") <\/script>","protected":false},"excerpt":{"rendered":"<p>Eles conclu\u00edram os cursos t\u00e9cnicos, subsequentes do ensino m\u00e9dio, de Administra\u00e7\u00e3o, Log\u00edstica, Seguran\u00e7a do Trabalho, Meio Ambiente e Agente Comunit\u00e1rio de Sa\u00fade <\/p>\n","protected":false},"author":10,"featured_media":8794,"comment_status":"closed","ping_status":"open","sticky":false,"template":"","format":"standard","meta":[],"categories":[9],"tags":[],"_links":{"self":[{"href":"http:\/\/www.apucarana.pr.gov.br\/ame\/wp-json\/wp\/v2\/posts\/8787"}],"collection":[{"href":"http:\/\/www.apucarana.pr.gov.br\/ame\/wp-json\/wp\/v2\/posts"}],"about":[{"href":"http:\/\/www.apucarana.pr.gov.br\/ame\/wp-json\/wp\/v2\/types\/post"}],"author":[{"embeddable":true,"href":"http:\/\/www.apucarana.pr.gov.br\/ame\/wp-json\/wp\/v2\/users\/10"}],"replies":[{"embeddable":true,"href":"http:\/\/www.apucarana.pr.gov.br\/ame\/wp-json\/wp\/v2\/comments?post=8787"}],"version-history":[{"count":1,"href":"http:\/\/www.apucarana.pr.gov.br\/ame\/wp-json\/wp\/v2\/posts\/8787\/revisions"}],"predecessor-version":[{"id":8797,"href":"http:\/\/www.apucarana.pr.gov.br\/ame\/wp-json\/wp\/v2\/posts\/8787\/revisions\/8797"}],"wp:featuredmedia":[{"embeddable":true,"href":"http:\/\/www.apucarana.pr.gov.br\/ame\/wp-json\/wp\/v2\/media\/8794"}],"wp:attachment":[{"href":"http:\/\/www.apucarana.pr.gov.br\/ame\/wp-json\/wp\/v2\/media?parent=8787"}],"wp:term":[{"taxonomy":"category","embeddable":true,"href":"http:\/\/www.apucarana.pr.gov.br\/ame\/wp-json\/wp\/v2\/categories?post=8787"},{"taxonomy":"post_tag","embeddable":true,"href":"http:\/\/www.apucarana.pr.gov.br\/ame\/wp-json\/wp\/v2\/tags?post=8787"}],"curies":[{"name":"wp","href":"https:\/\/api.w.org\/{rel}","templated":true}]}}