{"id":8775,"date":"2019-11-11T21:08:58","date_gmt":"2019-11-11T23:08:58","guid":{"rendered":"http:\/\/www.apucarana.pr.gov.br\/ame\/?p=8775"},"modified":"2024-10-08T09:10:03","modified_gmt":"2024-10-08T12:10:03","slug":"cmei-jose-ignacio-neto-dobra-o-numero-de-vagas-apos-reforma-e-ampliacao","status":"publish","type":"post","link":"http:\/\/www.apucarana.pr.gov.br\/ame\/cmei-jose-ignacio-neto-dobra-o-numero-de-vagas-apos-reforma-e-ampliacao\/","title":{"rendered":"CMEI Jos\u00e9 Ign\u00e1cio Neto dobra o n\u00famero de vagas ap\u00f3s reforma e amplia\u00e7\u00e3o"},"content":{"rendered":"<p>A tarde desta segunda-feira (11) foi de festa para a comunidade do N\u00facleo Michel Soni, na regi\u00e3o sul de Apucarana. O prefeito J\u00fanior da Femac e secret\u00e1ria de educa\u00e7\u00e3o Marli Fernandes reinauguraram o Centro Municipal de Educa\u00e7\u00e3o Infantil Jos\u00e9 Ign\u00e1cio Neto, que passou recentemente por reforma e amplia\u00e7\u00e3o. O investimento somou R$ 656.799,11.<\/p>\n<p>O pr\u00e9dio quase triplicou de tamanho ap\u00f3s as obras, passando de 187,62 m<sup>2<\/sup>\u00a0para 504,83m<sup>2<\/sup>. O n\u00famero de vagas ofertadas \u00e0s fam\u00edlias tamb\u00e9m aumentou de 60 para 120. \u201cN\u00f3s estamos muito alegres porque ganhamos um ambiente bonito, espa\u00e7oso e confort\u00e1vel para atender \u00e0s crian\u00e7as. Era dif\u00edcil acomod\u00e1-las antes, uma vez que as salas de aula e o refeit\u00f3rio eram min\u00fasculos,\u201d comemorou a diretora da institui\u00e7\u00e3o, Sionei Aparecida Posse Ferreira.<\/p>\n<p>J\u00e1 a presidente da Associa\u00e7\u00e3o de Pais, Mestres e Funcion\u00e1rios (APMF) do CMEI Jos\u00e9 Ign\u00e1cio Neto, Katiane Gusm\u00e3o, lembrou que as benfeitorias atendem a uma reivindica\u00e7\u00e3o da comunidade. \u201cN\u00f3s v\u00ednhamos pedindo h\u00e1 bastante tempo pela reforma e amplia\u00e7\u00e3o da creche. Finalmente, chegou o momento de agradecer. O atendimento que a minha filha recebe na rede municipal de ensino \u00e9 maravilhoso, eu sinto confian\u00e7a em deix\u00e1-la aqui todas as manh\u00e3s,\u201d afirmou.<\/p>\n<p>Os principais servi\u00e7os realizados no local foram constru\u00e7\u00e3o de um novo setor administrativo, nova \u00e1rea de servi\u00e7os e mais duas salas de aula, recupera\u00e7\u00e3o das instala\u00e7\u00f5es el\u00e9tricas e hidr\u00e1ulicas, e adequa\u00e7\u00e3o da unidade de ensino \u00e0s normas atuais de acessibilidade e seguran\u00e7a, previstas pelo Minist\u00e9rio da Educa\u00e7\u00e3o, Corpo de Bombeiros e Vigil\u00e2ncia Sanit\u00e1ria.<\/p>\n<p>O prefeito J\u00fanior da Femac frisou que investir em educa\u00e7\u00e3o \u00e9 a melhor maneira de formar bons cidad\u00e3os. \u201cQuando n\u00f3s observamos o que os pa\u00edses mais desenvolvidos do mundo t\u00eam em comum, percebemos que todos eles passaram por uma revolu\u00e7\u00e3o no ensino. Apucarana busca trilhar esse caminho. Gra\u00e7as \u00e0 vis\u00e3o de futuro do ex-prefeito Beto Preto, cujo trabalho eu dou continuidade, os alunos recebem atualmente uniformes, materiais escolares e merenda de qualidade. Os professores tamb\u00e9m disp\u00f5em de recursos pedag\u00f3gicos modernos e passam regularmente por forma\u00e7\u00e3o continuada,\u201d afirmou.<\/p>\n<p>A meta da atual administra\u00e7\u00e3o \u00e9 reformar e ampliar os 60 pr\u00e9dios escolares da rede municipal. Desde 2013, aproximadamente R$ 45 milh\u00f5es j\u00e1 foram aplicados em obras. \u201cAs crian\u00e7as apucaranenses passam a maior parte do seu dia nos CMEIs e escolas, devido principalmente \u00e0 proposta da educa\u00e7\u00e3o integral. Garantir a elas um lugar agrad\u00e1vel e acolhedor \u00e9 fundamental para o \u00eaxito do processo de ensino e aprendizagem,\u201d disse a secret\u00e1ria.<\/p>\n<p>Os investimentos feitos na rede municipal de ensino apucaranense j\u00e1 t\u00eam mostrado resultados. \u201cOs nossos alunos s\u00e3o respons\u00e1veis por 41% de todas as medalhas conquistadas pelo Paran\u00e1 na edi\u00e7\u00e3o deste ano da Olimp\u00edada Brasileira de Astronomia e Astron\u00e1utica. Eles tamb\u00e9m alcan\u00e7aram cinco premia\u00e7\u00f5es no concurso estadual de reda\u00e7\u00e3o e desenho do Programa Agrinho. E, nesta ter\u00e7a-feira (12), eu vou a Curitiba para receber o Pr\u00eamio Gestor P\u00fablico Paran\u00e1, que foi concedido ao nosso munic\u00edpio pelo Sindicato dos Auditores Fiscais da Receita em reconhecimento aos projetos (Re)inova\u00e7\u00e3o Tecnol\u00f3gica nas Escolas e CMEIs e Ambulat\u00f3rio de Especialidades Dermatol\u00f3gicas, desenvolvidos nas \u00e1reas da educa\u00e7\u00e3o e da sa\u00fade,\u201d detalhou o prefeito.<\/p>\n<p>Participaram ainda da entrega das obras do CMEI Jos\u00e9 Ign\u00e1cio Neto, os vereadores Mauro Bertoli e Jos\u00e9 Airton Deco de Ara\u00fajo; os familiares do patrono, Cinyra Woiski e Jo\u00e3o Miguel Ign\u00e1cio; e diversos secret\u00e1rios municipais.<\/p>\n<div class = 'socialMediaOnEveryPost'>Compartilhe<div id=\"sgmbShare1-1\" class=\"sgmbShare jssocials-theme-classic sgmbWidget1-1\"><\/div><div class=\"dropdownWrapper dropdownWrapper1 dropdownWrapper-for-widget \" id=\"dropdownWrapper-for-widget\">\r\n\t\t\t\t\t\t<div class=\"dropdownLabel\" id=\"dropdownLabel-share-list\"><span class=\"sgmbButtonListLabel1\">Share List<\/span><\/div>\r\n\t\t\t\t\t\t<div class=\"dropdownPanel dropdownPanel1-1\">\r\n\t\t\t\t\t\t<\/div>\r\n\t\t\t\t\t<\/div><script>  SGMB_URL = \"http:\/\/www.apucarana.pr.gov.br\/ame\/wp-content\/plugins\/social-media-builder\/\"; jQuery(\".dropdownWrapper\").hide(); SGMB_GOOGLE_ACOUNT = \"\"; <\/script><script type=\"text\/javascript\">\r\n\t\tjQuery(document).ready(function($){var widget = new SGMBWidget();widget.show({\"id\":\"1\",\"title\":\"Face\\\/Twitter\",\"options\":{\"currentUrl\":\"1\",\"url\":\"\",\"shareText\":\"\",\"fontSize\":\"14\",\"betweenButtons\":\"1px\",\"theme\":\"classic\",\"sgmbButtonsPosition\":\"bottomLeft\",\"socialTheme\":\"\",\"icon\":\"default\",\"buttonsPanelEffect\":\"No Effect\",\"buttonsEffect\":\"No Effect\",\"iconsEffect\":\"No Effect\",\"buttons\":\"{\\\"facebook\\\":{\\\"label\\\":\\\"Share\\\",\\\"icon\\\":\\\"default-facebook\\\"},\\\"twitter\\\":{\\\"label\\\":\\\"Tweet\\\",\\\"icon\\\":\\\"default-twitter\\\",\\\"via\\\":\\\"\\\",\\\"hashtags\\\":\\\"\\\"}}\",\"roundButton\":\"\",\"showLabels\":\"\",\"showCounts\":\"\",\"showCenter\":\"\",\"showButtonsAsList\":\"\",\"sgmbDropdownColor\":\"\",\"sgmbDropdownLabelFontSize\":\"14\",\"sgmbDropdownLabelColor\":\"\",\"showButtonsOnEveryPost\":\"on\",\"selectedOrExcluded\":\"\",\"showButtonsOnEveryPage\":\"\",\"textOnEveryPost\":\"Compartilhe\",\"showButtonsOnCustomPost\":\"\",\"textOnCustomPost\":\"\",\"showButtonsOnMobileDirect\":\"on\",\"showButtonsOnDesktopDirect\":\"on\",\"sgmbSelectedPages\":[\"\"],\"sgmbExcludedPosts\":[\"\"],\"sgmbSelectedCustomPosts\":[],\"showButtonsInPopup\":\"\",\"titleOfPopup\":\"\",\"descriptionOfPopup\":\"\",\"showPopupOnLoad\":\"\",\"showPopupOnScroll\":\"\",\"showPopupOnExit\":\"\",\"openSecondsOfPopup\":\"\",\"googleAnaliticsAccount\":\"\"},\"buttonOptions\":{\"facebook\":{\"label\":\"Share\",\"icon\":\"default-facebook\"},\"twitter\":{\"label\":\"Tweet\",\"icon\":\"default-twitter\",\"via\":\"\",\"hashtags\":\"\"}},\"button\":[\"facebook\",\"twitter\"]}, 1, '', 'http:\/\/www.apucarana.pr.gov.br\/ame\/wp-content\/uploads\/2019\/11\/IMG_0646.jpg', '', 'http:\/\/www.apucarana.pr.gov.br\/ame\/cmei-jose-ignacio-neto-dobra-o-numero-de-vagas-apos-reforma-e-ampliacao\/'); });<\/script><\/div><script> jQuery(\".socialMediaOnEveryPost\").addClass(\"sgmb-left\") <\/script>","protected":false},"excerpt":{"rendered":"<p>Reinaugurada nesta segunda-feira (11), a creche pode atender at\u00e9 120 crian\u00e7as do N\u00facleo Michel Soni e bairros vizinhos<\/p>\n","protected":false},"author":10,"featured_media":8779,"comment_status":"closed","ping_status":"open","sticky":false,"template":"","format":"standard","meta":[],"categories":[9],"tags":[],"_links":{"self":[{"href":"http:\/\/www.apucarana.pr.gov.br\/ame\/wp-json\/wp\/v2\/posts\/8775"}],"collection":[{"href":"http:\/\/www.apucarana.pr.gov.br\/ame\/wp-json\/wp\/v2\/posts"}],"about":[{"href":"http:\/\/www.apucarana.pr.gov.br\/ame\/wp-json\/wp\/v2\/types\/post"}],"author":[{"embeddable":true,"href":"http:\/\/www.apucarana.pr.gov.br\/ame\/wp-json\/wp\/v2\/users\/10"}],"replies":[{"embeddable":true,"href":"http:\/\/www.apucarana.pr.gov.br\/ame\/wp-json\/wp\/v2\/comments?post=8775"}],"version-history":[{"count":1,"href":"http:\/\/www.apucarana.pr.gov.br\/ame\/wp-json\/wp\/v2\/posts\/8775\/revisions"}],"predecessor-version":[{"id":8785,"href":"http:\/\/www.apucarana.pr.gov.br\/ame\/wp-json\/wp\/v2\/posts\/8775\/revisions\/8785"}],"wp:featuredmedia":[{"embeddable":true,"href":"http:\/\/www.apucarana.pr.gov.br\/ame\/wp-json\/wp\/v2\/media\/8779"}],"wp:attachment":[{"href":"http:\/\/www.apucarana.pr.gov.br\/ame\/wp-json\/wp\/v2\/media?parent=8775"}],"wp:term":[{"taxonomy":"category","embeddable":true,"href":"http:\/\/www.apucarana.pr.gov.br\/ame\/wp-json\/wp\/v2\/categories?post=8775"},{"taxonomy":"post_tag","embeddable":true,"href":"http:\/\/www.apucarana.pr.gov.br\/ame\/wp-json\/wp\/v2\/tags?post=8775"}],"curies":[{"name":"wp","href":"https:\/\/api.w.org\/{rel}","templated":true}]}}