{"id":8762,"date":"2019-11-11T14:55:54","date_gmt":"2019-11-11T16:55:54","guid":{"rendered":"http:\/\/www.apucarana.pr.gov.br\/ame\/?p=8762"},"modified":"2024-10-08T09:10:03","modified_gmt":"2024-10-08T12:10:03","slug":"criancas-apucaranenses-mostram-talento-ritmo-e-harmonia-em-apresentacao-musical","status":"publish","type":"post","link":"http:\/\/www.apucarana.pr.gov.br\/ame\/criancas-apucaranenses-mostram-talento-ritmo-e-harmonia-em-apresentacao-musical\/","title":{"rendered":"Crian\u00e7as apucaranenses mostram talento, ritmo e harmonia em apresenta\u00e7\u00e3o musical"},"content":{"rendered":"<p>O ano letivo est\u00e1 se aproximando do final. \u00c9 hora dos alunos mostrarem aos pais, amigos e familiares tudo o que aprenderam nas salas de aula. \u00a0Para cumprir esse objetivo, cerca de 240 crian\u00e7as apucaranenses, representantes dos 24 Centros Municipais de Educa\u00e7\u00e3o Infantil (CMEIs), subiram ontem (10) ao palco do Cine Teatro F\u00eanix e realizaram uma apresenta\u00e7\u00e3o musical.<\/p>\n<p>A secret\u00e1ria municipal de educa\u00e7\u00e3o, Marli Fernandes, explica que as aulas de m\u00fasica fazem parte do curr\u00edculo escolar. \u201cElas s\u00e3o ministradas duas vezes por semana, atrav\u00e9s de uma parceria com a Academia Sebastian Bach, \u00e0s turmas da educa\u00e7\u00e3o infantil e dos anos iniciais do ensino fundamental (1\u00ba ao 5\u00ba),\u201d disse.<\/p>\n<p>\u201cEstudos cient\u00edficos comprovam que a m\u00fasica contribui imensamente para o desenvolvimento cognitivo, estimulando a criatividade, a sensibilidade, a concentra\u00e7\u00e3o, a mem\u00f3ria e a socializa\u00e7\u00e3o. As crian\u00e7as apucaranenses est\u00e3o de parab\u00e9ns pelo belo espet\u00e1culo que nos proporcionaram nesta tarde,\u201d acrescentou o prefeito J\u00fanior da Femac.<\/p>\n<p>Uma viagem pelo mundo encantado da m\u00fasica foi o tema da apresenta\u00e7\u00e3o. \u201cEsta \u00e9 a terceira vez que eu participo do evento e sempre \u00e9 maravilhoso. A minha filha fica entusiasmada com as aulas,\u201d afirmou J\u00e9ssica Vanessa Marcolino, m\u00e3e da aluna L\u00edvia Eduarda, do CMEI Ant\u00f4nio do Carmo Ribeiro.<\/p>\n<p>J\u00e1 Franciele Alves, que \u00e9 m\u00e3e de uma menina matriculada no CMEI Domingos Mareze, comentou o que acha sobre o ensino ofertado na rede municipal apucaranense. \u201cA minha filha vem sendo muito bem atendida na creche e os professores s\u00e3o bastante atenciosos. Eu n\u00e3o tenho do que reclamar. Fiquei at\u00e9 emocionada ao ver a apresenta\u00e7\u00e3o,\u201d disse.<\/p>\n<p>Estiveram ainda no Cine Teatro F\u00eanix para acompanhar o espet\u00e1culo, a secret\u00e1ria municipal da Promo\u00e7\u00e3o Art\u00edstica, Cultural e Tur\u00edstica, Maria Agar Borba Ferreira; o chefe da 15\u00aa Ciretran de Apucarana, Fernando Garcia Algarte; e a superintendente da Autarquia Municipal de Educa\u00e7\u00e3o, Ana Paula Cunha.<\/p>\n<div class = 'socialMediaOnEveryPost'>Compartilhe<div id=\"sgmbShare1-1\" class=\"sgmbShare jssocials-theme-classic sgmbWidget1-1\"><\/div><div class=\"dropdownWrapper dropdownWrapper1 dropdownWrapper-for-widget \" id=\"dropdownWrapper-for-widget\">\r\n\t\t\t\t\t\t<div class=\"dropdownLabel\" id=\"dropdownLabel-share-list\"><span class=\"sgmbButtonListLabel1\">Share List<\/span><\/div>\r\n\t\t\t\t\t\t<div class=\"dropdownPanel dropdownPanel1-1\">\r\n\t\t\t\t\t\t<\/div>\r\n\t\t\t\t\t<\/div><script>  SGMB_URL = \"http:\/\/www.apucarana.pr.gov.br\/ame\/wp-content\/plugins\/social-media-builder\/\"; jQuery(\".dropdownWrapper\").hide(); SGMB_GOOGLE_ACOUNT = \"\"; <\/script><script type=\"text\/javascript\">\r\n\t\tjQuery(document).ready(function($){var widget = new SGMBWidget();widget.show({\"id\":\"1\",\"title\":\"Face\\\/Twitter\",\"options\":{\"currentUrl\":\"1\",\"url\":\"\",\"shareText\":\"\",\"fontSize\":\"14\",\"betweenButtons\":\"1px\",\"theme\":\"classic\",\"sgmbButtonsPosition\":\"bottomLeft\",\"socialTheme\":\"\",\"icon\":\"default\",\"buttonsPanelEffect\":\"No Effect\",\"buttonsEffect\":\"No Effect\",\"iconsEffect\":\"No Effect\",\"buttons\":\"{\\\"facebook\\\":{\\\"label\\\":\\\"Share\\\",\\\"icon\\\":\\\"default-facebook\\\"},\\\"twitter\\\":{\\\"label\\\":\\\"Tweet\\\",\\\"icon\\\":\\\"default-twitter\\\",\\\"via\\\":\\\"\\\",\\\"hashtags\\\":\\\"\\\"}}\",\"roundButton\":\"\",\"showLabels\":\"\",\"showCounts\":\"\",\"showCenter\":\"\",\"showButtonsAsList\":\"\",\"sgmbDropdownColor\":\"\",\"sgmbDropdownLabelFontSize\":\"14\",\"sgmbDropdownLabelColor\":\"\",\"showButtonsOnEveryPost\":\"on\",\"selectedOrExcluded\":\"\",\"showButtonsOnEveryPage\":\"\",\"textOnEveryPost\":\"Compartilhe\",\"showButtonsOnCustomPost\":\"\",\"textOnCustomPost\":\"\",\"showButtonsOnMobileDirect\":\"on\",\"showButtonsOnDesktopDirect\":\"on\",\"sgmbSelectedPages\":[\"\"],\"sgmbExcludedPosts\":[\"\"],\"sgmbSelectedCustomPosts\":[],\"showButtonsInPopup\":\"\",\"titleOfPopup\":\"\",\"descriptionOfPopup\":\"\",\"showPopupOnLoad\":\"\",\"showPopupOnScroll\":\"\",\"showPopupOnExit\":\"\",\"openSecondsOfPopup\":\"\",\"googleAnaliticsAccount\":\"\"},\"buttonOptions\":{\"facebook\":{\"label\":\"Share\",\"icon\":\"default-facebook\"},\"twitter\":{\"label\":\"Tweet\",\"icon\":\"default-twitter\",\"via\":\"\",\"hashtags\":\"\"}},\"button\":[\"facebook\",\"twitter\"]}, 1, '', 'http:\/\/www.apucarana.pr.gov.br\/ame\/wp-content\/uploads\/2019\/11\/IMG_0342.jpg', '', 'http:\/\/www.apucarana.pr.gov.br\/ame\/criancas-apucaranenses-mostram-talento-ritmo-e-harmonia-em-apresentacao-musical\/'); });<\/script><\/div><script> jQuery(\".socialMediaOnEveryPost\").addClass(\"sgmb-left\") <\/script>","protected":false},"excerpt":{"rendered":"<p>Cerca de 240 alunos de todos os Centros Municipais de Educa\u00e7\u00e3o Infantil (CMEIs) apucaranenses participaram do espet\u00e1culo ontem (11) no Cine Teatro F\u00eanix  <\/p>\n","protected":false},"author":10,"featured_media":8763,"comment_status":"closed","ping_status":"open","sticky":false,"template":"","format":"standard","meta":[],"categories":[9],"tags":[],"_links":{"self":[{"href":"http:\/\/www.apucarana.pr.gov.br\/ame\/wp-json\/wp\/v2\/posts\/8762"}],"collection":[{"href":"http:\/\/www.apucarana.pr.gov.br\/ame\/wp-json\/wp\/v2\/posts"}],"about":[{"href":"http:\/\/www.apucarana.pr.gov.br\/ame\/wp-json\/wp\/v2\/types\/post"}],"author":[{"embeddable":true,"href":"http:\/\/www.apucarana.pr.gov.br\/ame\/wp-json\/wp\/v2\/users\/10"}],"replies":[{"embeddable":true,"href":"http:\/\/www.apucarana.pr.gov.br\/ame\/wp-json\/wp\/v2\/comments?post=8762"}],"version-history":[{"count":1,"href":"http:\/\/www.apucarana.pr.gov.br\/ame\/wp-json\/wp\/v2\/posts\/8762\/revisions"}],"predecessor-version":[{"id":8774,"href":"http:\/\/www.apucarana.pr.gov.br\/ame\/wp-json\/wp\/v2\/posts\/8762\/revisions\/8774"}],"wp:featuredmedia":[{"embeddable":true,"href":"http:\/\/www.apucarana.pr.gov.br\/ame\/wp-json\/wp\/v2\/media\/8763"}],"wp:attachment":[{"href":"http:\/\/www.apucarana.pr.gov.br\/ame\/wp-json\/wp\/v2\/media?parent=8762"}],"wp:term":[{"taxonomy":"category","embeddable":true,"href":"http:\/\/www.apucarana.pr.gov.br\/ame\/wp-json\/wp\/v2\/categories?post=8762"},{"taxonomy":"post_tag","embeddable":true,"href":"http:\/\/www.apucarana.pr.gov.br\/ame\/wp-json\/wp\/v2\/tags?post=8762"}],"curies":[{"name":"wp","href":"https:\/\/api.w.org\/{rel}","templated":true}]}}