{"id":8752,"date":"2019-11-04T11:58:17","date_gmt":"2019-11-04T13:58:17","guid":{"rendered":"http:\/\/www.apucarana.pr.gov.br\/ame\/?p=8752"},"modified":"2024-10-08T09:10:03","modified_gmt":"2024-10-08T12:10:03","slug":"sindicato-rural-homenageia-alunos-que-se-destacaram-em-concurso-de-redacao-e-desenho","status":"publish","type":"post","link":"http:\/\/www.apucarana.pr.gov.br\/ame\/sindicato-rural-homenageia-alunos-que-se-destacaram-em-concurso-de-redacao-e-desenho\/","title":{"rendered":"Sindicato Rural homenageia alunos que se destacaram em concurso de reda\u00e7\u00e3o e desenho"},"content":{"rendered":"<p>O Sindicato Rural Patronal homenageou cinco alunos da rede municipal de ensino que foram premiados na edi\u00e7\u00e3o deste ano do Programa Agrinho. Na tarde da \u00faltima sexta-feira (1\/11), as crian\u00e7as, acompanhadas dos professores e pais, participaram de um coquetel na sede da institui\u00e7\u00e3o e foram presenteadas com livros, rosas e doces.<\/p>\n<p>O Agrinho \u00e9 o maior programa de responsabilidade social da Federa\u00e7\u00e3o da Agricultura do Estado do Paran\u00e1 (FAEP), em parceria com o Servi\u00e7o Nacional de Aprendizagem Rural (SENAR-PR) e o Governo do Estado. Por meio dele, os estudantes aprendem sobre a rela\u00e7\u00e3o entre a cidade e o campo, a biodiversidade, as mudan\u00e7as clim\u00e1ticas e a sustentabilidade.<\/p>\n<p>Em 2019, a aluna Nina Moreira Mendes, da Escola Municipal Jo\u00e3o Batista, conquistou o primeiro lugar estadual entre os alunos do 4\u00ba ano. J\u00e1 as alunas Beatriz Afonso Neto (1\u00ba ano), da Escola Juiz Luiz Fernando de Ara\u00fajo Pereira; Maria Eduarda Louza de Oliveira (2\u00ba ano), da Escola Augusto Weyand; Gloria Yasmim Ribeiro Caldas (3\u00ba ano), da Escola Humberto de Alencar Castelo Branco; e Heloisa Cavalheiro da Cruz (5\u00ba ano), da Escola do Campo Professor Wilson de Azevedo, destacaram-se na regional de Londrina.<\/p>\n<p>\u201cAl\u00e9m da premia\u00e7\u00e3o j\u00e1 concedida pelo Sistema FAEP, n\u00f3s fizemos quest\u00e3o de preparar esta homenagem para incentivar as crian\u00e7as a continuarem estudando com afinco. \u00c9 algo simples, mas feito com muito carinho,\u201d disse o presidente do Sindicato Rural Patronal, Mirinho Mois\u00e9s.<\/p>\n<p>A secret\u00e1ria municipal de educa\u00e7\u00e3o, Marli Fernandes, acompanhou a comemora\u00e7\u00e3o. \u201cN\u00f3s estamos muito felizes com os resultados que os nossos alunos v\u00eam apresentando. Isso demonstra que estamos no caminho certo. H\u00e1 alguns dias, recebemos tamb\u00e9m a not\u00edcia de que as crian\u00e7as apucaranenses det\u00eam 41% das medalhas conquistadas pelos paranaenses na OBA \u2013 Olimp\u00edada Brasileira de Astronomia e Astron\u00e1utica. N\u00f3s agradecemos ao Sindicato Rural Patronal e a todos os parceiros da rede municipal de ensino,\u201d afirmou.<\/p>\n<div class = 'socialMediaOnEveryPost'>Compartilhe<div id=\"sgmbShare1-1\" class=\"sgmbShare jssocials-theme-classic sgmbWidget1-1\"><\/div><div class=\"dropdownWrapper dropdownWrapper1 dropdownWrapper-for-widget \" id=\"dropdownWrapper-for-widget\">\r\n\t\t\t\t\t\t<div class=\"dropdownLabel\" id=\"dropdownLabel-share-list\"><span class=\"sgmbButtonListLabel1\">Share List<\/span><\/div>\r\n\t\t\t\t\t\t<div class=\"dropdownPanel dropdownPanel1-1\">\r\n\t\t\t\t\t\t<\/div>\r\n\t\t\t\t\t<\/div><script>  SGMB_URL = \"http:\/\/www.apucarana.pr.gov.br\/ame\/wp-content\/plugins\/social-media-builder\/\"; jQuery(\".dropdownWrapper\").hide(); SGMB_GOOGLE_ACOUNT = \"\"; <\/script><script type=\"text\/javascript\">\r\n\t\tjQuery(document).ready(function($){var widget = new SGMBWidget();widget.show({\"id\":\"1\",\"title\":\"Face\\\/Twitter\",\"options\":{\"currentUrl\":\"1\",\"url\":\"\",\"shareText\":\"\",\"fontSize\":\"14\",\"betweenButtons\":\"1px\",\"theme\":\"classic\",\"sgmbButtonsPosition\":\"bottomLeft\",\"socialTheme\":\"\",\"icon\":\"default\",\"buttonsPanelEffect\":\"No Effect\",\"buttonsEffect\":\"No Effect\",\"iconsEffect\":\"No Effect\",\"buttons\":\"{\\\"facebook\\\":{\\\"label\\\":\\\"Share\\\",\\\"icon\\\":\\\"default-facebook\\\"},\\\"twitter\\\":{\\\"label\\\":\\\"Tweet\\\",\\\"icon\\\":\\\"default-twitter\\\",\\\"via\\\":\\\"\\\",\\\"hashtags\\\":\\\"\\\"}}\",\"roundButton\":\"\",\"showLabels\":\"\",\"showCounts\":\"\",\"showCenter\":\"\",\"showButtonsAsList\":\"\",\"sgmbDropdownColor\":\"\",\"sgmbDropdownLabelFontSize\":\"14\",\"sgmbDropdownLabelColor\":\"\",\"showButtonsOnEveryPost\":\"on\",\"selectedOrExcluded\":\"\",\"showButtonsOnEveryPage\":\"\",\"textOnEveryPost\":\"Compartilhe\",\"showButtonsOnCustomPost\":\"\",\"textOnCustomPost\":\"\",\"showButtonsOnMobileDirect\":\"on\",\"showButtonsOnDesktopDirect\":\"on\",\"sgmbSelectedPages\":[\"\"],\"sgmbExcludedPosts\":[\"\"],\"sgmbSelectedCustomPosts\":[],\"showButtonsInPopup\":\"\",\"titleOfPopup\":\"\",\"descriptionOfPopup\":\"\",\"showPopupOnLoad\":\"\",\"showPopupOnScroll\":\"\",\"showPopupOnExit\":\"\",\"openSecondsOfPopup\":\"\",\"googleAnaliticsAccount\":\"\"},\"buttonOptions\":{\"facebook\":{\"label\":\"Share\",\"icon\":\"default-facebook\"},\"twitter\":{\"label\":\"Tweet\",\"icon\":\"default-twitter\",\"via\":\"\",\"hashtags\":\"\"}},\"button\":[\"facebook\",\"twitter\"]}, 1, '', 'http:\/\/www.apucarana.pr.gov.br\/ame\/wp-content\/uploads\/2019\/11\/IMG_7412.jpg', '', 'http:\/\/www.apucarana.pr.gov.br\/ame\/sindicato-rural-homenageia-alunos-que-se-destacaram-em-concurso-de-redacao-e-desenho\/'); });<\/script><\/div><script> jQuery(\".socialMediaOnEveryPost\").addClass(\"sgmb-left\") <\/script>","protected":false},"excerpt":{"rendered":"<p>Cinco estudantes da rede municipal apucaranense foram premiados este ano no Programa Agrinho, promovido pela Federa\u00e7\u00e3o da Agricultura do Estado do Paran\u00e1<\/p>\n","protected":false},"author":10,"featured_media":8759,"comment_status":"closed","ping_status":"open","sticky":false,"template":"","format":"standard","meta":[],"categories":[9],"tags":[],"_links":{"self":[{"href":"http:\/\/www.apucarana.pr.gov.br\/ame\/wp-json\/wp\/v2\/posts\/8752"}],"collection":[{"href":"http:\/\/www.apucarana.pr.gov.br\/ame\/wp-json\/wp\/v2\/posts"}],"about":[{"href":"http:\/\/www.apucarana.pr.gov.br\/ame\/wp-json\/wp\/v2\/types\/post"}],"author":[{"embeddable":true,"href":"http:\/\/www.apucarana.pr.gov.br\/ame\/wp-json\/wp\/v2\/users\/10"}],"replies":[{"embeddable":true,"href":"http:\/\/www.apucarana.pr.gov.br\/ame\/wp-json\/wp\/v2\/comments?post=8752"}],"version-history":[{"count":1,"href":"http:\/\/www.apucarana.pr.gov.br\/ame\/wp-json\/wp\/v2\/posts\/8752\/revisions"}],"predecessor-version":[{"id":8760,"href":"http:\/\/www.apucarana.pr.gov.br\/ame\/wp-json\/wp\/v2\/posts\/8752\/revisions\/8760"}],"wp:featuredmedia":[{"embeddable":true,"href":"http:\/\/www.apucarana.pr.gov.br\/ame\/wp-json\/wp\/v2\/media\/8759"}],"wp:attachment":[{"href":"http:\/\/www.apucarana.pr.gov.br\/ame\/wp-json\/wp\/v2\/media?parent=8752"}],"wp:term":[{"taxonomy":"category","embeddable":true,"href":"http:\/\/www.apucarana.pr.gov.br\/ame\/wp-json\/wp\/v2\/categories?post=8752"},{"taxonomy":"post_tag","embeddable":true,"href":"http:\/\/www.apucarana.pr.gov.br\/ame\/wp-json\/wp\/v2\/tags?post=8752"}],"curies":[{"name":"wp","href":"https:\/\/api.w.org\/{rel}","templated":true}]}}