{"id":8733,"date":"2019-11-01T12:35:27","date_gmt":"2019-11-01T14:35:27","guid":{"rendered":"http:\/\/www.apucarana.pr.gov.br\/ame\/?p=8733"},"modified":"2024-10-08T09:10:03","modified_gmt":"2024-10-08T12:10:03","slug":"alunos-mostram-fluencia-na-lingua-inglesa-durante-apresentacao-de-festival","status":"publish","type":"post","link":"http:\/\/www.apucarana.pr.gov.br\/ame\/alunos-mostram-fluencia-na-lingua-inglesa-durante-apresentacao-de-festival\/","title":{"rendered":"Alunos mostram flu\u00eancia na l\u00edngua inglesa durante apresenta\u00e7\u00e3o de festival"},"content":{"rendered":"<p>A Autarquia Municipal de Educa\u00e7\u00e3o realizou, na noite de ontem (31), no Cine Teatro F\u00eanix, o 5\u00ba Festival de Ingl\u00eas das escolas da rede. Cerca de 210 alunos subiram ao palco e interpretaram m\u00fasicas origin\u00e1rias de pa\u00edses como Estados Unidos, Inglaterra, Irlanda, Austr\u00e1lia e Jamaica. O tema deste ano foi The world through English (O mundo atrav\u00e9s da L\u00edngua Inglesa).<\/p>\n<p>O ensino de ingl\u00eas foi implantado nas escolas municipais de Apucarana a partir de 2014. As turmas da pr\u00e9-escola ao 5\u00ba ano do ensino fundamental assistem a duas aulas semanais da disciplina. \u201cO c\u00e9rebro humano apresenta uma neuroplasticidade incr\u00edvel durante a inf\u00e2ncia. Por isso, as crian\u00e7as t\u00eam muito mais facilidade de aprender uma segunda l\u00edngua do que os jovens e adultos. O nosso objetivo \u00e9 aproveitar todo o potencial delas para construir uma gera\u00e7\u00e3o de vencedores,\u201d disse o prefeito J\u00fanior da Femac.<\/p>\n<p>Segundo a secret\u00e1ria de educa\u00e7\u00e3o Marli Fernandes, Apucarana \u00e9 o \u00fanico munic\u00edpio do estado a ofertar o ensino de ingl\u00eas j\u00e1 nos anos iniciais do ensino fundamental. \u201cA nossa iniciativa \u00e9 in\u00e9dita e os resultados s\u00e3o bastante positivos. Ap\u00f3s cinco anos da implanta\u00e7\u00e3o da disciplina no curr\u00edculo, n\u00f3s percebemos que os alunos est\u00e3o muito mais familiarizados e fluentes na l\u00edngua inglesa,\u201d afirmou.<\/p>\n<p>Na abertura do espet\u00e1culo, os alunos da Educa\u00e7\u00e3o Especial e as turmas de 5\u00ba ano das escolas municipais Jo\u00e3o Antonio Braga C\u00f4rtes e Fernando Jos\u00e9 Acosta apresentaram a can\u00e7\u00e3o Have you ever seen the rain, do Creedence, na L\u00edngua Brasileira de Sinais. A m\u00fasica foi traduzida e transcrita para Libras pelas professoras Giovana de Oliveira e S\u00edlvia Dorot\u00e9a Colombo Wilxenski.<\/p>\n<p>O Cine Teatro F\u00eanix ficou lotado durante a apresenta\u00e7\u00e3o do 5\u00ba Festival de Ingl\u00eas. \u201cO espet\u00e1culo foi maravilhoso e emocionante. Eu fiquei muito feliz de ver as crian\u00e7as da rede municipal participando da atividade e mostrando o que sabem. Parab\u00e9ns tamb\u00e9m \u00e0s professoras que se dedicaram tanto na organiza\u00e7\u00e3o\u201d, disse Rosana Aparecida Franco Lima, m\u00e3e do aluno Jo\u00e3o Pedro Franco, da Escola Municipal Vida Nova.<\/p>\n<p>\u201cEu acho muito importante meu filho aprender ingl\u00eas desde pequeno. Por exemplo, se ele quiser viajar para fora do pa\u00eds quando crescer, j\u00e1 ter\u00e1 o conhecimento necess\u00e1rio. A apresenta\u00e7\u00e3o foi excelente e as crian\u00e7as estavam muito bem ensaiadas,\u201d acrescentou Renata Gon\u00e7alves, que \u00e9 m\u00e3e do aluno Evandro Bonfim J\u00fanior, da Escola Municipal Senador Marcos de Barros Freire.<\/p>\n<div class = 'socialMediaOnEveryPost'>Compartilhe<div id=\"sgmbShare1-1\" class=\"sgmbShare jssocials-theme-classic sgmbWidget1-1\"><\/div><div class=\"dropdownWrapper dropdownWrapper1 dropdownWrapper-for-widget \" id=\"dropdownWrapper-for-widget\">\r\n\t\t\t\t\t\t<div class=\"dropdownLabel\" id=\"dropdownLabel-share-list\"><span class=\"sgmbButtonListLabel1\">Share List<\/span><\/div>\r\n\t\t\t\t\t\t<div class=\"dropdownPanel dropdownPanel1-1\">\r\n\t\t\t\t\t\t<\/div>\r\n\t\t\t\t\t<\/div><script>  SGMB_URL = \"http:\/\/www.apucarana.pr.gov.br\/ame\/wp-content\/plugins\/social-media-builder\/\"; jQuery(\".dropdownWrapper\").hide(); SGMB_GOOGLE_ACOUNT = \"\"; <\/script><script type=\"text\/javascript\">\r\n\t\tjQuery(document).ready(function($){var widget = new SGMBWidget();widget.show({\"id\":\"1\",\"title\":\"Face\\\/Twitter\",\"options\":{\"currentUrl\":\"1\",\"url\":\"\",\"shareText\":\"\",\"fontSize\":\"14\",\"betweenButtons\":\"1px\",\"theme\":\"classic\",\"sgmbButtonsPosition\":\"bottomLeft\",\"socialTheme\":\"\",\"icon\":\"default\",\"buttonsPanelEffect\":\"No Effect\",\"buttonsEffect\":\"No Effect\",\"iconsEffect\":\"No Effect\",\"buttons\":\"{\\\"facebook\\\":{\\\"label\\\":\\\"Share\\\",\\\"icon\\\":\\\"default-facebook\\\"},\\\"twitter\\\":{\\\"label\\\":\\\"Tweet\\\",\\\"icon\\\":\\\"default-twitter\\\",\\\"via\\\":\\\"\\\",\\\"hashtags\\\":\\\"\\\"}}\",\"roundButton\":\"\",\"showLabels\":\"\",\"showCounts\":\"\",\"showCenter\":\"\",\"showButtonsAsList\":\"\",\"sgmbDropdownColor\":\"\",\"sgmbDropdownLabelFontSize\":\"14\",\"sgmbDropdownLabelColor\":\"\",\"showButtonsOnEveryPost\":\"on\",\"selectedOrExcluded\":\"\",\"showButtonsOnEveryPage\":\"\",\"textOnEveryPost\":\"Compartilhe\",\"showButtonsOnCustomPost\":\"\",\"textOnCustomPost\":\"\",\"showButtonsOnMobileDirect\":\"on\",\"showButtonsOnDesktopDirect\":\"on\",\"sgmbSelectedPages\":[\"\"],\"sgmbExcludedPosts\":[\"\"],\"sgmbSelectedCustomPosts\":[],\"showButtonsInPopup\":\"\",\"titleOfPopup\":\"\",\"descriptionOfPopup\":\"\",\"showPopupOnLoad\":\"\",\"showPopupOnScroll\":\"\",\"showPopupOnExit\":\"\",\"openSecondsOfPopup\":\"\",\"googleAnaliticsAccount\":\"\"},\"buttonOptions\":{\"facebook\":{\"label\":\"Share\",\"icon\":\"default-facebook\"},\"twitter\":{\"label\":\"Tweet\",\"icon\":\"default-twitter\",\"via\":\"\",\"hashtags\":\"\"}},\"button\":[\"facebook\",\"twitter\"]}, 1, '', 'http:\/\/www.apucarana.pr.gov.br\/ame\/wp-content\/uploads\/2019\/11\/FESTIVALEDSON-DENOBI-17.jpg', '', 'http:\/\/www.apucarana.pr.gov.br\/ame\/alunos-mostram-fluencia-na-lingua-inglesa-durante-apresentacao-de-festival\/'); });<\/script><\/div><script> jQuery(\".socialMediaOnEveryPost\").addClass(\"sgmb-left\") <\/script>","protected":false},"excerpt":{"rendered":"<p>Realizado na noite de ontem (31), no Cine Teatro F\u00eanix, o 5\u00ba Festival de Ingl\u00eas envolveu 210 estudantes da rede municipal de ensino de Apucarana<\/p>\n","protected":false},"author":10,"featured_media":8740,"comment_status":"closed","ping_status":"open","sticky":false,"template":"","format":"standard","meta":[],"categories":[9],"tags":[],"_links":{"self":[{"href":"http:\/\/www.apucarana.pr.gov.br\/ame\/wp-json\/wp\/v2\/posts\/8733"}],"collection":[{"href":"http:\/\/www.apucarana.pr.gov.br\/ame\/wp-json\/wp\/v2\/posts"}],"about":[{"href":"http:\/\/www.apucarana.pr.gov.br\/ame\/wp-json\/wp\/v2\/types\/post"}],"author":[{"embeddable":true,"href":"http:\/\/www.apucarana.pr.gov.br\/ame\/wp-json\/wp\/v2\/users\/10"}],"replies":[{"embeddable":true,"href":"http:\/\/www.apucarana.pr.gov.br\/ame\/wp-json\/wp\/v2\/comments?post=8733"}],"version-history":[{"count":1,"href":"http:\/\/www.apucarana.pr.gov.br\/ame\/wp-json\/wp\/v2\/posts\/8733\/revisions"}],"predecessor-version":[{"id":8743,"href":"http:\/\/www.apucarana.pr.gov.br\/ame\/wp-json\/wp\/v2\/posts\/8733\/revisions\/8743"}],"wp:featuredmedia":[{"embeddable":true,"href":"http:\/\/www.apucarana.pr.gov.br\/ame\/wp-json\/wp\/v2\/media\/8740"}],"wp:attachment":[{"href":"http:\/\/www.apucarana.pr.gov.br\/ame\/wp-json\/wp\/v2\/media?parent=8733"}],"wp:term":[{"taxonomy":"category","embeddable":true,"href":"http:\/\/www.apucarana.pr.gov.br\/ame\/wp-json\/wp\/v2\/categories?post=8733"},{"taxonomy":"post_tag","embeddable":true,"href":"http:\/\/www.apucarana.pr.gov.br\/ame\/wp-json\/wp\/v2\/tags?post=8733"}],"curies":[{"name":"wp","href":"https:\/\/api.w.org\/{rel}","templated":true}]}}