{"id":8721,"date":"2019-10-30T18:04:16","date_gmt":"2019-10-30T20:04:16","guid":{"rendered":"http:\/\/www.apucarana.pr.gov.br\/ame\/?p=8721"},"modified":"2024-10-08T09:10:03","modified_gmt":"2024-10-08T12:10:03","slug":"junior-da-femac-entrega-reforma-e-ampliacao-de-escola-na-vila-santa-rosa","status":"publish","type":"post","link":"http:\/\/www.apucarana.pr.gov.br\/ame\/junior-da-femac-entrega-reforma-e-ampliacao-de-escola-na-vila-santa-rosa\/","title":{"rendered":"J\u00fanior da Femac entrega reforma e amplia\u00e7\u00e3o de escola na Vila Santa Rosa"},"content":{"rendered":"<p>A Prefeitura de Apucarana entregou hoje (30) as obras conclu\u00eddas da Escola Municipal Dr. Joaquim Vicente de Castro, na Vila Santa Rosa. O pr\u00e9dio passou por reforma de 1360,52 m<sup>2<\/sup>\u00a0e amplia\u00e7\u00e3o de 115,14 m<sup>2<\/sup>. \u00a0O investimento somou R$ 466.056,89.<\/p>\n<p>Em 2015, o estabelecimento j\u00e1 havia recebido melhorias no valor de R$ 250 mil. Foram feitas na \u00e9poca adequa\u00e7\u00f5es no refeit\u00f3rio, na lavanderia e no setor administrativo e a constru\u00e7\u00e3o de uma sala de aula. \u201cA reforma que estamos entregando agora, entretanto, \u00e9 mais ampla e compreende todos os espa\u00e7os da escola. Educa\u00e7\u00e3o integral n\u00e3o \u00e9 uma mera extens\u00e3o de carga hor\u00e1ria. Para que ela aconte\u00e7a de maneira eficiente, as escolas precisam ter curr\u00edculo, recursos humanos, alimenta\u00e7\u00e3o e espa\u00e7o apropriados para atender os alunos o dia todo,\u201d afirmou a secret\u00e1ria Marli Fernandes.<\/p>\n<p>Os principais servi\u00e7os executados foram troca dos pisos e do forro, coloca\u00e7\u00e3o de mantas t\u00e9rmicas, constru\u00e7\u00e3o de um novo sanit\u00e1rio para professores e funcion\u00e1rios, amplia\u00e7\u00e3o do sanit\u00e1rio masculino dos alunos, revis\u00e3o das instala\u00e7\u00f5es el\u00e9tricas, reforma da quadra esportiva e instala\u00e7\u00e3o de cobertura termoac\u00fastica no p\u00e1tio.<\/p>\n<p>\u201cQuando a escola est\u00e1 organizada, pintada e bonita, os professores t\u00eam mais \u00e2nimo para ensinar e os alunos para aprender. N\u00f3s ficamos muito felizes pela obra,\u201d disse a diretora da institui\u00e7\u00e3o, Adalgiza Orathes.<\/p>\n<p>A meta da gest\u00e3o Beto Preto e J\u00fanior da Femac \u00e9 reformar e ampliar os 60 pr\u00e9dios da rede municipal de Apucarana. \u201cN\u00f3s estamos prestes a cumprir esse compromisso. Apenas uma unidade ainda espera a autoriza\u00e7\u00e3o para o processo licitat\u00f3rio das obras. A fim de que todas as crian\u00e7as tenham as mesmas oportunidades, a prefeitura tamb\u00e9m vem investindo fortemente em materiais e uniformes escolares, recursos pedag\u00f3gicos, forma\u00e7\u00e3o dos professores e informatiza\u00e7\u00e3o das salas de aula,\u201d destacou o prefeito.<\/p>\n<p>\u201cEm nome da APMF, eu agrade\u00e7o pela reforma que trouxe mais conforto para os nossos filhos. Com a cobertura do p\u00e1tio e a revitaliza\u00e7\u00e3o do parquinho, eles ter\u00e3o mais espa\u00e7o para brincar e se divertir,\u201d declarou a presidente da Associa\u00e7\u00e3o de Pais, Mestres e Funcion\u00e1rios, Camila Ferro.<\/p>\n<p>Os alunos da Escola Dr. Joaquim Vicente de Castro abrilhantaram o ato com apresenta\u00e7\u00f5es art\u00edsticas. A turma do 2\u00ba ano interpretou a can\u00e7\u00e3o \u2018Era uma vez\u2019, de Kell Smith, na L\u00edngua Brasileira de Sinais (Libras).<\/p>\n<p>Participaram ainda da entrega das obras, o vereador Gentil Pereira e os secret\u00e1rios municipais Nikolai Cernescu, Jossuela Pinheiro, Marcos Bueno, Maur\u00edcio Borges, La\u00e9rcio de Moraes, Denise Canesin, Ana Paula Nazarko, Paulo Vital e Othoniel Gon\u00e7alves.<\/p>\n<div class = 'socialMediaOnEveryPost'>Compartilhe<div id=\"sgmbShare1-1\" class=\"sgmbShare jssocials-theme-classic sgmbWidget1-1\"><\/div><div class=\"dropdownWrapper dropdownWrapper1 dropdownWrapper-for-widget \" id=\"dropdownWrapper-for-widget\">\r\n\t\t\t\t\t\t<div class=\"dropdownLabel\" id=\"dropdownLabel-share-list\"><span class=\"sgmbButtonListLabel1\">Share List<\/span><\/div>\r\n\t\t\t\t\t\t<div class=\"dropdownPanel dropdownPanel1-1\">\r\n\t\t\t\t\t\t<\/div>\r\n\t\t\t\t\t<\/div><script>  SGMB_URL = \"http:\/\/www.apucarana.pr.gov.br\/ame\/wp-content\/plugins\/social-media-builder\/\"; jQuery(\".dropdownWrapper\").hide(); SGMB_GOOGLE_ACOUNT = \"\"; <\/script><script type=\"text\/javascript\">\r\n\t\tjQuery(document).ready(function($){var widget = new SGMBWidget();widget.show({\"id\":\"1\",\"title\":\"Face\\\/Twitter\",\"options\":{\"currentUrl\":\"1\",\"url\":\"\",\"shareText\":\"\",\"fontSize\":\"14\",\"betweenButtons\":\"1px\",\"theme\":\"classic\",\"sgmbButtonsPosition\":\"bottomLeft\",\"socialTheme\":\"\",\"icon\":\"default\",\"buttonsPanelEffect\":\"No Effect\",\"buttonsEffect\":\"No Effect\",\"iconsEffect\":\"No Effect\",\"buttons\":\"{\\\"facebook\\\":{\\\"label\\\":\\\"Share\\\",\\\"icon\\\":\\\"default-facebook\\\"},\\\"twitter\\\":{\\\"label\\\":\\\"Tweet\\\",\\\"icon\\\":\\\"default-twitter\\\",\\\"via\\\":\\\"\\\",\\\"hashtags\\\":\\\"\\\"}}\",\"roundButton\":\"\",\"showLabels\":\"\",\"showCounts\":\"\",\"showCenter\":\"\",\"showButtonsAsList\":\"\",\"sgmbDropdownColor\":\"\",\"sgmbDropdownLabelFontSize\":\"14\",\"sgmbDropdownLabelColor\":\"\",\"showButtonsOnEveryPost\":\"on\",\"selectedOrExcluded\":\"\",\"showButtonsOnEveryPage\":\"\",\"textOnEveryPost\":\"Compartilhe\",\"showButtonsOnCustomPost\":\"\",\"textOnCustomPost\":\"\",\"showButtonsOnMobileDirect\":\"on\",\"showButtonsOnDesktopDirect\":\"on\",\"sgmbSelectedPages\":[\"\"],\"sgmbExcludedPosts\":[\"\"],\"sgmbSelectedCustomPosts\":[],\"showButtonsInPopup\":\"\",\"titleOfPopup\":\"\",\"descriptionOfPopup\":\"\",\"showPopupOnLoad\":\"\",\"showPopupOnScroll\":\"\",\"showPopupOnExit\":\"\",\"openSecondsOfPopup\":\"\",\"googleAnaliticsAccount\":\"\"},\"buttonOptions\":{\"facebook\":{\"label\":\"Share\",\"icon\":\"default-facebook\"},\"twitter\":{\"label\":\"Tweet\",\"icon\":\"default-twitter\",\"via\":\"\",\"hashtags\":\"\"}},\"button\":[\"facebook\",\"twitter\"]}, 1, '', 'http:\/\/www.apucarana.pr.gov.br\/ame\/wp-content\/uploads\/2019\/10\/IMG_6967.jpg', '', 'http:\/\/www.apucarana.pr.gov.br\/ame\/junior-da-femac-entrega-reforma-e-ampliacao-de-escola-na-vila-santa-rosa\/'); });<\/script><\/div><script> jQuery(\".socialMediaOnEveryPost\").addClass(\"sgmb-left\") <\/script>","protected":false},"excerpt":{"rendered":"<p>Com investimento de R$ 466 mil, a Escola Municipal Dr. Joaquim Vicente de Castro foi completamente revitalizada para melhor atender aos alunos<\/p>\n","protected":false},"author":10,"featured_media":8722,"comment_status":"closed","ping_status":"open","sticky":false,"template":"","format":"standard","meta":[],"categories":[9],"tags":[],"_links":{"self":[{"href":"http:\/\/www.apucarana.pr.gov.br\/ame\/wp-json\/wp\/v2\/posts\/8721"}],"collection":[{"href":"http:\/\/www.apucarana.pr.gov.br\/ame\/wp-json\/wp\/v2\/posts"}],"about":[{"href":"http:\/\/www.apucarana.pr.gov.br\/ame\/wp-json\/wp\/v2\/types\/post"}],"author":[{"embeddable":true,"href":"http:\/\/www.apucarana.pr.gov.br\/ame\/wp-json\/wp\/v2\/users\/10"}],"replies":[{"embeddable":true,"href":"http:\/\/www.apucarana.pr.gov.br\/ame\/wp-json\/wp\/v2\/comments?post=8721"}],"version-history":[{"count":1,"href":"http:\/\/www.apucarana.pr.gov.br\/ame\/wp-json\/wp\/v2\/posts\/8721\/revisions"}],"predecessor-version":[{"id":8731,"href":"http:\/\/www.apucarana.pr.gov.br\/ame\/wp-json\/wp\/v2\/posts\/8721\/revisions\/8731"}],"wp:featuredmedia":[{"embeddable":true,"href":"http:\/\/www.apucarana.pr.gov.br\/ame\/wp-json\/wp\/v2\/media\/8722"}],"wp:attachment":[{"href":"http:\/\/www.apucarana.pr.gov.br\/ame\/wp-json\/wp\/v2\/media?parent=8721"}],"wp:term":[{"taxonomy":"category","embeddable":true,"href":"http:\/\/www.apucarana.pr.gov.br\/ame\/wp-json\/wp\/v2\/categories?post=8721"},{"taxonomy":"post_tag","embeddable":true,"href":"http:\/\/www.apucarana.pr.gov.br\/ame\/wp-json\/wp\/v2\/tags?post=8721"}],"curies":[{"name":"wp","href":"https:\/\/api.w.org\/{rel}","templated":true}]}}