{"id":8711,"date":"2019-10-28T16:00:56","date_gmt":"2019-10-28T18:00:56","guid":{"rendered":"http:\/\/www.apucarana.pr.gov.br\/ame\/?p=8711"},"modified":"2024-10-08T09:10:03","modified_gmt":"2024-10-08T12:10:03","slug":"circo-literario-e-tema-de-apresentacao-dos-alunos-da-rede-municipal","status":"publish","type":"post","link":"http:\/\/www.apucarana.pr.gov.br\/ame\/circo-literario-e-tema-de-apresentacao-dos-alunos-da-rede-municipal\/","title":{"rendered":"Circo Liter\u00e1rio \u00e9 tema de apresenta\u00e7\u00e3o dos alunos da rede municipal"},"content":{"rendered":"<p>O gin\u00e1sio de esportes Lago\u00e3o ficou lotado na noite do \u00faltimo s\u00e1bado (26). Aproximadamente 6 mil pessoas estiveram no local acompanhando a apresenta\u00e7\u00e3o de dan\u00e7a dos alunos das escolas municipais de Apucarana. Em 2019, o tema do espet\u00e1culo foi \u2018O Grande Circo Liter\u00e1rio\u2019.<\/p>\n<p>As aulas de dan\u00e7a fazem parte do curr\u00edculo da educa\u00e7\u00e3o integral e s\u00e3o desenvolvidas, duas vezes por semana, com as turmas do maternal ao 5\u00ba ano. \u201cA oficina auxilia no desenvolvimento da coordena\u00e7\u00e3o motora, da postura, da consci\u00eancia corporal, da no\u00e7\u00e3o de espa\u00e7o, da integra\u00e7\u00e3o social e da disciplina. Um espet\u00e1culo \u00e9 montado anualmente para mostrar \u00e0s fam\u00edlias aquilo que seus filhos aprendem nas escolas,\u201d explica a secret\u00e1ria Marli Fernandes.<\/p>\n<p>O Grande Circo Liter\u00e1rio permitiu ao p\u00fablico reviver hist\u00f3rias cl\u00e1ssicas, como Branca de Neve e os sete an\u00f5es, dos Irm\u00e3os Grimm, S\u00edtio do Pica-Pau Amarelo, de Monteiro Lobato, e Turma da M\u00f4nica, de Maur\u00edcio de Sousa. A trupe Tangar\u00e1, de Londrina, fez uma participa\u00e7\u00e3o especial no evento.<\/p>\n<p>\u201c\u00c9 impressionante o que as crian\u00e7as s\u00e3o capazes de fazer. Elas deram uma demonstra\u00e7\u00e3o incr\u00edvel de arte, beleza e magia. Nesta gest\u00e3o, que come\u00e7ou com o Beto Preto e segue comigo, n\u00f3s buscamos desenvolver ao m\u00e1ximo o potencial dos meninos e meninas apucaranenses para construir uma gera\u00e7\u00e3o de vencedores,\u201d disse o prefeito Junior da Femac, que assistiu ao espet\u00e1culo junto com a filha Elisa.<\/p>\n<p>Aplausos, assovios e gritos de alegria foram ouvidos durante toda a apresenta\u00e7\u00e3o. \u201cFoi maravilhoso! \u00c9 o terceiro ano que a minha filha participa e eu sinto muito orgulho dela. A educa\u00e7\u00e3o na rede municipal est\u00e1 muito boa,\u201d afirmou Andreia Ferreira, m\u00e3e da aluna Ana L\u00facia, a Escola Monsenhor Arnaldo Beltrami.<\/p>\n<div class = 'socialMediaOnEveryPost'>Compartilhe<div id=\"sgmbShare1-1\" class=\"sgmbShare jssocials-theme-classic sgmbWidget1-1\"><\/div><div class=\"dropdownWrapper dropdownWrapper1 dropdownWrapper-for-widget \" id=\"dropdownWrapper-for-widget\">\r\n\t\t\t\t\t\t<div class=\"dropdownLabel\" id=\"dropdownLabel-share-list\"><span class=\"sgmbButtonListLabel1\">Share List<\/span><\/div>\r\n\t\t\t\t\t\t<div class=\"dropdownPanel dropdownPanel1-1\">\r\n\t\t\t\t\t\t<\/div>\r\n\t\t\t\t\t<\/div><script>  SGMB_URL = \"http:\/\/www.apucarana.pr.gov.br\/ame\/wp-content\/plugins\/social-media-builder\/\"; jQuery(\".dropdownWrapper\").hide(); SGMB_GOOGLE_ACOUNT = \"\"; <\/script><script type=\"text\/javascript\">\r\n\t\tjQuery(document).ready(function($){var widget = new SGMBWidget();widget.show({\"id\":\"1\",\"title\":\"Face\\\/Twitter\",\"options\":{\"currentUrl\":\"1\",\"url\":\"\",\"shareText\":\"\",\"fontSize\":\"14\",\"betweenButtons\":\"1px\",\"theme\":\"classic\",\"sgmbButtonsPosition\":\"bottomLeft\",\"socialTheme\":\"\",\"icon\":\"default\",\"buttonsPanelEffect\":\"No Effect\",\"buttonsEffect\":\"No Effect\",\"iconsEffect\":\"No Effect\",\"buttons\":\"{\\\"facebook\\\":{\\\"label\\\":\\\"Share\\\",\\\"icon\\\":\\\"default-facebook\\\"},\\\"twitter\\\":{\\\"label\\\":\\\"Tweet\\\",\\\"icon\\\":\\\"default-twitter\\\",\\\"via\\\":\\\"\\\",\\\"hashtags\\\":\\\"\\\"}}\",\"roundButton\":\"\",\"showLabels\":\"\",\"showCounts\":\"\",\"showCenter\":\"\",\"showButtonsAsList\":\"\",\"sgmbDropdownColor\":\"\",\"sgmbDropdownLabelFontSize\":\"14\",\"sgmbDropdownLabelColor\":\"\",\"showButtonsOnEveryPost\":\"on\",\"selectedOrExcluded\":\"\",\"showButtonsOnEveryPage\":\"\",\"textOnEveryPost\":\"Compartilhe\",\"showButtonsOnCustomPost\":\"\",\"textOnCustomPost\":\"\",\"showButtonsOnMobileDirect\":\"on\",\"showButtonsOnDesktopDirect\":\"on\",\"sgmbSelectedPages\":[\"\"],\"sgmbExcludedPosts\":[\"\"],\"sgmbSelectedCustomPosts\":[],\"showButtonsInPopup\":\"\",\"titleOfPopup\":\"\",\"descriptionOfPopup\":\"\",\"showPopupOnLoad\":\"\",\"showPopupOnScroll\":\"\",\"showPopupOnExit\":\"\",\"openSecondsOfPopup\":\"\",\"googleAnaliticsAccount\":\"\"},\"buttonOptions\":{\"facebook\":{\"label\":\"Share\",\"icon\":\"default-facebook\"},\"twitter\":{\"label\":\"Tweet\",\"icon\":\"default-twitter\",\"via\":\"\",\"hashtags\":\"\"}},\"button\":[\"facebook\",\"twitter\"]}, 1, '', 'http:\/\/www.apucarana.pr.gov.br\/ame\/wp-content\/uploads\/2019\/10\/IMG_6661.jpg', '', 'http:\/\/www.apucarana.pr.gov.br\/ame\/circo-literario-e-tema-de-apresentacao-dos-alunos-da-rede-municipal\/'); });<\/script><\/div><script> jQuery(\".socialMediaOnEveryPost\").addClass(\"sgmb-left\") <\/script>","protected":false},"excerpt":{"rendered":"<p>Realizado na noite do \u00faltimo s\u00e1bado (26), no gin\u00e1sio de esportes Lago\u00e3o, o espet\u00e1culo de dan\u00e7a foi assistido por aproximadamente 6 mil pessoas<\/p>\n","protected":false},"author":10,"featured_media":8719,"comment_status":"closed","ping_status":"open","sticky":false,"template":"","format":"standard","meta":[],"categories":[9],"tags":[],"_links":{"self":[{"href":"http:\/\/www.apucarana.pr.gov.br\/ame\/wp-json\/wp\/v2\/posts\/8711"}],"collection":[{"href":"http:\/\/www.apucarana.pr.gov.br\/ame\/wp-json\/wp\/v2\/posts"}],"about":[{"href":"http:\/\/www.apucarana.pr.gov.br\/ame\/wp-json\/wp\/v2\/types\/post"}],"author":[{"embeddable":true,"href":"http:\/\/www.apucarana.pr.gov.br\/ame\/wp-json\/wp\/v2\/users\/10"}],"replies":[{"embeddable":true,"href":"http:\/\/www.apucarana.pr.gov.br\/ame\/wp-json\/wp\/v2\/comments?post=8711"}],"version-history":[{"count":1,"href":"http:\/\/www.apucarana.pr.gov.br\/ame\/wp-json\/wp\/v2\/posts\/8711\/revisions"}],"predecessor-version":[{"id":8720,"href":"http:\/\/www.apucarana.pr.gov.br\/ame\/wp-json\/wp\/v2\/posts\/8711\/revisions\/8720"}],"wp:featuredmedia":[{"embeddable":true,"href":"http:\/\/www.apucarana.pr.gov.br\/ame\/wp-json\/wp\/v2\/media\/8719"}],"wp:attachment":[{"href":"http:\/\/www.apucarana.pr.gov.br\/ame\/wp-json\/wp\/v2\/media?parent=8711"}],"wp:term":[{"taxonomy":"category","embeddable":true,"href":"http:\/\/www.apucarana.pr.gov.br\/ame\/wp-json\/wp\/v2\/categories?post=8711"},{"taxonomy":"post_tag","embeddable":true,"href":"http:\/\/www.apucarana.pr.gov.br\/ame\/wp-json\/wp\/v2\/tags?post=8711"}],"curies":[{"name":"wp","href":"https:\/\/api.w.org\/{rel}","templated":true}]}}