{"id":8694,"date":"2019-10-24T14:42:01","date_gmt":"2019-10-24T16:42:01","guid":{"rendered":"http:\/\/www.apucarana.pr.gov.br\/ame\/?p=8694"},"modified":"2024-10-08T09:10:03","modified_gmt":"2024-10-08T12:10:03","slug":"concurso-televisando-premia-professores-e-alunos-da-rede-municipal-de-apucarana","status":"publish","type":"post","link":"http:\/\/www.apucarana.pr.gov.br\/ame\/concurso-televisando-premia-professores-e-alunos-da-rede-municipal-de-apucarana\/","title":{"rendered":"Concurso Televisando premia professores e alunos da rede municipal de Apucarana"},"content":{"rendered":"<p>Dois alunos e cinco professores apucaranenses foram premiados na edi\u00e7\u00e3o deste ano do concurso cultural Televisando, uma iniciativa do Instituto GRPCOM e da Rede Paranaense de Televis\u00e3o (RPC). A entrega dos trof\u00e9us e presentes foi realizada na tarde de ontem (23), na sede da Autarquia Municipal de Educa\u00e7\u00e3o.<\/p>\n<p>O Televisando \u00e9 um projeto que mobiliza as comunidades escolares para refletir sobre quest\u00f5es sociais relevantes, a partir de reportagens especiais produzidas e exibidas pela RPC. Em 2019, o tema desenvolvido foi \u2018Sustentabilidade: vamos juntos por um mundo mais sustent\u00e1vel?\u2019<\/p>\n<p>O aluno Miguel Duarte de Pella, do 2\u00ba ano, da Escola Municipal Vereador Jos\u00e9 Ramos de Oliveira, foi premiado na categoria ilustra\u00e7\u00e3o. J\u00e1 a aluna Brenda Danielly da Silva Cracco, do 5\u00ba ano, da mesma unidade de ensino, destacou-se na categoria hist\u00f3ria em quadrinhos. Os dois ganharam trof\u00e9us e tablets.<\/p>\n<p>Por orientarem os estudantes na produ\u00e7\u00e3o dos trabalhos, as professoras Juliane Balbina Gon\u00e7alves e Silmara Cristina Morial Carrascoso tamb\u00e9m foram presenteadas com trof\u00e9us e leitores de livros digitais (e-readers).<\/p>\n<p>A coordenadora regional do Televisando, Aline Munhoz, repassou ainda um trof\u00e9u \u00e0 secret\u00e1ria de educa\u00e7\u00e3o Marli Fernandes. \u201c\u00c9 a forma que encontramos de agradecer ao munic\u00edpio pela longa parceria que mant\u00e9m com o Instituto GRPCOM e a RPC. O nosso projeto sempre \u00e9 bem recebido nas escolas apucaranenses,\u201d disse.<\/p>\n<p>\u201cO curr\u00edculo escolar da nossa rede prev\u00ea a forma\u00e7\u00e3o de pessoas conscientes, cr\u00edticas, solid\u00e1rias e \u00e9ticas. Ao oferecer aos alunos a oportunidade de discutir temas atuais e importantes para a sociedade, o Televisando vem ao encontro do nosso objetivo e contribui para o desenvolvimento da cidadania,\u201d afirmou a secret\u00e1ria Marli.<\/p>\n<p>As professoras Izabel Soares, da Escola Jo\u00e3o Antonio Braga C\u00f4rtes, M\u00e1rcia Macedo, da Escola Pl\u00e1cido de Castro, e Valdirene Ribas, da Escola Presidente M\u00e9dici, receberam pr\u00eamios pelo empenho e dedica\u00e7\u00e3o \u00e0s atividades da gincana cultural RPC Game.<\/p>\n<p>&nbsp;<\/p>\n<p><strong>Autarquia de Educa\u00e7\u00e3o homenageia alunos <\/strong><strong>que se destacaram na Olimp\u00edada de L\u00edngua Portuguesa<\/strong><\/p>\n<p>Na tarde de ontem (23), a Autarquia de Educa\u00e7\u00e3o fez tamb\u00e9m uma homenagem aos alunos que se destacaram na etapa municipal da 6\u00aa Olimp\u00edada Brasileira de L\u00edngua Portuguesa \u2013 Escrevendo o Futuro.<\/p>\n<p>Promovida pelo Minist\u00e9rio da Educa\u00e7\u00e3o e a Funda\u00e7\u00e3o Ita\u00fa Social, a olimp\u00edada visa contribuir para a melhoria do ensino e aprendizagem da leitura e da escrita nas escolas p\u00fablicas de todo o pa\u00eds. Nesta edi\u00e7\u00e3o, os participantes produziram textos a partir do tema \u201cO lugar onde vivo\u201d.<\/p>\n<p>Na rede municipal de Apucarana, cerca de 1.300 alunos das turmas de 5\u00ba ano criaram poesias para o concurso. O melhor poema de cada escola foi contemplado com medalha e presente. J\u00e1 os professores que orientaram as produ\u00e7\u00f5es receberam certificados.<\/p>\n<p>Entre os melhores poemas, tr\u00eas ainda foram selecionados por uma comiss\u00e3o julgadora para seguir concorrendo na etapa regional da Olimp\u00edada de L\u00edngua Portuguesa. Foram escolhidas as composi\u00e7\u00f5es dos alunos Gustavo Darodda Min\u00e9o, da Escola Padre Ant\u00f4nio Vieira; Gean Carlo de Lima Del Coli Batista, da Escola Professor Wilson de Azevedo; e Kemilly Isabelle dos Santos da Silva, da Escola Mateus Leme.<\/p>\n<p>\u201cAs crian\u00e7as apucaranenses s\u00e3o motivo de muito orgulho para n\u00f3s. Elas v\u00eam demonstrando repetidamente que est\u00e3o com os conhecimentos na ponta da l\u00edngua. Al\u00e9m dos resultados positivos alcan\u00e7ados na Olimp\u00edada de L\u00edngua Portuguesa, n\u00f3s tivemos dois alunos premiados no concurso cultural Televisando, do Instituto GRPCOM e da RPC, cinco premiados no concurso Agrinho, do Sistema FAEP, e recebemos h\u00e1 alguns dias a not\u00edcia de que os nossos estudantes s\u00e3o donos de 41% das medalhas conquistadas pelo Paran\u00e1 na Olimp\u00edada Brasileira de Astronomia e Astron\u00e1utica. Parab\u00e9ns aos professores, coordenadores e diretores escolares pelo brilhante trabalho,\u201d congratulou o prefeito J\u00fanior da Femac.<\/p>\n<div class = 'socialMediaOnEveryPost'>Compartilhe<div id=\"sgmbShare1-1\" class=\"sgmbShare jssocials-theme-classic sgmbWidget1-1\"><\/div><div class=\"dropdownWrapper dropdownWrapper1 dropdownWrapper-for-widget \" id=\"dropdownWrapper-for-widget\">\r\n\t\t\t\t\t\t<div class=\"dropdownLabel\" id=\"dropdownLabel-share-list\"><span class=\"sgmbButtonListLabel1\">Share List<\/span><\/div>\r\n\t\t\t\t\t\t<div class=\"dropdownPanel dropdownPanel1-1\">\r\n\t\t\t\t\t\t<\/div>\r\n\t\t\t\t\t<\/div><script>  SGMB_URL = \"http:\/\/www.apucarana.pr.gov.br\/ame\/wp-content\/plugins\/social-media-builder\/\"; jQuery(\".dropdownWrapper\").hide(); SGMB_GOOGLE_ACOUNT = \"\"; <\/script><script type=\"text\/javascript\">\r\n\t\tjQuery(document).ready(function($){var widget = new SGMBWidget();widget.show({\"id\":\"1\",\"title\":\"Face\\\/Twitter\",\"options\":{\"currentUrl\":\"1\",\"url\":\"\",\"shareText\":\"\",\"fontSize\":\"14\",\"betweenButtons\":\"1px\",\"theme\":\"classic\",\"sgmbButtonsPosition\":\"bottomLeft\",\"socialTheme\":\"\",\"icon\":\"default\",\"buttonsPanelEffect\":\"No Effect\",\"buttonsEffect\":\"No Effect\",\"iconsEffect\":\"No Effect\",\"buttons\":\"{\\\"facebook\\\":{\\\"label\\\":\\\"Share\\\",\\\"icon\\\":\\\"default-facebook\\\"},\\\"twitter\\\":{\\\"label\\\":\\\"Tweet\\\",\\\"icon\\\":\\\"default-twitter\\\",\\\"via\\\":\\\"\\\",\\\"hashtags\\\":\\\"\\\"}}\",\"roundButton\":\"\",\"showLabels\":\"\",\"showCounts\":\"\",\"showCenter\":\"\",\"showButtonsAsList\":\"\",\"sgmbDropdownColor\":\"\",\"sgmbDropdownLabelFontSize\":\"14\",\"sgmbDropdownLabelColor\":\"\",\"showButtonsOnEveryPost\":\"on\",\"selectedOrExcluded\":\"\",\"showButtonsOnEveryPage\":\"\",\"textOnEveryPost\":\"Compartilhe\",\"showButtonsOnCustomPost\":\"\",\"textOnCustomPost\":\"\",\"showButtonsOnMobileDirect\":\"on\",\"showButtonsOnDesktopDirect\":\"on\",\"sgmbSelectedPages\":[\"\"],\"sgmbExcludedPosts\":[\"\"],\"sgmbSelectedCustomPosts\":[],\"showButtonsInPopup\":\"\",\"titleOfPopup\":\"\",\"descriptionOfPopup\":\"\",\"showPopupOnLoad\":\"\",\"showPopupOnScroll\":\"\",\"showPopupOnExit\":\"\",\"openSecondsOfPopup\":\"\",\"googleAnaliticsAccount\":\"\"},\"buttonOptions\":{\"facebook\":{\"label\":\"Share\",\"icon\":\"default-facebook\"},\"twitter\":{\"label\":\"Tweet\",\"icon\":\"default-twitter\",\"via\":\"\",\"hashtags\":\"\"}},\"button\":[\"facebook\",\"twitter\"]}, 1, '', 'http:\/\/www.apucarana.pr.gov.br\/ame\/wp-content\/uploads\/2019\/10\/IMG_9177.jpg', '', 'http:\/\/www.apucarana.pr.gov.br\/ame\/concurso-televisando-premia-professores-e-alunos-da-rede-municipal-de-apucarana\/'); });<\/script><\/div><script> jQuery(\".socialMediaOnEveryPost\").addClass(\"sgmb-left\") <\/script>","protected":false},"excerpt":{"rendered":"<p>A entrega dos trof\u00e9us e presentes foi realizada na tarde de ontem (23), na sede da Autarquia Municipal de Educa\u00e7\u00e3o<\/p>\n","protected":false},"author":10,"featured_media":8699,"comment_status":"closed","ping_status":"open","sticky":false,"template":"","format":"standard","meta":[],"categories":[9],"tags":[],"_links":{"self":[{"href":"http:\/\/www.apucarana.pr.gov.br\/ame\/wp-json\/wp\/v2\/posts\/8694"}],"collection":[{"href":"http:\/\/www.apucarana.pr.gov.br\/ame\/wp-json\/wp\/v2\/posts"}],"about":[{"href":"http:\/\/www.apucarana.pr.gov.br\/ame\/wp-json\/wp\/v2\/types\/post"}],"author":[{"embeddable":true,"href":"http:\/\/www.apucarana.pr.gov.br\/ame\/wp-json\/wp\/v2\/users\/10"}],"replies":[{"embeddable":true,"href":"http:\/\/www.apucarana.pr.gov.br\/ame\/wp-json\/wp\/v2\/comments?post=8694"}],"version-history":[{"count":1,"href":"http:\/\/www.apucarana.pr.gov.br\/ame\/wp-json\/wp\/v2\/posts\/8694\/revisions"}],"predecessor-version":[{"id":8705,"href":"http:\/\/www.apucarana.pr.gov.br\/ame\/wp-json\/wp\/v2\/posts\/8694\/revisions\/8705"}],"wp:featuredmedia":[{"embeddable":true,"href":"http:\/\/www.apucarana.pr.gov.br\/ame\/wp-json\/wp\/v2\/media\/8699"}],"wp:attachment":[{"href":"http:\/\/www.apucarana.pr.gov.br\/ame\/wp-json\/wp\/v2\/media?parent=8694"}],"wp:term":[{"taxonomy":"category","embeddable":true,"href":"http:\/\/www.apucarana.pr.gov.br\/ame\/wp-json\/wp\/v2\/categories?post=8694"},{"taxonomy":"post_tag","embeddable":true,"href":"http:\/\/www.apucarana.pr.gov.br\/ame\/wp-json\/wp\/v2\/tags?post=8694"}],"curies":[{"name":"wp","href":"https:\/\/api.w.org\/{rel}","templated":true}]}}