{"id":8686,"date":"2019-10-23T20:28:53","date_gmt":"2019-10-23T22:28:53","guid":{"rendered":"http:\/\/www.apucarana.pr.gov.br\/ame\/?p=8686"},"modified":"2024-10-08T09:10:03","modified_gmt":"2024-10-08T12:10:03","slug":"apucarana-investe-r-21-milhoes-na-reforma-e-ampliacao-de-mais-tres-unidades-de-ensino","status":"publish","type":"post","link":"http:\/\/www.apucarana.pr.gov.br\/ame\/apucarana-investe-r-21-milhoes-na-reforma-e-ampliacao-de-mais-tres-unidades-de-ensino\/","title":{"rendered":"Apucarana investe R$ 2,1 milh\u00f5es na reforma e amplia\u00e7\u00e3o de mais tr\u00eas unidades de ensino"},"content":{"rendered":"<p>O prefeito Junior da Femac assinou, na tarde de hoje (23\/10), ordem de servi\u00e7o para a realiza\u00e7\u00e3o de obras em mais tr\u00eas unidades de ensino. Os beneficiados s\u00e3o a Escola Municipal Professor Alcides Ramos e os Centros Municipais de Educa\u00e7\u00e3o Infantil (CMEIs) Josa Ribeiro e Sol Nascente. O investimento soma R$ 2.077.701,00.<\/p>\n<p>\u201cAlunos e professores precisam de um ambiente adequado, seguro e confort\u00e1vel para que o ensino e a aprendizagem aconte\u00e7am de forma eficiente. Por isso, a gest\u00e3o Beto Preto e J\u00fanior da Femac tem por meta reformar e ampliar todos os pr\u00e9dios escolares da rede municipal. Falta apenas um. Desde 2013, cerca de R$ 45 milh\u00f5es j\u00e1 foram investidos,\u201d disse a secret\u00e1ria de educa\u00e7\u00e3o Marli Fernandes.<\/p>\n<p>O CMEI Josa Ribeiro, na Vila S\u00e3o Carlos, deve ganhar um pr\u00e9dio amplo e moderno. O projeto de engenharia prev\u00ea a demoli\u00e7\u00e3o da sede atual, que possui \u00e1rea de 338,38 m<sup>2<\/sup>, e a constru\u00e7\u00e3o de outra com o dobro do tamanho (689,91 m<sup>2<\/sup>). A empreiteira Vitti Engenharia venceu a licita\u00e7\u00e3o e receber\u00e1 R$ 762.997,59 pela execu\u00e7\u00e3o da obra.<\/p>\n<p>O novo pr\u00e9dio possuir\u00e1 oito salas de aula, lact\u00e1rio, espa\u00e7o para higieniza\u00e7\u00e3o, cozinha, refeit\u00f3rio, dep\u00f3sitos de merenda e de materiais de limpeza, almoxarifado, lavanderia, sala de dire\u00e7\u00e3o e sanit\u00e1rios. Ser\u00e3o constru\u00eddos ainda muros no entorno, rampa de acesso e cobertura na entrada da edifica\u00e7\u00e3o.<\/p>\n<p>Ap\u00f3s a conclus\u00e3o da obra, o n\u00famero de crian\u00e7as atendidas pelo CMEI Josa Ribeiro deve saltar de 100 para 160. \u00a0\u201cN\u00f3s ficamos muito felizes com a not\u00edcia de que a obra vai come\u00e7ar. Eu e os professores est\u00e1vamos ansiosos. Como a creche fica na \u00e1rea central, n\u00f3s temos uma grande demanda por vagas e recebemos crian\u00e7as de quase todos os bairros. As m\u00e3es v\u00eam trabalhar e deixam seus filhos conosco,\u201d explicou a diretora da institui\u00e7\u00e3o, Edn\u00e9ia Del\u00edvio Zappielo.<\/p>\n<p>J\u00e1 o CMEI Sol Nascente, na Vila Salete, ser\u00e1 contemplado com a reforma de 427,61 m<sup>2<\/sup>\u00a0e a amplia\u00e7\u00e3o de 217,92 m<sup>2<\/sup>. O valor da obra, que est\u00e1 a cargo da Construtora Deka, \u00e9 de R$ 586.663,24. \u00a0As principais melhorias s\u00e3o a troca do telhado, a instala\u00e7\u00e3o de mantas t\u00e9rmicas, a redistribui\u00e7\u00e3o do espa\u00e7o para aumentar o tamanho das salas de aula, a substitui\u00e7\u00e3o das janelas, a revis\u00e3o das instala\u00e7\u00f5es el\u00e9tricas e hidr\u00e1ulicas, e a constru\u00e7\u00e3o de novos sanit\u00e1rios, cozinha, refeit\u00f3rio, lavanderia e dep\u00f3sitos de merenda e de materiais de limpeza.<\/p>\n<p>A terceira contemplada neste pacote \u00e9 a Escola Professor Alcides Ramos, no N\u00facleo Osmar Guaracy Freire, que passar\u00e1 pela reforma de 1628,21 m<sup>2<\/sup>\u00a0e a amplia\u00e7\u00e3o de 129,41 m<sup>2<\/sup>. A obra ser\u00e1 feira pela CTMA Constru\u00e7\u00f5es Civis ao custo de R$ 728.040,18. Est\u00e3o previstos o fechamento do refeit\u00f3rio, a revitaliza\u00e7\u00e3o das salas de aula, a constru\u00e7\u00e3o de mais duas salas de aula, a troca do telhado e dos pisos, a adequa\u00e7\u00e3o da cozinha, dos sanit\u00e1rios e da \u00e1rea de servi\u00e7os, a revis\u00e3o das instala\u00e7\u00f5es el\u00e9tricas e hidr\u00e1ulicas, a restaura\u00e7\u00e3o do setor administrativo e a reforma da quadra esportiva.<\/p>\n<p>O prefeito J\u00fanior da Femac frisou que as tr\u00eas obras ser\u00e3o feitas com recursos pr\u00f3prios do munic\u00edpio. \u201cOs mais de R$ 2 milh\u00f5es que estamos investindo neste momento s\u00e3o fruto de uma administra\u00e7\u00e3o austera e enxuta. A ordem \u00e9 que as nossas equipes evitem os desperd\u00edcios e priorizem aquilo que \u00e9 fundamental: a educa\u00e7\u00e3o das nossas crian\u00e7as,\u201d afirmou o gestor.<\/p>\n<p>\u201cComo deputado estadual, eu tenho percorrido as mais diversas regi\u00f5es do Paran\u00e1. Posso testemunhar que nunca vi um munic\u00edpio investir tanto em educa\u00e7\u00e3o como Apucarana. Neste per\u00edodo de crise econ\u00f4mica pelo qual estamos passando, \u00e9 dif\u00edcil a cidade que tem R$ 2 milh\u00f5es em caixa para aplicar em obras. Voc\u00eas est\u00e3o de parab\u00e9ns! Quem investe no ensino dos pequenos est\u00e1 garantindo o futuro. Prova disso s\u00e3o os pa\u00edses do norte europeu que promoveram uma revolu\u00e7\u00e3o na educa\u00e7\u00e3o e hoje apresentam os mais elevados \u00cdndices de Desenvolvimento Humano (IDH)\u201d, afirmou o deputado Arilson Chiorato, que prestigiou o evento.<\/p>\n<p>Dos 60 pr\u00e9dios escolares da rede municipal, apenas um ainda aguarda autoriza\u00e7\u00e3o para reforma e amplia\u00e7\u00e3o. \u201cA Escola Professora Maria Madalena C\u00f4co, da Vila Martins, funciona em pr\u00e9dio cedido pelo governo estadual. N\u00f3s j\u00e1 fizemos o pedido de doa\u00e7\u00e3o do im\u00f3vel junto \u00e0 Secretaria de Estado da Educa\u00e7\u00e3o (SEED-PR) e acreditamos que, em breve, poderemos fazer a licita\u00e7\u00e3o das obras,\u201d explicou o prefeito.<\/p>\n<div class = 'socialMediaOnEveryPost'>Compartilhe<div id=\"sgmbShare1-1\" class=\"sgmbShare jssocials-theme-classic sgmbWidget1-1\"><\/div><div class=\"dropdownWrapper dropdownWrapper1 dropdownWrapper-for-widget \" id=\"dropdownWrapper-for-widget\">\r\n\t\t\t\t\t\t<div class=\"dropdownLabel\" id=\"dropdownLabel-share-list\"><span class=\"sgmbButtonListLabel1\">Share List<\/span><\/div>\r\n\t\t\t\t\t\t<div class=\"dropdownPanel dropdownPanel1-1\">\r\n\t\t\t\t\t\t<\/div>\r\n\t\t\t\t\t<\/div><script>  SGMB_URL = \"http:\/\/www.apucarana.pr.gov.br\/ame\/wp-content\/plugins\/social-media-builder\/\"; jQuery(\".dropdownWrapper\").hide(); SGMB_GOOGLE_ACOUNT = \"\"; <\/script><script type=\"text\/javascript\">\r\n\t\tjQuery(document).ready(function($){var widget = new SGMBWidget();widget.show({\"id\":\"1\",\"title\":\"Face\\\/Twitter\",\"options\":{\"currentUrl\":\"1\",\"url\":\"\",\"shareText\":\"\",\"fontSize\":\"14\",\"betweenButtons\":\"1px\",\"theme\":\"classic\",\"sgmbButtonsPosition\":\"bottomLeft\",\"socialTheme\":\"\",\"icon\":\"default\",\"buttonsPanelEffect\":\"No Effect\",\"buttonsEffect\":\"No Effect\",\"iconsEffect\":\"No Effect\",\"buttons\":\"{\\\"facebook\\\":{\\\"label\\\":\\\"Share\\\",\\\"icon\\\":\\\"default-facebook\\\"},\\\"twitter\\\":{\\\"label\\\":\\\"Tweet\\\",\\\"icon\\\":\\\"default-twitter\\\",\\\"via\\\":\\\"\\\",\\\"hashtags\\\":\\\"\\\"}}\",\"roundButton\":\"\",\"showLabels\":\"\",\"showCounts\":\"\",\"showCenter\":\"\",\"showButtonsAsList\":\"\",\"sgmbDropdownColor\":\"\",\"sgmbDropdownLabelFontSize\":\"14\",\"sgmbDropdownLabelColor\":\"\",\"showButtonsOnEveryPost\":\"on\",\"selectedOrExcluded\":\"\",\"showButtonsOnEveryPage\":\"\",\"textOnEveryPost\":\"Compartilhe\",\"showButtonsOnCustomPost\":\"\",\"textOnCustomPost\":\"\",\"showButtonsOnMobileDirect\":\"on\",\"showButtonsOnDesktopDirect\":\"on\",\"sgmbSelectedPages\":[\"\"],\"sgmbExcludedPosts\":[\"\"],\"sgmbSelectedCustomPosts\":[],\"showButtonsInPopup\":\"\",\"titleOfPopup\":\"\",\"descriptionOfPopup\":\"\",\"showPopupOnLoad\":\"\",\"showPopupOnScroll\":\"\",\"showPopupOnExit\":\"\",\"openSecondsOfPopup\":\"\",\"googleAnaliticsAccount\":\"\"},\"buttonOptions\":{\"facebook\":{\"label\":\"Share\",\"icon\":\"default-facebook\"},\"twitter\":{\"label\":\"Tweet\",\"icon\":\"default-twitter\",\"via\":\"\",\"hashtags\":\"\"}},\"button\":[\"facebook\",\"twitter\"]}, 1, '', 'http:\/\/www.apucarana.pr.gov.br\/ame\/wp-content\/uploads\/2019\/10\/IMG_9259.jpg', '', 'http:\/\/www.apucarana.pr.gov.br\/ame\/apucarana-investe-r-21-milhoes-na-reforma-e-ampliacao-de-mais-tres-unidades-de-ensino\/'); });<\/script><\/div><script> jQuery(\".socialMediaOnEveryPost\").addClass(\"sgmb-left\") <\/script>","protected":false},"excerpt":{"rendered":"<p>O prefeito J\u00fanior da Femac assinou hoje (23) ordem de servi\u00e7o para obras na Escola Professor Alcides Ramos e nos CMEIs Josa Ribeiro e Sol Nascente<\/p>\n","protected":false},"author":10,"featured_media":8690,"comment_status":"closed","ping_status":"open","sticky":false,"template":"","format":"standard","meta":[],"categories":[9],"tags":[],"_links":{"self":[{"href":"http:\/\/www.apucarana.pr.gov.br\/ame\/wp-json\/wp\/v2\/posts\/8686"}],"collection":[{"href":"http:\/\/www.apucarana.pr.gov.br\/ame\/wp-json\/wp\/v2\/posts"}],"about":[{"href":"http:\/\/www.apucarana.pr.gov.br\/ame\/wp-json\/wp\/v2\/types\/post"}],"author":[{"embeddable":true,"href":"http:\/\/www.apucarana.pr.gov.br\/ame\/wp-json\/wp\/v2\/users\/10"}],"replies":[{"embeddable":true,"href":"http:\/\/www.apucarana.pr.gov.br\/ame\/wp-json\/wp\/v2\/comments?post=8686"}],"version-history":[{"count":1,"href":"http:\/\/www.apucarana.pr.gov.br\/ame\/wp-json\/wp\/v2\/posts\/8686\/revisions"}],"predecessor-version":[{"id":8693,"href":"http:\/\/www.apucarana.pr.gov.br\/ame\/wp-json\/wp\/v2\/posts\/8686\/revisions\/8693"}],"wp:featuredmedia":[{"embeddable":true,"href":"http:\/\/www.apucarana.pr.gov.br\/ame\/wp-json\/wp\/v2\/media\/8690"}],"wp:attachment":[{"href":"http:\/\/www.apucarana.pr.gov.br\/ame\/wp-json\/wp\/v2\/media?parent=8686"}],"wp:term":[{"taxonomy":"category","embeddable":true,"href":"http:\/\/www.apucarana.pr.gov.br\/ame\/wp-json\/wp\/v2\/categories?post=8686"},{"taxonomy":"post_tag","embeddable":true,"href":"http:\/\/www.apucarana.pr.gov.br\/ame\/wp-json\/wp\/v2\/tags?post=8686"}],"curies":[{"name":"wp","href":"https:\/\/api.w.org\/{rel}","templated":true}]}}