{"id":8677,"date":"2019-10-21T18:14:24","date_gmt":"2019-10-21T20:14:24","guid":{"rendered":"http:\/\/www.apucarana.pr.gov.br\/ame\/?p=8677"},"modified":"2024-10-08T09:10:03","modified_gmt":"2024-10-08T12:10:03","slug":"apucarana-tem-cinco-alunos-premiados-em-concurso-estadual-de-redacao-e-desenho","status":"publish","type":"post","link":"http:\/\/www.apucarana.pr.gov.br\/ame\/apucarana-tem-cinco-alunos-premiados-em-concurso-estadual-de-redacao-e-desenho\/","title":{"rendered":"Apucarana tem cinco alunos premiados  em concurso estadual de reda\u00e7\u00e3o e desenho"},"content":{"rendered":"<p>O Servi\u00e7o Nacional de Aprendizagem Rural (SENAR-PR) e a Federa\u00e7\u00e3o da Agricultura do Estado do Paran\u00e1 (FAEP), em parceria com o Governo do Paran\u00e1, realizaram hoje (21), no Centro de Conven\u00e7\u00f5es Expotrade, em S\u00e3o Jos\u00e9 dos Pinhais, a cerim\u00f4nia de premia\u00e7\u00e3o do concurso de reda\u00e7\u00e3o e desenho Agrinho. \u00a0Em 2019, cinco alunos da rede municipal de ensino apucaranense tiveram seus trabalhos reconhecidos.<\/p>\n<p>O programa Agrinho tem o objetivo de levar informa\u00e7\u00f5es sobre sa\u00fade e seguran\u00e7a pessoal e ambiental \u00e0s crian\u00e7as, principalmente \u00e0quelas que residem no meio rural. As atividades envolvem anualmente cerca de 800 mil estudantes e 50 mil professores de todos os munic\u00edpios do Paran\u00e1. A produ\u00e7\u00e3o dos textos e ilustra\u00e7\u00f5es foi feita a partir do tema \u201cAs coisas que ligam o campo e a cidade e nosso papel para mudar o mundo\u201d.<\/p>\n<p>A reda\u00e7\u00e3o da aluna Nina Moreira Mendes, da Escola Municipal Jo\u00e3o Batista, conquistou o primeiro lugar estadual, entre os alunos do 4\u00ba ano. Como pr\u00eamio, ela e o professor Amauri Henrique Rosina ganharam um notebook cada.<\/p>\n<p>\u201cEu estou muito orgulhosa do resultado que a minha filha alcan\u00e7ou nesse pr\u00eamio. O melhor de tudo \u00e9 ver que ela est\u00e1 recebendo uma \u00f3tima educa\u00e7\u00e3o na rede municipal e est\u00e1 se desenvolvendo emocionalmente e intelectualmente. Parab\u00e9ns ao professor, \u00e0 escola e ao prefeito!\u201d disse a m\u00e3e da estudante, Roseli Moreira Mendes.<\/p>\n<p>J\u00e1 os alunos Beatriz Afonso Neto (1\u00ba ano), da Escola Juiz Luiz Fernando de Ara\u00fajo Pereira; Maria Eduarda Louza de Oliveira (2\u00ba ano), da Escola Augusto Weyand; Gloria Yasmim Ribeiro Caldas (3\u00ba ano), da Escola Humberto de Alencar Castelo Branco; e Heloisa Cavalheiro da Cruz (5\u00ba ano), da Escola do Campo Professor Wilson de Azevedo, destacaram-se entre os participantes da regional de Londrina. Eles e seus professores foram premiados com tablets.<\/p>\n<p>O prefeito Junior da Femac e a secret\u00e1ria de educa\u00e7\u00e3o Marli Fernandes prestigiaram a cerimonia. \u201cAs crian\u00e7as apucaranenses v\u00eam conquistando pr\u00eamios em muitas provas de conhecimento. Al\u00e9m do Agrinho, n\u00f3s podemos citar a nota 7,5 no Ideb &#8211; \u00cdndice de Desenvolvimento da Educa\u00e7\u00e3o B\u00e1sica &#8211; e as 1.377 medalhas na Olimp\u00edada Brasileira de Astronomia e Astron\u00e1utica. S\u00e3o diferentes institui\u00e7\u00f5es avaliando e comprovando a qualidade da educa\u00e7\u00e3o da rede municipal. Isso \u00e9 gratificante,\u201d afirmou a secret\u00e1ria.<\/p>\n<p>\u201cEu parabenizo aos professores, coordenadores e diretores escolares por mais esta conquista, pois a educa\u00e7\u00e3o apucaranense jamais teria alcan\u00e7ado o patamar em que est\u00e1 hoje se n\u00f3s n\u00e3o cont\u00e1ssemos com uma equipe comprometida e dedicada. Eu acredito na forma\u00e7\u00e3o de uma gera\u00e7\u00e3o vencedora, que conduzir\u00e1 a nossa cidade a um futuro promissor,\u201d acrescentou o prefeito.<\/p>\n<p>Na ocasi\u00e3o, o governador Carlos Massa J\u00fanior assinou um conv\u00eanio entre o Estado e o Sistema FAEP\/SENAR-PR para a realiza\u00e7\u00e3o da pr\u00f3xima edi\u00e7\u00e3o do Agrinho. Em seu pronunciamento, ele destacou a voca\u00e7\u00e3o do Paran\u00e1 de produzir alimentos, com efici\u00eancia e de forma sustent\u00e1vel.<\/p>\n<p>\u201cO Paran\u00e1 \u00e9 o maior produtor de alimentos por metro quadrado do mundo. Ningu\u00e9m produz tanto em variedade e em quantidade quanto o Paran\u00e1. Com um diferencial maravilhoso: ningu\u00e9m produz tanto, de forma t\u00e3o sustent\u00e1vel. O Paran\u00e1 preserva suas matas ciliares, suas bacias hidrogr\u00e1ficas e consegue preservar um dos maiores biomas, a Mata Atl\u00e2ntica\u201d, disse o governador.<\/p>\n<p>Participaram ainda da premia\u00e7\u00e3o do Agrinho, o presidente do Sistema FAEP\/SENAR-PR, \u00c1gide Meneguette; o secret\u00e1rio de Estado de Agricultura e Abastecimento, Norberto Ortigara; o secret\u00e1rio de Estado da Educa\u00e7\u00e3o e do Esporte, Renato Feder; o vice-governador Darci Piana; o prefeito de Curitiba, Rafael Greca; e o membro da diretoria do Sindicato Rural Patronal de Apucarana, George Gra\u00e7a Moura.<\/p>\n<div class = 'socialMediaOnEveryPost'>Compartilhe<div id=\"sgmbShare1-1\" class=\"sgmbShare jssocials-theme-classic sgmbWidget1-1\"><\/div><div class=\"dropdownWrapper dropdownWrapper1 dropdownWrapper-for-widget \" id=\"dropdownWrapper-for-widget\">\r\n\t\t\t\t\t\t<div class=\"dropdownLabel\" id=\"dropdownLabel-share-list\"><span class=\"sgmbButtonListLabel1\">Share List<\/span><\/div>\r\n\t\t\t\t\t\t<div class=\"dropdownPanel dropdownPanel1-1\">\r\n\t\t\t\t\t\t<\/div>\r\n\t\t\t\t\t<\/div><script>  SGMB_URL = \"http:\/\/www.apucarana.pr.gov.br\/ame\/wp-content\/plugins\/social-media-builder\/\"; jQuery(\".dropdownWrapper\").hide(); SGMB_GOOGLE_ACOUNT = \"\"; <\/script><script type=\"text\/javascript\">\r\n\t\tjQuery(document).ready(function($){var widget = new SGMBWidget();widget.show({\"id\":\"1\",\"title\":\"Face\\\/Twitter\",\"options\":{\"currentUrl\":\"1\",\"url\":\"\",\"shareText\":\"\",\"fontSize\":\"14\",\"betweenButtons\":\"1px\",\"theme\":\"classic\",\"sgmbButtonsPosition\":\"bottomLeft\",\"socialTheme\":\"\",\"icon\":\"default\",\"buttonsPanelEffect\":\"No Effect\",\"buttonsEffect\":\"No Effect\",\"iconsEffect\":\"No Effect\",\"buttons\":\"{\\\"facebook\\\":{\\\"label\\\":\\\"Share\\\",\\\"icon\\\":\\\"default-facebook\\\"},\\\"twitter\\\":{\\\"label\\\":\\\"Tweet\\\",\\\"icon\\\":\\\"default-twitter\\\",\\\"via\\\":\\\"\\\",\\\"hashtags\\\":\\\"\\\"}}\",\"roundButton\":\"\",\"showLabels\":\"\",\"showCounts\":\"\",\"showCenter\":\"\",\"showButtonsAsList\":\"\",\"sgmbDropdownColor\":\"\",\"sgmbDropdownLabelFontSize\":\"14\",\"sgmbDropdownLabelColor\":\"\",\"showButtonsOnEveryPost\":\"on\",\"selectedOrExcluded\":\"\",\"showButtonsOnEveryPage\":\"\",\"textOnEveryPost\":\"Compartilhe\",\"showButtonsOnCustomPost\":\"\",\"textOnCustomPost\":\"\",\"showButtonsOnMobileDirect\":\"on\",\"showButtonsOnDesktopDirect\":\"on\",\"sgmbSelectedPages\":[\"\"],\"sgmbExcludedPosts\":[\"\"],\"sgmbSelectedCustomPosts\":[],\"showButtonsInPopup\":\"\",\"titleOfPopup\":\"\",\"descriptionOfPopup\":\"\",\"showPopupOnLoad\":\"\",\"showPopupOnScroll\":\"\",\"showPopupOnExit\":\"\",\"openSecondsOfPopup\":\"\",\"googleAnaliticsAccount\":\"\"},\"buttonOptions\":{\"facebook\":{\"label\":\"Share\",\"icon\":\"default-facebook\"},\"twitter\":{\"label\":\"Tweet\",\"icon\":\"default-twitter\",\"via\":\"\",\"hashtags\":\"\"}},\"button\":[\"facebook\",\"twitter\"]}, 1, '', 'http:\/\/www.apucarana.pr.gov.br\/ame\/wp-content\/uploads\/2019\/10\/IMG_20191021_142603.jpg', '', 'http:\/\/www.apucarana.pr.gov.br\/ame\/apucarana-tem-cinco-alunos-premiados-em-concurso-estadual-de-redacao-e-desenho\/'); });<\/script><\/div><script> jQuery(\".socialMediaOnEveryPost\").addClass(\"sgmb-left\") <\/script>","protected":false},"excerpt":{"rendered":"<p>A aluna Nina Moreira Mendes, da Escola Jo\u00e3o Batista, conquistou o 1\u00ba lugar estadual em concurso de reda\u00e7\u00e3o<\/p>\n","protected":false},"author":10,"featured_media":8678,"comment_status":"closed","ping_status":"open","sticky":false,"template":"","format":"standard","meta":[],"categories":[9],"tags":[],"_links":{"self":[{"href":"http:\/\/www.apucarana.pr.gov.br\/ame\/wp-json\/wp\/v2\/posts\/8677"}],"collection":[{"href":"http:\/\/www.apucarana.pr.gov.br\/ame\/wp-json\/wp\/v2\/posts"}],"about":[{"href":"http:\/\/www.apucarana.pr.gov.br\/ame\/wp-json\/wp\/v2\/types\/post"}],"author":[{"embeddable":true,"href":"http:\/\/www.apucarana.pr.gov.br\/ame\/wp-json\/wp\/v2\/users\/10"}],"replies":[{"embeddable":true,"href":"http:\/\/www.apucarana.pr.gov.br\/ame\/wp-json\/wp\/v2\/comments?post=8677"}],"version-history":[{"count":1,"href":"http:\/\/www.apucarana.pr.gov.br\/ame\/wp-json\/wp\/v2\/posts\/8677\/revisions"}],"predecessor-version":[{"id":8684,"href":"http:\/\/www.apucarana.pr.gov.br\/ame\/wp-json\/wp\/v2\/posts\/8677\/revisions\/8684"}],"wp:featuredmedia":[{"embeddable":true,"href":"http:\/\/www.apucarana.pr.gov.br\/ame\/wp-json\/wp\/v2\/media\/8678"}],"wp:attachment":[{"href":"http:\/\/www.apucarana.pr.gov.br\/ame\/wp-json\/wp\/v2\/media?parent=8677"}],"wp:term":[{"taxonomy":"category","embeddable":true,"href":"http:\/\/www.apucarana.pr.gov.br\/ame\/wp-json\/wp\/v2\/categories?post=8677"},{"taxonomy":"post_tag","embeddable":true,"href":"http:\/\/www.apucarana.pr.gov.br\/ame\/wp-json\/wp\/v2\/tags?post=8677"}],"curies":[{"name":"wp","href":"https:\/\/api.w.org\/{rel}","templated":true}]}}