{"id":8668,"date":"2019-10-18T17:19:17","date_gmt":"2019-10-18T20:19:17","guid":{"rendered":"http:\/\/www.apucarana.pr.gov.br\/ame\/?p=8668"},"modified":"2024-10-08T09:10:03","modified_gmt":"2024-10-08T12:10:03","slug":"escola-professor-wilson-de-azevedo-e-reinaugurada-em-caixa-de-sao-pedro","status":"publish","type":"post","link":"http:\/\/www.apucarana.pr.gov.br\/ame\/escola-professor-wilson-de-azevedo-e-reinaugurada-em-caixa-de-sao-pedro\/","title":{"rendered":"Escola Professor Wilson de Azevedo \u00e9 reinaugurada em Caixa de S\u00e3o Pedro"},"content":{"rendered":"<p>Com o intuito de garantir a mesma qualidade de ensino a todas as crian\u00e7as apucaranenses, independente delas morarem na zona urbana ou rural, a Prefeitura de Apucarana entregou hoje (18) as obras conclu\u00eddas da Escola Municipal do Campo Professor Wilson de Azevedo \u00e0 comunidade do Distrito de Caixa de S\u00e3o Pedro. O investimento feito na reforma de 544,25 m<sup>2<\/sup>\u00a0e na amplia\u00e7\u00e3o de 69,96 m<sup>2<\/sup>\u00a0somou R$ 296.598,31, com recursos pr\u00f3prios do munic\u00edpio.<\/p>\n<p>Professores, pais de alunos e diversas lideran\u00e7as comunit\u00e1rias acompanharam o ato. \u201cEsta escola foi constru\u00edda h\u00e1 mais de quarenta anos e nunca havia passado por uma revitaliza\u00e7\u00e3o ampla assim. Eu fico muito feliz de testemunhar a transforma\u00e7\u00e3o pela qual a educa\u00e7\u00e3o vem passando nos \u00faltimos anos. A secret\u00e1ria Marli Fernandes e a equipe dela est\u00e3o de parab\u00e9ns pelo excelente trabalho,\u201d afirmou o vereador da regi\u00e3o, Francisley Preto Godoi (Poim).<\/p>\n<p>\u201cO pr\u00e9dio j\u00e1 estava precisando de uma boa reforma, pois o telhado tinha infiltra\u00e7\u00f5es, o forro estava prec\u00e1rio e a pintura n\u00e3o existia mais. A obra ficou muito boa, trouxe mais conforto \u00e0s crian\u00e7as,\u201d acrescentou o presidente da Associa\u00e7\u00e3o de Pais, Mestres e Funcion\u00e1rios da Escola Professor Wilson de Azevedo, Amparo Monteiro.<\/p>\n<p>Os principais servi\u00e7os realizados foram a troca dos pisos, do telhado e do forro, a coloca\u00e7\u00e3o de mantas t\u00e9rmicas, a substitui\u00e7\u00e3o de portas e janelas danificadas, a revitaliza\u00e7\u00e3o da cozinha, da lavanderia, do dep\u00f3sito de merenda e dos sanit\u00e1rios, a execu\u00e7\u00e3o de novas instala\u00e7\u00f5es el\u00e9tricas e revis\u00e3o das hidr\u00e1ulicas, a instala\u00e7\u00e3o de coberturas nas rampas e acessos, e a adequa\u00e7\u00e3o do pr\u00e9dio \u00e0s normas atuais do Minist\u00e9rio da Educa\u00e7\u00e3o, do Corpo de Bombeiros e da Vigil\u00e2ncia Sanit\u00e1ria.<\/p>\n<p>A secret\u00e1ria de educa\u00e7\u00e3o, Marli Fernandes, ressaltou que a gest\u00e3o Beto Preto e J\u00fanior da Femac j\u00e1 est\u00e1 bem perto de cumprir a meta de reformar todas as unidades de ensino da rede municipal. \u201cDos 60 pr\u00e9dios que temos, apenas tr\u00eas ainda aguardam autoriza\u00e7\u00e3o para licitar as obras. Nos \u00faltimos sete anos, cerca de R$ 45 milh\u00f5es foram aplicados na reforma e amplia\u00e7\u00e3o de CMEIs e Escolas,\u201d disse.<\/p>\n<p>J\u00e1 o prefeito Junior da Femac enumerou os investimentos feitos pela atual administra\u00e7\u00e3o em benef\u00edcio da comunidade de Caixa de S\u00e3o Pedro. \u201cTodos os cidad\u00e3os t\u00eam os mesmos direitos, n\u00e3o interessa se eles moram na \u00e1rea central, nos bairros ou nos distritos. Por isso, para atender com qualidade a popula\u00e7\u00e3o daqui, n\u00f3s j\u00e1 reformamos o CMEI Ant\u00f4nio do Carmo Ribeiro e a Escola Professor Wilson de Azevedo, estamos revitalizando a quadra esportiva, finalizando o novo po\u00e7o artesiano e, daqui a duas semanas, devemos iniciar tamb\u00e9m a constru\u00e7\u00e3o de vesti\u00e1rios para o campo de futebol. Al\u00e9m disso, o grupo catarinense Borges &amp; Rossa est\u00e1 aplicando R$ 20 milh\u00f5es em Caixa de S\u00e3o Pedro para a constru\u00e7\u00e3o de um condom\u00ednio avi\u00e1rio, que ter\u00e1 capacidade de produzir 700 mil frangos a cada 45 dias,\u201d destacou.<\/p>\n<div class = 'socialMediaOnEveryPost'>Compartilhe<div id=\"sgmbShare1-1\" class=\"sgmbShare jssocials-theme-classic sgmbWidget1-1\"><\/div><div class=\"dropdownWrapper dropdownWrapper1 dropdownWrapper-for-widget \" id=\"dropdownWrapper-for-widget\">\r\n\t\t\t\t\t\t<div class=\"dropdownLabel\" id=\"dropdownLabel-share-list\"><span class=\"sgmbButtonListLabel1\">Share List<\/span><\/div>\r\n\t\t\t\t\t\t<div class=\"dropdownPanel dropdownPanel1-1\">\r\n\t\t\t\t\t\t<\/div>\r\n\t\t\t\t\t<\/div><script>  SGMB_URL = \"http:\/\/www.apucarana.pr.gov.br\/ame\/wp-content\/plugins\/social-media-builder\/\"; jQuery(\".dropdownWrapper\").hide(); SGMB_GOOGLE_ACOUNT = \"\"; <\/script><script type=\"text\/javascript\">\r\n\t\tjQuery(document).ready(function($){var widget = new SGMBWidget();widget.show({\"id\":\"1\",\"title\":\"Face\\\/Twitter\",\"options\":{\"currentUrl\":\"1\",\"url\":\"\",\"shareText\":\"\",\"fontSize\":\"14\",\"betweenButtons\":\"1px\",\"theme\":\"classic\",\"sgmbButtonsPosition\":\"bottomLeft\",\"socialTheme\":\"\",\"icon\":\"default\",\"buttonsPanelEffect\":\"No Effect\",\"buttonsEffect\":\"No Effect\",\"iconsEffect\":\"No Effect\",\"buttons\":\"{\\\"facebook\\\":{\\\"label\\\":\\\"Share\\\",\\\"icon\\\":\\\"default-facebook\\\"},\\\"twitter\\\":{\\\"label\\\":\\\"Tweet\\\",\\\"icon\\\":\\\"default-twitter\\\",\\\"via\\\":\\\"\\\",\\\"hashtags\\\":\\\"\\\"}}\",\"roundButton\":\"\",\"showLabels\":\"\",\"showCounts\":\"\",\"showCenter\":\"\",\"showButtonsAsList\":\"\",\"sgmbDropdownColor\":\"\",\"sgmbDropdownLabelFontSize\":\"14\",\"sgmbDropdownLabelColor\":\"\",\"showButtonsOnEveryPost\":\"on\",\"selectedOrExcluded\":\"\",\"showButtonsOnEveryPage\":\"\",\"textOnEveryPost\":\"Compartilhe\",\"showButtonsOnCustomPost\":\"\",\"textOnCustomPost\":\"\",\"showButtonsOnMobileDirect\":\"on\",\"showButtonsOnDesktopDirect\":\"on\",\"sgmbSelectedPages\":[\"\"],\"sgmbExcludedPosts\":[\"\"],\"sgmbSelectedCustomPosts\":[],\"showButtonsInPopup\":\"\",\"titleOfPopup\":\"\",\"descriptionOfPopup\":\"\",\"showPopupOnLoad\":\"\",\"showPopupOnScroll\":\"\",\"showPopupOnExit\":\"\",\"openSecondsOfPopup\":\"\",\"googleAnaliticsAccount\":\"\"},\"buttonOptions\":{\"facebook\":{\"label\":\"Share\",\"icon\":\"default-facebook\"},\"twitter\":{\"label\":\"Tweet\",\"icon\":\"default-twitter\",\"via\":\"\",\"hashtags\":\"\"}},\"button\":[\"facebook\",\"twitter\"]}, 1, '', 'http:\/\/www.apucarana.pr.gov.br\/ame\/wp-content\/uploads\/2019\/10\/CAPA-1.jpg', '', 'http:\/\/www.apucarana.pr.gov.br\/ame\/escola-professor-wilson-de-azevedo-e-reinaugurada-em-caixa-de-sao-pedro\/'); });<\/script><\/div><script> jQuery(\".socialMediaOnEveryPost\").addClass(\"sgmb-left\") <\/script>","protected":false},"excerpt":{"rendered":"<p>Dos 60 pr\u00e9dios da rede municipal, faltam apenas tr\u00eas a serem reformados e ampliados<\/p>\n","protected":false},"author":10,"featured_media":8669,"comment_status":"closed","ping_status":"open","sticky":false,"template":"","format":"standard","meta":[],"categories":[9],"tags":[],"_links":{"self":[{"href":"http:\/\/www.apucarana.pr.gov.br\/ame\/wp-json\/wp\/v2\/posts\/8668"}],"collection":[{"href":"http:\/\/www.apucarana.pr.gov.br\/ame\/wp-json\/wp\/v2\/posts"}],"about":[{"href":"http:\/\/www.apucarana.pr.gov.br\/ame\/wp-json\/wp\/v2\/types\/post"}],"author":[{"embeddable":true,"href":"http:\/\/www.apucarana.pr.gov.br\/ame\/wp-json\/wp\/v2\/users\/10"}],"replies":[{"embeddable":true,"href":"http:\/\/www.apucarana.pr.gov.br\/ame\/wp-json\/wp\/v2\/comments?post=8668"}],"version-history":[{"count":1,"href":"http:\/\/www.apucarana.pr.gov.br\/ame\/wp-json\/wp\/v2\/posts\/8668\/revisions"}],"predecessor-version":[{"id":8676,"href":"http:\/\/www.apucarana.pr.gov.br\/ame\/wp-json\/wp\/v2\/posts\/8668\/revisions\/8676"}],"wp:featuredmedia":[{"embeddable":true,"href":"http:\/\/www.apucarana.pr.gov.br\/ame\/wp-json\/wp\/v2\/media\/8669"}],"wp:attachment":[{"href":"http:\/\/www.apucarana.pr.gov.br\/ame\/wp-json\/wp\/v2\/media?parent=8668"}],"wp:term":[{"taxonomy":"category","embeddable":true,"href":"http:\/\/www.apucarana.pr.gov.br\/ame\/wp-json\/wp\/v2\/categories?post=8668"},{"taxonomy":"post_tag","embeddable":true,"href":"http:\/\/www.apucarana.pr.gov.br\/ame\/wp-json\/wp\/v2\/tags?post=8668"}],"curies":[{"name":"wp","href":"https:\/\/api.w.org\/{rel}","templated":true}]}}