{"id":8665,"date":"2019-10-16T11:04:21","date_gmt":"2019-10-16T14:04:21","guid":{"rendered":"http:\/\/www.apucarana.pr.gov.br\/ame\/?p=8665"},"modified":"2024-10-08T09:10:03","modified_gmt":"2024-10-08T12:10:03","slug":"educacao-divulga-calendario-de-matriculas-na-rede-municipal-2","status":"publish","type":"post","link":"http:\/\/www.apucarana.pr.gov.br\/ame\/educacao-divulga-calendario-de-matriculas-na-rede-municipal-2\/","title":{"rendered":"Educa\u00e7\u00e3o divulga calend\u00e1rio de matr\u00edculas na rede municipal"},"content":{"rendered":"<p>A Autarquia Municipal de Educa\u00e7\u00e3o divulgou o calend\u00e1rio de matr\u00edculas e rematr\u00edculas para o ano letivo de 2020. Os prazos e prioridades do processo s\u00e3o estabelecidos pela Instru\u00e7\u00e3o Normativa n\u00ba 04\/2019.<\/p>\n<p>Entre os dias 16 e 25 de outubro, os centros infantis e escolas municipais v\u00e3o realizar a rematr\u00edcula dos atuais alunos. \u00a0Os pais e respons\u00e1veis pelas crian\u00e7as devem receber bilhetes das pr\u00f3prias unidades de ensino para orient\u00e1-los sobre como ser\u00e1 feito o atendimento.<\/p>\n<p>J\u00e1 as matr\u00edculas para novos alunos ser\u00e3o efetuadas no per\u00edodo de 28 de outubro a 8 de novembro, at\u00e9 o total preenchimento das vagas ofertadas pela unidade educacional. A prioridade dos centros infantis e escolas municipais \u00e9 atender aos alunos que moram num raio de at\u00e9 2 mil metros de dist\u00e2ncia, segundo o Sistema de Georreferenciamento do Paran\u00e1.<\/p>\n<p>As transfer\u00eancias de alunos v\u00e3o ocorrer entre os dias 02 e 06 de dezembro, tamb\u00e9m conforme a exist\u00eancia de vagas nas unidades de ensino.<\/p>\n<p>Os documentos necess\u00e1rios (original e c\u00f3pia) para efetuar a primeira matr\u00edcula e a transfer\u00eancia de alunos s\u00e3o: certid\u00e3o de nascimento, carteirinha de vacina\u00e7\u00e3o, cart\u00e3o nacional do SUS, comprovante de resid\u00eancia (preferencialmente a conta de luz) e, se houver, documento de identifica\u00e7\u00e3o dos pais (RG, carteira de motorista, carteira de trabalho ou passaporte).<\/p>\n<p>A matr\u00edcula das crian\u00e7as que est\u00e3o no 5\u00ba ano em 2019 e v\u00e3o para o 6\u00ba ano em 2020 ser\u00e1 feita no per\u00edodo de 21 de outubro a 1\u00ba de novembro, nas pr\u00f3prias escolas municipais ou por meio do portal <a href=\"https:\/\/www.areadoaluno.seed.pr.gov.br\/servicosaoaluno\/pages\/publico\/login.jsf?dswid=-6560\">Dia a Dia Educa\u00e7\u00e3o<\/a>. Para a inscri\u00e7\u00e3o online, \u00e9 preciso que o CPF do respons\u00e1vel legal esteja indicado no cadastro do aluno.<\/p>\n<p>Corte et\u00e1rio para o ano letivo de 2020:<\/p>\n<p><strong><u>CMEIs<\/u><\/strong><\/p>\n<table>\n<tbody>\n<tr>\n<td width=\"192\"><strong>Turma<\/strong><\/td>\n<td width=\"192\"><strong>Nascidos a partir de<\/strong><\/td>\n<td width=\"192\"><strong>At\u00e9<\/strong><\/td>\n<\/tr>\n<tr>\n<td width=\"192\">Ber\u00e7\u00e1rio<\/td>\n<td width=\"192\">01\/04\/19<\/td>\n<td width=\"192\">&nbsp;<\/td>\n<\/tr>\n<tr>\n<td width=\"192\">Maternal I<\/td>\n<td width=\"192\">01\/04\/18<\/td>\n<td width=\"192\">31\/03\/19<\/td>\n<\/tr>\n<tr>\n<td width=\"192\">Maternal II<\/td>\n<td width=\"192\">01\/04\/17<\/td>\n<td width=\"192\">31\/03\/18<\/td>\n<\/tr>\n<tr>\n<td width=\"192\">Maternal III<\/td>\n<td width=\"192\">01\/04\/16<\/td>\n<td width=\"192\">31\/03\/17<\/td>\n<\/tr>\n<\/tbody>\n<\/table>\n<p>&nbsp;<\/p>\n<p><strong><u>Escolas<\/u><\/strong><\/p>\n<table>\n<tbody>\n<tr>\n<td width=\"192\"><strong>Turma<\/strong><\/td>\n<td width=\"192\"><strong>Nascidos a partir de<\/strong><\/td>\n<td width=\"192\"><strong>At\u00e9<\/strong><\/td>\n<\/tr>\n<tr>\n<td width=\"192\">Pr\u00e9 I<\/td>\n<td width=\"192\">01\/04\/15<\/td>\n<td width=\"192\">31\/03\/16<\/td>\n<\/tr>\n<tr>\n<td width=\"192\">Pr\u00e9 II<\/td>\n<td width=\"192\">01\/04\/14<\/td>\n<td width=\"192\">31\/03\/15<\/td>\n<\/tr>\n<tr>\n<td width=\"192\">1\u00ba Ano<\/td>\n<td width=\"192\">01\/04\/13<\/td>\n<td width=\"192\">31\/03\/14<\/td>\n<\/tr>\n<\/tbody>\n<\/table>\n<p>&nbsp;<\/p>\n<p>&nbsp;<\/p>\n<p>&nbsp;<\/p>\n<p>&nbsp;<\/p>\n<div class = 'socialMediaOnEveryPost'>Compartilhe<div id=\"sgmbShare1-1\" class=\"sgmbShare jssocials-theme-classic sgmbWidget1-1\"><\/div><div class=\"dropdownWrapper dropdownWrapper1 dropdownWrapper-for-widget \" id=\"dropdownWrapper-for-widget\">\r\n\t\t\t\t\t\t<div class=\"dropdownLabel\" id=\"dropdownLabel-share-list\"><span class=\"sgmbButtonListLabel1\">Share List<\/span><\/div>\r\n\t\t\t\t\t\t<div class=\"dropdownPanel dropdownPanel1-1\">\r\n\t\t\t\t\t\t<\/div>\r\n\t\t\t\t\t<\/div><script>  SGMB_URL = \"http:\/\/www.apucarana.pr.gov.br\/ame\/wp-content\/plugins\/social-media-builder\/\"; jQuery(\".dropdownWrapper\").hide(); SGMB_GOOGLE_ACOUNT = \"\"; <\/script><script type=\"text\/javascript\">\r\n\t\tjQuery(document).ready(function($){var widget = new SGMBWidget();widget.show({\"id\":\"1\",\"title\":\"Face\\\/Twitter\",\"options\":{\"currentUrl\":\"1\",\"url\":\"\",\"shareText\":\"\",\"fontSize\":\"14\",\"betweenButtons\":\"1px\",\"theme\":\"classic\",\"sgmbButtonsPosition\":\"bottomLeft\",\"socialTheme\":\"\",\"icon\":\"default\",\"buttonsPanelEffect\":\"No Effect\",\"buttonsEffect\":\"No Effect\",\"iconsEffect\":\"No Effect\",\"buttons\":\"{\\\"facebook\\\":{\\\"label\\\":\\\"Share\\\",\\\"icon\\\":\\\"default-facebook\\\"},\\\"twitter\\\":{\\\"label\\\":\\\"Tweet\\\",\\\"icon\\\":\\\"default-twitter\\\",\\\"via\\\":\\\"\\\",\\\"hashtags\\\":\\\"\\\"}}\",\"roundButton\":\"\",\"showLabels\":\"\",\"showCounts\":\"\",\"showCenter\":\"\",\"showButtonsAsList\":\"\",\"sgmbDropdownColor\":\"\",\"sgmbDropdownLabelFontSize\":\"14\",\"sgmbDropdownLabelColor\":\"\",\"showButtonsOnEveryPost\":\"on\",\"selectedOrExcluded\":\"\",\"showButtonsOnEveryPage\":\"\",\"textOnEveryPost\":\"Compartilhe\",\"showButtonsOnCustomPost\":\"\",\"textOnCustomPost\":\"\",\"showButtonsOnMobileDirect\":\"on\",\"showButtonsOnDesktopDirect\":\"on\",\"sgmbSelectedPages\":[\"\"],\"sgmbExcludedPosts\":[\"\"],\"sgmbSelectedCustomPosts\":[],\"showButtonsInPopup\":\"\",\"titleOfPopup\":\"\",\"descriptionOfPopup\":\"\",\"showPopupOnLoad\":\"\",\"showPopupOnScroll\":\"\",\"showPopupOnExit\":\"\",\"openSecondsOfPopup\":\"\",\"googleAnaliticsAccount\":\"\"},\"buttonOptions\":{\"facebook\":{\"label\":\"Share\",\"icon\":\"default-facebook\"},\"twitter\":{\"label\":\"Tweet\",\"icon\":\"default-twitter\",\"via\":\"\",\"hashtags\":\"\"}},\"button\":[\"facebook\",\"twitter\"]}, 1, '', 'http:\/\/www.apucarana.pr.gov.br\/ame\/wp-content\/uploads\/2019\/10\/24042017-IMG_7795.jpg', '', 'http:\/\/www.apucarana.pr.gov.br\/ame\/educacao-divulga-calendario-de-matriculas-na-rede-municipal-2\/'); });<\/script><\/div><script> jQuery(\".socialMediaOnEveryPost\").addClass(\"sgmb-left\") <\/script>","protected":false},"excerpt":{"rendered":"<p>Os prazos e prioridades do processo s\u00e3o estabelecidos pela Instru\u00e7\u00e3o Normativa n\u00ba 04\/2019<\/p>\n","protected":false},"author":10,"featured_media":8666,"comment_status":"closed","ping_status":"open","sticky":false,"template":"","format":"standard","meta":[],"categories":[9],"tags":[],"_links":{"self":[{"href":"http:\/\/www.apucarana.pr.gov.br\/ame\/wp-json\/wp\/v2\/posts\/8665"}],"collection":[{"href":"http:\/\/www.apucarana.pr.gov.br\/ame\/wp-json\/wp\/v2\/posts"}],"about":[{"href":"http:\/\/www.apucarana.pr.gov.br\/ame\/wp-json\/wp\/v2\/types\/post"}],"author":[{"embeddable":true,"href":"http:\/\/www.apucarana.pr.gov.br\/ame\/wp-json\/wp\/v2\/users\/10"}],"replies":[{"embeddable":true,"href":"http:\/\/www.apucarana.pr.gov.br\/ame\/wp-json\/wp\/v2\/comments?post=8665"}],"version-history":[{"count":1,"href":"http:\/\/www.apucarana.pr.gov.br\/ame\/wp-json\/wp\/v2\/posts\/8665\/revisions"}],"predecessor-version":[{"id":8667,"href":"http:\/\/www.apucarana.pr.gov.br\/ame\/wp-json\/wp\/v2\/posts\/8665\/revisions\/8667"}],"wp:featuredmedia":[{"embeddable":true,"href":"http:\/\/www.apucarana.pr.gov.br\/ame\/wp-json\/wp\/v2\/media\/8666"}],"wp:attachment":[{"href":"http:\/\/www.apucarana.pr.gov.br\/ame\/wp-json\/wp\/v2\/media?parent=8665"}],"wp:term":[{"taxonomy":"category","embeddable":true,"href":"http:\/\/www.apucarana.pr.gov.br\/ame\/wp-json\/wp\/v2\/categories?post=8665"},{"taxonomy":"post_tag","embeddable":true,"href":"http:\/\/www.apucarana.pr.gov.br\/ame\/wp-json\/wp\/v2\/tags?post=8665"}],"curies":[{"name":"wp","href":"https:\/\/api.w.org\/{rel}","templated":true}]}}