{"id":8656,"date":"2019-10-14T13:25:40","date_gmt":"2019-10-14T16:25:40","guid":{"rendered":"http:\/\/www.apucarana.pr.gov.br\/ame\/?p=8656"},"modified":"2024-10-08T09:10:03","modified_gmt":"2024-10-08T12:10:03","slug":"apucarana-promove-jantar-em-homenagem-aos-professores-e-servidores-da-rede-municipal-de-ensino","status":"publish","type":"post","link":"http:\/\/www.apucarana.pr.gov.br\/ame\/apucarana-promove-jantar-em-homenagem-aos-professores-e-servidores-da-rede-municipal-de-ensino\/","title":{"rendered":"Apucarana promove jantar em homenagem aos professores e servidores da rede municipal de ensino"},"content":{"rendered":"<p>A Autarquia Municipal de Educa\u00e7\u00e3o ofereceu, na noite da \u00faltima sexta-feira (11), no Clube de Campo \u00c1gua Azul, um jantar de confraterniza\u00e7\u00e3o para os docentes, assistentes infantis e demais funcion\u00e1rios da sua rede. Cerca de mil pessoas prestigiaram o encontro, alusivo ao Dia do Professor (15 de outubro) e ao Dia do Servidor P\u00fablico (28 de outubro).<\/p>\n<p>A secret\u00e1ria da pasta, Marli Fernandes, diz que a comemora\u00e7\u00e3o \u00e9 uma forma singela de agradecer aos profissionais pelo trabalho ao longo do ano letivo. \u201cA educa\u00e7\u00e3o \u00e9 algo fundamental para a forma\u00e7\u00e3o dos cidad\u00e3os e a transforma\u00e7\u00e3o da sociedade. O ensino que as crian\u00e7as recebem nos centros infantis e escolas apucaranenses melhorou bastante nos \u00faltimos anos, o que pode ser comprovado pelos os \u00f3timos resultados nas avalia\u00e7\u00f5es externas e olimp\u00edadas. N\u00f3s devemos aos nossos professores e servidores o mais sincero reconhecimento e valoriza\u00e7\u00e3o\u201d.<\/p>\n<p>O prefeito J\u00fanior da Femac participou do jantar acompanhado da esposa Carmen L\u00facia e de familiares. \u201cEu sou neto e filho de professoras, por isso conhe\u00e7o bem os desafios, agruras e alegrias da profiss\u00e3o. Na atual gest\u00e3o, para a efetiva valoriza\u00e7\u00e3o dos docentes, n\u00f3s procuramos manter rigorosamente em dia a concess\u00e3o das licen\u00e7as-pr\u00eamio e o pagamento dos avan\u00e7os funcionais,\u201d afirmou.<\/p>\n<p>Durante a confraterniza\u00e7\u00e3o, a Autarquia Municipal de Educa\u00e7\u00e3o repassou o selo de qualifica\u00e7\u00e3o do Programa de Escolas Associadas da UNESCO \u2013 Organiza\u00e7\u00e3o das Na\u00e7\u00f5es Unidas para Educa\u00e7\u00e3o, Ci\u00eancia e Cultura \u2013 a doze unidades de ensino da rede. O certificado foi conquistado pelos estabelecimentos devido \u00e0 execu\u00e7\u00e3o de projetos voltados para a constru\u00e7\u00e3o da paz e de um planeta sustent\u00e1vel.<\/p>\n<p>Participaram ainda do evento o comandante da Guarda Municipal de Apucarana, Alessandro Carletti; e os secret\u00e1rios municipais da Fazenda, Sueli Pereira de Freitas; da Assist\u00eancia Social, Ana Paula Nazarko; e do Esporte, Jossuela Pinheiro.<\/p>\n<div class = 'socialMediaOnEveryPost'>Compartilhe<div id=\"sgmbShare1-1\" class=\"sgmbShare jssocials-theme-classic sgmbWidget1-1\"><\/div><div class=\"dropdownWrapper dropdownWrapper1 dropdownWrapper-for-widget \" id=\"dropdownWrapper-for-widget\">\r\n\t\t\t\t\t\t<div class=\"dropdownLabel\" id=\"dropdownLabel-share-list\"><span class=\"sgmbButtonListLabel1\">Share List<\/span><\/div>\r\n\t\t\t\t\t\t<div class=\"dropdownPanel dropdownPanel1-1\">\r\n\t\t\t\t\t\t<\/div>\r\n\t\t\t\t\t<\/div><script>  SGMB_URL = \"http:\/\/www.apucarana.pr.gov.br\/ame\/wp-content\/plugins\/social-media-builder\/\"; jQuery(\".dropdownWrapper\").hide(); SGMB_GOOGLE_ACOUNT = \"\"; <\/script><script type=\"text\/javascript\">\r\n\t\tjQuery(document).ready(function($){var widget = new SGMBWidget();widget.show({\"id\":\"1\",\"title\":\"Face\\\/Twitter\",\"options\":{\"currentUrl\":\"1\",\"url\":\"\",\"shareText\":\"\",\"fontSize\":\"14\",\"betweenButtons\":\"1px\",\"theme\":\"classic\",\"sgmbButtonsPosition\":\"bottomLeft\",\"socialTheme\":\"\",\"icon\":\"default\",\"buttonsPanelEffect\":\"No Effect\",\"buttonsEffect\":\"No Effect\",\"iconsEffect\":\"No Effect\",\"buttons\":\"{\\\"facebook\\\":{\\\"label\\\":\\\"Share\\\",\\\"icon\\\":\\\"default-facebook\\\"},\\\"twitter\\\":{\\\"label\\\":\\\"Tweet\\\",\\\"icon\\\":\\\"default-twitter\\\",\\\"via\\\":\\\"\\\",\\\"hashtags\\\":\\\"\\\"}}\",\"roundButton\":\"\",\"showLabels\":\"\",\"showCounts\":\"\",\"showCenter\":\"\",\"showButtonsAsList\":\"\",\"sgmbDropdownColor\":\"\",\"sgmbDropdownLabelFontSize\":\"14\",\"sgmbDropdownLabelColor\":\"\",\"showButtonsOnEveryPost\":\"on\",\"selectedOrExcluded\":\"\",\"showButtonsOnEveryPage\":\"\",\"textOnEveryPost\":\"Compartilhe\",\"showButtonsOnCustomPost\":\"\",\"textOnCustomPost\":\"\",\"showButtonsOnMobileDirect\":\"on\",\"showButtonsOnDesktopDirect\":\"on\",\"sgmbSelectedPages\":[\"\"],\"sgmbExcludedPosts\":[\"\"],\"sgmbSelectedCustomPosts\":[],\"showButtonsInPopup\":\"\",\"titleOfPopup\":\"\",\"descriptionOfPopup\":\"\",\"showPopupOnLoad\":\"\",\"showPopupOnScroll\":\"\",\"showPopupOnExit\":\"\",\"openSecondsOfPopup\":\"\",\"googleAnaliticsAccount\":\"\"},\"buttonOptions\":{\"facebook\":{\"label\":\"Share\",\"icon\":\"default-facebook\"},\"twitter\":{\"label\":\"Tweet\",\"icon\":\"default-twitter\",\"via\":\"\",\"hashtags\":\"\"}},\"button\":[\"facebook\",\"twitter\"]}, 1, '', 'http:\/\/www.apucarana.pr.gov.br\/ame\/wp-content\/uploads\/2019\/10\/IMG_8348.jpg', '', 'http:\/\/www.apucarana.pr.gov.br\/ame\/apucarana-promove-jantar-em-homenagem-aos-professores-e-servidores-da-rede-municipal-de-ensino\/'); });<\/script><\/div><script> jQuery(\".socialMediaOnEveryPost\").addClass(\"sgmb-left\") <\/script>","protected":false},"excerpt":{"rendered":"<p>Cerca de mil pessoas participaram do encontro, realizado na \u00faltima sexta-feira (11) no Clube de Campo \u00c1gua Azul<\/p>\n","protected":false},"author":10,"featured_media":8658,"comment_status":"closed","ping_status":"open","sticky":false,"template":"","format":"standard","meta":[],"categories":[9],"tags":[],"_links":{"self":[{"href":"http:\/\/www.apucarana.pr.gov.br\/ame\/wp-json\/wp\/v2\/posts\/8656"}],"collection":[{"href":"http:\/\/www.apucarana.pr.gov.br\/ame\/wp-json\/wp\/v2\/posts"}],"about":[{"href":"http:\/\/www.apucarana.pr.gov.br\/ame\/wp-json\/wp\/v2\/types\/post"}],"author":[{"embeddable":true,"href":"http:\/\/www.apucarana.pr.gov.br\/ame\/wp-json\/wp\/v2\/users\/10"}],"replies":[{"embeddable":true,"href":"http:\/\/www.apucarana.pr.gov.br\/ame\/wp-json\/wp\/v2\/comments?post=8656"}],"version-history":[{"count":1,"href":"http:\/\/www.apucarana.pr.gov.br\/ame\/wp-json\/wp\/v2\/posts\/8656\/revisions"}],"predecessor-version":[{"id":8664,"href":"http:\/\/www.apucarana.pr.gov.br\/ame\/wp-json\/wp\/v2\/posts\/8656\/revisions\/8664"}],"wp:featuredmedia":[{"embeddable":true,"href":"http:\/\/www.apucarana.pr.gov.br\/ame\/wp-json\/wp\/v2\/media\/8658"}],"wp:attachment":[{"href":"http:\/\/www.apucarana.pr.gov.br\/ame\/wp-json\/wp\/v2\/media?parent=8656"}],"wp:term":[{"taxonomy":"category","embeddable":true,"href":"http:\/\/www.apucarana.pr.gov.br\/ame\/wp-json\/wp\/v2\/categories?post=8656"},{"taxonomy":"post_tag","embeddable":true,"href":"http:\/\/www.apucarana.pr.gov.br\/ame\/wp-json\/wp\/v2\/tags?post=8656"}],"curies":[{"name":"wp","href":"https:\/\/api.w.org\/{rel}","templated":true}]}}