{"id":8642,"date":"2019-10-10T18:44:41","date_gmt":"2019-10-10T21:44:41","guid":{"rendered":"http:\/\/www.apucarana.pr.gov.br\/ame\/?p=8642"},"modified":"2024-10-08T09:10:03","modified_gmt":"2024-10-08T12:10:03","slug":"apucaranenses-conquistam-41-da-premiacao-da-oba-no-pr","status":"publish","type":"post","link":"http:\/\/www.apucarana.pr.gov.br\/ame\/apucaranenses-conquistam-41-da-premiacao-da-oba-no-pr\/","title":{"rendered":"Apucaranenses conquistam 41% da premia\u00e7\u00e3o da \u201cOBA\u201d no PR"},"content":{"rendered":"<p>A Sociedade Astron\u00f4mica Brasileira e a Ag\u00eancia Espacial Brasileira acabam de divulgar os resultados da 22\u00aa Olimp\u00edada Brasileira de Astronomia e Astron\u00e1utica (OBA). Os alunos da rede municipal de Apucarana quebraram mais uma vez o seu pr\u00f3prio recorde e conquistaram 1377 medalhas.<\/p>\n<p>Vale ressaltar que, em 2018, as escolas p\u00fablicas municipais de Apucarana conquistaram o terceiro lugar no Brasil na 21\u00aa OBA. \u201cOs nossos alunos conquistaram 1306 medalhas e em \u00e2mbito nacional, perderam apenas para a cidade de S\u00e3o Paulo e Fortaleza, capital do Cear\u00e1\u201d, destaca o prefeito Junior da Femac.<\/p>\n<p>Promovida com o objetivo de estimular o interesse das crian\u00e7as e adolescentes pela astronomia e astron\u00e1utica, a olimp\u00edada deste ano recebeu aproximadamente 800 mil inscritos de todo o territ\u00f3rio nacional. Na cidade, a prova foi aplicada para 3886 alunos das turmas de 3\u00ba, 4\u00ba e 5\u00ba ano do ensino fundamental.<\/p>\n<p>O prefeito J\u00fanior da Femac parabeniza todos os diretores, coordenadores, professores e estudantes pelo excelente resultado. \u201cS\u00f3 para que todos tenham uma ideia do que significa esse resultado para Apucarana, basta lembrar que \u00e9 preciso obter uma nota superior a 9,0 para que a crian\u00e7a ganhe uma medalha de bronze. Portanto, conclu\u00edmos que o n\u00edvel das nossas crian\u00e7as apucaranenses est\u00e1 num patamar respeit\u00e1vel, na \u00e1rea de ci\u00eancias\u201d, avalia Junior.<\/p>\n<p>Ele observa tamb\u00e9m que o n\u00famero de medalhas conquistadas pelos alunos apucaranenses vem crescendo sistematicamente nos \u00faltimos seis anos. \u201cForam 220 pr\u00eamios em 2014, 446 em 2015, 823 em 2016, 1002 em 2017, 1306 no ano passado e 1377 na atual edi\u00e7\u00e3o. \u00c9 um recorde atr\u00e1s do outro\u201d, elenca.<\/p>\n<p>Na atual edi\u00e7\u00e3o da OBA, 3368 estudantes paranaenses foram agraciados com medalhas. E esse desempenho dos alunos apucaranenses representa 41% do total de medalhas conquistadas no Paran\u00e1.<\/p>\n<p>A secret\u00e1ria municipal de educa\u00e7\u00e3o, Marli Fernandes, explica como foi feita a prepara\u00e7\u00e3o dos alunos para a prova. \u201cAl\u00e9m das aulas regulares de ci\u00eancias, n\u00f3s firmamos este ano uma parceria com o Servi\u00e7o Social do Com\u00e9rcio (SESC). Um orientador percorreu as 36 escolas da rede fazendo a exposi\u00e7\u00e3o de um planet\u00e1rio e esclarecendo d\u00favidas. A astronomia sempre desperta a curiosidade das crian\u00e7as. N\u00f3s aproveitamos essa disposi\u00e7\u00e3o nata para incentiv\u00e1-las a pesquisar e aprofundar os conhecimentos,\u201d afirmou.<\/p>\n<p>O prefeito Junior da Femac enaltece todo o trabalho desenvolvido pela gest\u00e3o Beto Preto, a partir de 2013. \u201cEstamos orgulhosos com a performance dos estudantes de Apucarana neste concurso de \u00e2mbito nacional. Isso evidencia mais uma vez que o trabalho de diretores, coordenadores e de toda a equipe da secret\u00e1ria Marli Fernandes \u00e9 merecedor de elogios e reconhecimento\u201d, pontua Junior da Femac.<\/p>\n<p>A Sociedade Astron\u00f4mica Brasileira e a Ag\u00eancia Espacial Brasileira ainda n\u00e3o divulgaram a classifica\u00e7\u00e3o em \u00e2mbito nacional, o que deve ocorrer nas pr\u00f3ximas semanas. A premia\u00e7\u00e3o da 22\u00aa Olimp\u00edada Brasileira de Astronomia e Astron\u00e1utica est\u00e1 prevista para o m\u00eas de dezembro.<\/p>\n<div class = 'socialMediaOnEveryPost'>Compartilhe<div id=\"sgmbShare1-1\" class=\"sgmbShare jssocials-theme-classic sgmbWidget1-1\"><\/div><div class=\"dropdownWrapper dropdownWrapper1 dropdownWrapper-for-widget \" id=\"dropdownWrapper-for-widget\">\r\n\t\t\t\t\t\t<div class=\"dropdownLabel\" id=\"dropdownLabel-share-list\"><span class=\"sgmbButtonListLabel1\">Share List<\/span><\/div>\r\n\t\t\t\t\t\t<div class=\"dropdownPanel dropdownPanel1-1\">\r\n\t\t\t\t\t\t<\/div>\r\n\t\t\t\t\t<\/div><script>  SGMB_URL = \"http:\/\/www.apucarana.pr.gov.br\/ame\/wp-content\/plugins\/social-media-builder\/\"; jQuery(\".dropdownWrapper\").hide(); SGMB_GOOGLE_ACOUNT = \"\"; <\/script><script type=\"text\/javascript\">\r\n\t\tjQuery(document).ready(function($){var widget = new SGMBWidget();widget.show({\"id\":\"1\",\"title\":\"Face\\\/Twitter\",\"options\":{\"currentUrl\":\"1\",\"url\":\"\",\"shareText\":\"\",\"fontSize\":\"14\",\"betweenButtons\":\"1px\",\"theme\":\"classic\",\"sgmbButtonsPosition\":\"bottomLeft\",\"socialTheme\":\"\",\"icon\":\"default\",\"buttonsPanelEffect\":\"No Effect\",\"buttonsEffect\":\"No Effect\",\"iconsEffect\":\"No Effect\",\"buttons\":\"{\\\"facebook\\\":{\\\"label\\\":\\\"Share\\\",\\\"icon\\\":\\\"default-facebook\\\"},\\\"twitter\\\":{\\\"label\\\":\\\"Tweet\\\",\\\"icon\\\":\\\"default-twitter\\\",\\\"via\\\":\\\"\\\",\\\"hashtags\\\":\\\"\\\"}}\",\"roundButton\":\"\",\"showLabels\":\"\",\"showCounts\":\"\",\"showCenter\":\"\",\"showButtonsAsList\":\"\",\"sgmbDropdownColor\":\"\",\"sgmbDropdownLabelFontSize\":\"14\",\"sgmbDropdownLabelColor\":\"\",\"showButtonsOnEveryPost\":\"on\",\"selectedOrExcluded\":\"\",\"showButtonsOnEveryPage\":\"\",\"textOnEveryPost\":\"Compartilhe\",\"showButtonsOnCustomPost\":\"\",\"textOnCustomPost\":\"\",\"showButtonsOnMobileDirect\":\"on\",\"showButtonsOnDesktopDirect\":\"on\",\"sgmbSelectedPages\":[\"\"],\"sgmbExcludedPosts\":[\"\"],\"sgmbSelectedCustomPosts\":[],\"showButtonsInPopup\":\"\",\"titleOfPopup\":\"\",\"descriptionOfPopup\":\"\",\"showPopupOnLoad\":\"\",\"showPopupOnScroll\":\"\",\"showPopupOnExit\":\"\",\"openSecondsOfPopup\":\"\",\"googleAnaliticsAccount\":\"\"},\"buttonOptions\":{\"facebook\":{\"label\":\"Share\",\"icon\":\"default-facebook\"},\"twitter\":{\"label\":\"Tweet\",\"icon\":\"default-twitter\",\"via\":\"\",\"hashtags\":\"\"}},\"button\":[\"facebook\",\"twitter\"]}, 1, '', 'http:\/\/www.apucarana.pr.gov.br\/ame\/wp-content\/uploads\/2019\/10\/OBAPROFETA-15.jpg', '', 'http:\/\/www.apucarana.pr.gov.br\/ame\/apucaranenses-conquistam-41-da-premiacao-da-oba-no-pr\/'); });<\/script><\/div><script> jQuery(\".socialMediaOnEveryPost\").addClass(\"sgmb-left\") <\/script>","protected":false},"excerpt":{"rendered":"<p>Alunos das escolas municipais obtiveram 1377 medalhas da Olimp\u00edada Brasileira de Astronomia e Astron\u00e1utica<\/p>\n","protected":false},"author":10,"featured_media":8643,"comment_status":"closed","ping_status":"open","sticky":false,"template":"","format":"standard","meta":[],"categories":[9],"tags":[],"_links":{"self":[{"href":"http:\/\/www.apucarana.pr.gov.br\/ame\/wp-json\/wp\/v2\/posts\/8642"}],"collection":[{"href":"http:\/\/www.apucarana.pr.gov.br\/ame\/wp-json\/wp\/v2\/posts"}],"about":[{"href":"http:\/\/www.apucarana.pr.gov.br\/ame\/wp-json\/wp\/v2\/types\/post"}],"author":[{"embeddable":true,"href":"http:\/\/www.apucarana.pr.gov.br\/ame\/wp-json\/wp\/v2\/users\/10"}],"replies":[{"embeddable":true,"href":"http:\/\/www.apucarana.pr.gov.br\/ame\/wp-json\/wp\/v2\/comments?post=8642"}],"version-history":[{"count":1,"href":"http:\/\/www.apucarana.pr.gov.br\/ame\/wp-json\/wp\/v2\/posts\/8642\/revisions"}],"predecessor-version":[{"id":8644,"href":"http:\/\/www.apucarana.pr.gov.br\/ame\/wp-json\/wp\/v2\/posts\/8642\/revisions\/8644"}],"wp:featuredmedia":[{"embeddable":true,"href":"http:\/\/www.apucarana.pr.gov.br\/ame\/wp-json\/wp\/v2\/media\/8643"}],"wp:attachment":[{"href":"http:\/\/www.apucarana.pr.gov.br\/ame\/wp-json\/wp\/v2\/media?parent=8642"}],"wp:term":[{"taxonomy":"category","embeddable":true,"href":"http:\/\/www.apucarana.pr.gov.br\/ame\/wp-json\/wp\/v2\/categories?post=8642"},{"taxonomy":"post_tag","embeddable":true,"href":"http:\/\/www.apucarana.pr.gov.br\/ame\/wp-json\/wp\/v2\/tags?post=8642"}],"curies":[{"name":"wp","href":"https:\/\/api.w.org\/{rel}","templated":true}]}}