{"id":8637,"date":"2019-10-08T09:45:41","date_gmt":"2019-10-08T12:45:41","guid":{"rendered":"http:\/\/www.apucarana.pr.gov.br\/ame\/?p=8637"},"modified":"2024-10-08T09:10:03","modified_gmt":"2024-10-08T12:10:03","slug":"polo-uab-esta-com-inscricoes-abertas-para-especializacao-em-ensino-de-ciencias","status":"publish","type":"post","link":"http:\/\/www.apucarana.pr.gov.br\/ame\/polo-uab-esta-com-inscricoes-abertas-para-especializacao-em-ensino-de-ciencias\/","title":{"rendered":"Polo UAB est\u00e1 com inscri\u00e7\u00f5es abertas para especializa\u00e7\u00e3o em Ensino de Ci\u00eancias"},"content":{"rendered":"<p>O prefeito Junior da Femac recebeu, ontem (7), em seu gabinete, a visita da professora do Departamento de Ci\u00eancias Biol\u00f3gicas da Universidade Estadual de Londrina, Virg\u00ednia Iara de Andrade Maistro. Ela apresentou ao gestor o novo curso de P\u00f3s-Gradua\u00e7\u00e3o <em>Lato sensu<\/em> que a institui\u00e7\u00e3o de ensino superior vai ofertar aos apucaranenses por interm\u00e9dio do Polo UAB.<\/p>\n<p>A especializa\u00e7\u00e3o em Ensino de Ci\u00eancias \u00e9 voltada aos professores graduados em Qu\u00edmica, F\u00edsica, Biologia, Ci\u00eancias e \u00e1reas afins, que atuam nos anos finais do Ensino Fundamental (6\u00ba ao 9\u00ba), preferencialmente na rede p\u00fablica.<\/p>\n<p>\u201cN\u00f3s destacamos que esta \u00e9 uma especializa\u00e7\u00e3o diferenciada, que usa a metodologia investigativa desde o primeiro dia de aula. Isso significa que os acad\u00eamicos ter\u00e3o que caminhar por todos os assuntos propostos, colocando-os em pr\u00e1tica nas suas escolas, antes de escolher um tema para a realiza\u00e7\u00e3o do Trabalho de Conclus\u00e3o de Curso,\u201d explicou a professora Virg\u00ednia.<\/p>\n<p>Segundo a coordenadora do Polo UAB, Sueli Gon\u00e7alves, ser\u00e3o 30 vagas destinadas ao munic\u00edpio de Apucarana. \u00a0\u201cN\u00f3s estamos muito contentes porque fomos selecionados para ofertar mais essa especializa\u00e7\u00e3o da UEL. Eu tenho certeza de que ela ser\u00e1 um sucesso. As inscri\u00e7\u00f5es v\u00e3o at\u00e9 o dia 17 de outubro. Os interessados devem pagar uma taxa de R$ 81,00 para participar da sele\u00e7\u00e3o, mas o restante do curso \u00e9 totalmente gratuito,\u201d disse.<\/p>\n<p>A previs\u00e3o para o in\u00edcio da Especializa\u00e7\u00e3o em Ensino de Ci\u00eancias \u00e9 fevereiro de 2020, com dura\u00e7\u00e3o de dezoito meses. O curso ser\u00e1 feito a dist\u00e2ncia, com atividades desenvolvidas no Ambiente Virtual de Aprendizagem (AVA) \u2013 Plataforma Moodle. Por\u00e9m, \u00e9 importante que o professor esteja atuando em sala de aula porque tamb\u00e9m ser\u00e3o exigidas pr\u00e1ticas de investiga\u00e7\u00e3o no ambiente escolar.<\/p>\n<p>\u201cPara aqueles que n\u00e3o t\u00eam acesso \u00e0 internet, o Polo UAB disponibiliza um laborat\u00f3rio com cerca de cem computadores e todo o suporte na \u00e1rea de inform\u00e1tica,\u201d lembra a coordenadora Sueli.<\/p>\n<p>\u201cA equipe eficiente e a \u00f3tima estrutura do polo de Apucarana foram justamente os diferenciais que nos levaram a escolher esta unidade para sediar a especializa\u00e7\u00e3o,\u201d afirma professora Virg\u00ednia.<\/p>\n<p>A secret\u00e1ria de Educa\u00e7\u00e3o, Marli Fernandes, acompanhou a visita no gabinete. \u201cA forma\u00e7\u00e3o continuada dos docentes \u00e9 muito importante. Al\u00e9m de aprimorar as suas pr\u00e1ticas em sala de aula, cursos assim contribuem para que o professor avance no plano de carreira. N\u00f3s esperamos que, em breve, a UEL amplie a oferta e passe a abranger tamb\u00e9m os profissionais da rede municipal,\u201d pediu.<\/p>\n<p>O prefeito Junior da Femac destacou a qualidade do ensino ofertado pela Universidade Estadual de Londrina. \u201cConforme avalia\u00e7\u00e3o divulgada recentemente pelo jornal Folha de S\u00e3o Paulo, a UEL \u00e9 a quinta melhor universidade estadual do Brasil. N\u00f3s convidamos todos os professores de Apucarana e regi\u00e3o a participar deste curso. Com certeza valer\u00e1 o esfor\u00e7o,\u201d garantiu.<\/p>\n<p>A ficha de inscri\u00e7\u00e3o e o edital completo est\u00e3o dispon\u00edveis por meio do seguinte endere\u00e7o eletr\u00f4nico: <a href=\"https:\/\/www.sistemasweb.uel.br\/index.php?contents=system\/inscpos\/index.php&amp;pagina=view\/ListarCursos.php&amp;nv_curso=1&amp;sq_nivel=2\">https:\/\/www.sistemasweb.uel.br\/index.php?contents=system\/inscpos\/index.php&amp;pagina=view\/ListarCursos.php&amp;nv_curso=1&amp;sq_nivel=2<\/a><\/p>\n<div class = 'socialMediaOnEveryPost'>Compartilhe<div id=\"sgmbShare1-1\" class=\"sgmbShare jssocials-theme-classic sgmbWidget1-1\"><\/div><div class=\"dropdownWrapper dropdownWrapper1 dropdownWrapper-for-widget \" id=\"dropdownWrapper-for-widget\">\r\n\t\t\t\t\t\t<div class=\"dropdownLabel\" id=\"dropdownLabel-share-list\"><span class=\"sgmbButtonListLabel1\">Share List<\/span><\/div>\r\n\t\t\t\t\t\t<div class=\"dropdownPanel dropdownPanel1-1\">\r\n\t\t\t\t\t\t<\/div>\r\n\t\t\t\t\t<\/div><script>  SGMB_URL = \"http:\/\/www.apucarana.pr.gov.br\/ame\/wp-content\/plugins\/social-media-builder\/\"; jQuery(\".dropdownWrapper\").hide(); SGMB_GOOGLE_ACOUNT = \"\"; <\/script><script type=\"text\/javascript\">\r\n\t\tjQuery(document).ready(function($){var widget = new SGMBWidget();widget.show({\"id\":\"1\",\"title\":\"Face\\\/Twitter\",\"options\":{\"currentUrl\":\"1\",\"url\":\"\",\"shareText\":\"\",\"fontSize\":\"14\",\"betweenButtons\":\"1px\",\"theme\":\"classic\",\"sgmbButtonsPosition\":\"bottomLeft\",\"socialTheme\":\"\",\"icon\":\"default\",\"buttonsPanelEffect\":\"No Effect\",\"buttonsEffect\":\"No Effect\",\"iconsEffect\":\"No Effect\",\"buttons\":\"{\\\"facebook\\\":{\\\"label\\\":\\\"Share\\\",\\\"icon\\\":\\\"default-facebook\\\"},\\\"twitter\\\":{\\\"label\\\":\\\"Tweet\\\",\\\"icon\\\":\\\"default-twitter\\\",\\\"via\\\":\\\"\\\",\\\"hashtags\\\":\\\"\\\"}}\",\"roundButton\":\"\",\"showLabels\":\"\",\"showCounts\":\"\",\"showCenter\":\"\",\"showButtonsAsList\":\"\",\"sgmbDropdownColor\":\"\",\"sgmbDropdownLabelFontSize\":\"14\",\"sgmbDropdownLabelColor\":\"\",\"showButtonsOnEveryPost\":\"on\",\"selectedOrExcluded\":\"\",\"showButtonsOnEveryPage\":\"\",\"textOnEveryPost\":\"Compartilhe\",\"showButtonsOnCustomPost\":\"\",\"textOnCustomPost\":\"\",\"showButtonsOnMobileDirect\":\"on\",\"showButtonsOnDesktopDirect\":\"on\",\"sgmbSelectedPages\":[\"\"],\"sgmbExcludedPosts\":[\"\"],\"sgmbSelectedCustomPosts\":[],\"showButtonsInPopup\":\"\",\"titleOfPopup\":\"\",\"descriptionOfPopup\":\"\",\"showPopupOnLoad\":\"\",\"showPopupOnScroll\":\"\",\"showPopupOnExit\":\"\",\"openSecondsOfPopup\":\"\",\"googleAnaliticsAccount\":\"\"},\"buttonOptions\":{\"facebook\":{\"label\":\"Share\",\"icon\":\"default-facebook\"},\"twitter\":{\"label\":\"Tweet\",\"icon\":\"default-twitter\",\"via\":\"\",\"hashtags\":\"\"}},\"button\":[\"facebook\",\"twitter\"]}, 1, '', 'http:\/\/www.apucarana.pr.gov.br\/ame\/wp-content\/uploads\/2019\/10\/polo-9.jpg', '', 'http:\/\/www.apucarana.pr.gov.br\/ame\/polo-uab-esta-com-inscricoes-abertas-para-especializacao-em-ensino-de-ciencias\/'); });<\/script><\/div><script> jQuery(\".socialMediaOnEveryPost\").addClass(\"sgmb-left\") <\/script>","protected":false},"excerpt":{"rendered":"<p>O curso \u00e9 destinado aos professores graduados em Qu\u00edmica, F\u00edsica, Biologia, Ci\u00eancias e \u00e1reas afins, que atuam nos anos finais do Ensino Fundamental (6\u00ba ao 9\u00ba), preferencialmente na rede p\u00fablica<\/p>\n","protected":false},"author":10,"featured_media":8640,"comment_status":"closed","ping_status":"open","sticky":false,"template":"","format":"standard","meta":[],"categories":[9],"tags":[],"_links":{"self":[{"href":"http:\/\/www.apucarana.pr.gov.br\/ame\/wp-json\/wp\/v2\/posts\/8637"}],"collection":[{"href":"http:\/\/www.apucarana.pr.gov.br\/ame\/wp-json\/wp\/v2\/posts"}],"about":[{"href":"http:\/\/www.apucarana.pr.gov.br\/ame\/wp-json\/wp\/v2\/types\/post"}],"author":[{"embeddable":true,"href":"http:\/\/www.apucarana.pr.gov.br\/ame\/wp-json\/wp\/v2\/users\/10"}],"replies":[{"embeddable":true,"href":"http:\/\/www.apucarana.pr.gov.br\/ame\/wp-json\/wp\/v2\/comments?post=8637"}],"version-history":[{"count":1,"href":"http:\/\/www.apucarana.pr.gov.br\/ame\/wp-json\/wp\/v2\/posts\/8637\/revisions"}],"predecessor-version":[{"id":8641,"href":"http:\/\/www.apucarana.pr.gov.br\/ame\/wp-json\/wp\/v2\/posts\/8637\/revisions\/8641"}],"wp:featuredmedia":[{"embeddable":true,"href":"http:\/\/www.apucarana.pr.gov.br\/ame\/wp-json\/wp\/v2\/media\/8640"}],"wp:attachment":[{"href":"http:\/\/www.apucarana.pr.gov.br\/ame\/wp-json\/wp\/v2\/media?parent=8637"}],"wp:term":[{"taxonomy":"category","embeddable":true,"href":"http:\/\/www.apucarana.pr.gov.br\/ame\/wp-json\/wp\/v2\/categories?post=8637"},{"taxonomy":"post_tag","embeddable":true,"href":"http:\/\/www.apucarana.pr.gov.br\/ame\/wp-json\/wp\/v2\/tags?post=8637"}],"curies":[{"name":"wp","href":"https:\/\/api.w.org\/{rel}","templated":true}]}}