{"id":8623,"date":"2019-10-07T15:18:09","date_gmt":"2019-10-07T18:18:09","guid":{"rendered":"http:\/\/www.apucarana.pr.gov.br\/ame\/?p=8623"},"modified":"2024-10-08T09:10:03","modified_gmt":"2024-10-08T12:10:03","slug":"cmeis-fazem-apresentacoes-de-danca-e-levam-grande-publico-ao-cine-teatro-fenix","status":"publish","type":"post","link":"http:\/\/www.apucarana.pr.gov.br\/ame\/cmeis-fazem-apresentacoes-de-danca-e-levam-grande-publico-ao-cine-teatro-fenix\/","title":{"rendered":"CMEIs fazem apresenta\u00e7\u00f5es de dan\u00e7a e levam grande p\u00fablico ao Cine Teatro F\u00eanix"},"content":{"rendered":"<p>Branca de Neve, Alice no Pa\u00eds das Maravilhas e Cinderela s\u00e3o hist\u00f3rias bem conhecidas que fazem parte do imagin\u00e1rio infantil. Na tarde de ontem (6\/10), no Cine Teatro F\u00eanix, elas foram recontadas com muita criatividade por alunos dos 24 centros infantis (CMEIs) de Apucarana. As apresenta\u00e7\u00f5es representam o \u00e1pice das aulas de Express\u00e3o Corporal, desenvolvidas dentro da proposta da Educa\u00e7\u00e3o Integral.<\/p>\n<p>O p\u00fablico das tr\u00eas sess\u00f5es somou mais de 1.400 pessoas, entre pais, av\u00f3s, irm\u00e3os e professores das crian\u00e7as. \u201cN\u00f3s organizamos espet\u00e1culos assim, \u00e0 medida que o final do ano se aproxima, para que as fam\u00edlias possam acompanhar a evolu\u00e7\u00e3o do aprendizado dos seus filhos. Al\u00e9m das mostras de dan\u00e7a, os alunos fazem ainda apresenta\u00e7\u00f5es de m\u00fasica e de artes marciais,\u201d explica a secret\u00e1ria Marli Fernandes.<\/p>\n<p>As aulas de express\u00e3o corporal s\u00e3o ministradas na rede municipal de ensino atrav\u00e9s de uma parceria com a academia de dan\u00e7a Adriana Silva. Os ensaios acontecem duas vezes por semana e envolvem as turmas do maternal ao 5\u00ba ano.<\/p>\n<p>\u201cEntre os benef\u00edcios que a pr\u00e1tica da dan\u00e7a propicia aos pequenos est\u00e3o o desenvolvimento da coordena\u00e7\u00e3o motora, da flexibilidade, da postura, da consci\u00eancia corporal, da no\u00e7\u00e3o de espa\u00e7o e da integra\u00e7\u00e3o social,\u201d destaca a secret\u00e1ria.<\/p>\n<p>O prefeito Junior da Femac prestigiou as apresenta\u00e7\u00f5es e agradeceu \u00e0s fam\u00edlias por confiarem seus filhos \u00e0 rede municipal de ensino. \u201cTenham certeza de que a nossa administra\u00e7\u00e3o se esfor\u00e7a ao m\u00e1ximo para oferecer uma forma\u00e7\u00e3o de qualidade \u00e0s crian\u00e7as apucaranenses. Afinal, somente desse modo, quando se tornarem jovens e adultos, elas ter\u00e3o condi\u00e7\u00f5es de aproveitar as melhores oportunidades que a vida lhes apresentar,\u201d disse o gestor.<\/p>\n<div class = 'socialMediaOnEveryPost'>Compartilhe<div id=\"sgmbShare1-1\" class=\"sgmbShare jssocials-theme-classic sgmbWidget1-1\"><\/div><div class=\"dropdownWrapper dropdownWrapper1 dropdownWrapper-for-widget \" id=\"dropdownWrapper-for-widget\">\r\n\t\t\t\t\t\t<div class=\"dropdownLabel\" id=\"dropdownLabel-share-list\"><span class=\"sgmbButtonListLabel1\">Share List<\/span><\/div>\r\n\t\t\t\t\t\t<div class=\"dropdownPanel dropdownPanel1-1\">\r\n\t\t\t\t\t\t<\/div>\r\n\t\t\t\t\t<\/div><script>  SGMB_URL = \"http:\/\/www.apucarana.pr.gov.br\/ame\/wp-content\/plugins\/social-media-builder\/\"; jQuery(\".dropdownWrapper\").hide(); SGMB_GOOGLE_ACOUNT = \"\"; <\/script><script type=\"text\/javascript\">\r\n\t\tjQuery(document).ready(function($){var widget = new SGMBWidget();widget.show({\"id\":\"1\",\"title\":\"Face\\\/Twitter\",\"options\":{\"currentUrl\":\"1\",\"url\":\"\",\"shareText\":\"\",\"fontSize\":\"14\",\"betweenButtons\":\"1px\",\"theme\":\"classic\",\"sgmbButtonsPosition\":\"bottomLeft\",\"socialTheme\":\"\",\"icon\":\"default\",\"buttonsPanelEffect\":\"No Effect\",\"buttonsEffect\":\"No Effect\",\"iconsEffect\":\"No Effect\",\"buttons\":\"{\\\"facebook\\\":{\\\"label\\\":\\\"Share\\\",\\\"icon\\\":\\\"default-facebook\\\"},\\\"twitter\\\":{\\\"label\\\":\\\"Tweet\\\",\\\"icon\\\":\\\"default-twitter\\\",\\\"via\\\":\\\"\\\",\\\"hashtags\\\":\\\"\\\"}}\",\"roundButton\":\"\",\"showLabels\":\"\",\"showCounts\":\"\",\"showCenter\":\"\",\"showButtonsAsList\":\"\",\"sgmbDropdownColor\":\"\",\"sgmbDropdownLabelFontSize\":\"14\",\"sgmbDropdownLabelColor\":\"\",\"showButtonsOnEveryPost\":\"on\",\"selectedOrExcluded\":\"\",\"showButtonsOnEveryPage\":\"\",\"textOnEveryPost\":\"Compartilhe\",\"showButtonsOnCustomPost\":\"\",\"textOnCustomPost\":\"\",\"showButtonsOnMobileDirect\":\"on\",\"showButtonsOnDesktopDirect\":\"on\",\"sgmbSelectedPages\":[\"\"],\"sgmbExcludedPosts\":[\"\"],\"sgmbSelectedCustomPosts\":[],\"showButtonsInPopup\":\"\",\"titleOfPopup\":\"\",\"descriptionOfPopup\":\"\",\"showPopupOnLoad\":\"\",\"showPopupOnScroll\":\"\",\"showPopupOnExit\":\"\",\"openSecondsOfPopup\":\"\",\"googleAnaliticsAccount\":\"\"},\"buttonOptions\":{\"facebook\":{\"label\":\"Share\",\"icon\":\"default-facebook\"},\"twitter\":{\"label\":\"Tweet\",\"icon\":\"default-twitter\",\"via\":\"\",\"hashtags\":\"\"}},\"button\":[\"facebook\",\"twitter\"]}, 1, '', 'http:\/\/www.apucarana.pr.gov.br\/ame\/wp-content\/uploads\/2019\/10\/CMEI-6.jpg', '', 'http:\/\/www.apucarana.pr.gov.br\/ame\/cmeis-fazem-apresentacoes-de-danca-e-levam-grande-publico-ao-cine-teatro-fenix\/'); });<\/script><\/div><script> jQuery(\".socialMediaOnEveryPost\").addClass(\"sgmb-left\") <\/script>","protected":false},"excerpt":{"rendered":"<p>As aulas de express\u00e3o corporal fazem parte do curr\u00edculo da rede municipal de ensino e contribuem para o desenvolvimento motor das crian\u00e7as<\/p>\n","protected":false},"author":10,"featured_media":8629,"comment_status":"closed","ping_status":"open","sticky":false,"template":"","format":"standard","meta":[],"categories":[9],"tags":[],"_links":{"self":[{"href":"http:\/\/www.apucarana.pr.gov.br\/ame\/wp-json\/wp\/v2\/posts\/8623"}],"collection":[{"href":"http:\/\/www.apucarana.pr.gov.br\/ame\/wp-json\/wp\/v2\/posts"}],"about":[{"href":"http:\/\/www.apucarana.pr.gov.br\/ame\/wp-json\/wp\/v2\/types\/post"}],"author":[{"embeddable":true,"href":"http:\/\/www.apucarana.pr.gov.br\/ame\/wp-json\/wp\/v2\/users\/10"}],"replies":[{"embeddable":true,"href":"http:\/\/www.apucarana.pr.gov.br\/ame\/wp-json\/wp\/v2\/comments?post=8623"}],"version-history":[{"count":1,"href":"http:\/\/www.apucarana.pr.gov.br\/ame\/wp-json\/wp\/v2\/posts\/8623\/revisions"}],"predecessor-version":[{"id":8636,"href":"http:\/\/www.apucarana.pr.gov.br\/ame\/wp-json\/wp\/v2\/posts\/8623\/revisions\/8636"}],"wp:featuredmedia":[{"embeddable":true,"href":"http:\/\/www.apucarana.pr.gov.br\/ame\/wp-json\/wp\/v2\/media\/8629"}],"wp:attachment":[{"href":"http:\/\/www.apucarana.pr.gov.br\/ame\/wp-json\/wp\/v2\/media?parent=8623"}],"wp:term":[{"taxonomy":"category","embeddable":true,"href":"http:\/\/www.apucarana.pr.gov.br\/ame\/wp-json\/wp\/v2\/categories?post=8623"},{"taxonomy":"post_tag","embeddable":true,"href":"http:\/\/www.apucarana.pr.gov.br\/ame\/wp-json\/wp\/v2\/tags?post=8623"}],"curies":[{"name":"wp","href":"https:\/\/api.w.org\/{rel}","templated":true}]}}