{"id":8608,"date":"2019-10-04T13:47:36","date_gmt":"2019-10-04T16:47:36","guid":{"rendered":"http:\/\/www.apucarana.pr.gov.br\/ame\/?p=8608"},"modified":"2024-10-08T09:10:03","modified_gmt":"2024-10-08T12:10:03","slug":"6o-concurso-de-redacao-do-cafe-premia-alunos-da-rede-municipal-de-ensino","status":"publish","type":"post","link":"http:\/\/www.apucarana.pr.gov.br\/ame\/6o-concurso-de-redacao-do-cafe-premia-alunos-da-rede-municipal-de-ensino\/","title":{"rendered":"6\u00ba Concurso de Reda\u00e7\u00e3o do Caf\u00e9 premia alunos da rede municipal de ensino"},"content":{"rendered":"<p>A Autarquia Municipal de Educa\u00e7\u00e3o e a Secretaria Municipal da Promo\u00e7\u00e3o Art\u00edstica, Cultural e Tur\u00edstica realizaram, na noite de ontem (3\/10), no Pirap\u00f3, a premia\u00e7\u00e3o dos alunos que se destacaram no 6\u00ba Concurso de Reda\u00e7\u00e3o do Caf\u00e9. O prefeito Junior da Femac, o vereador Francisley Poim e o presidente da Associa\u00e7\u00e3o dos Cafeicultores Mauro Machado participaram do ato, que aconteceu durante a abertura da 15\u00aa Festa do Caf\u00e9.<\/p>\n<p>Em 2019, cerca de 1.330 estudantes do 4\u00ba ano do ensino fundamental participaram do concurso de reda\u00e7\u00e3o. O tema desenvolvido foi \u201cA import\u00e2ncia da cafeicultura para a forma\u00e7\u00e3o cultural e econ\u00f4mica do munic\u00edpio\u201d. O melhor texto de cada uma das 36 escolas da rede foi agraciado com caixas de bombons, certificado e medalha.<\/p>\n<p>A secret\u00e1ria de educa\u00e7\u00e3o Marli Fernandes explica que conhecer a hist\u00f3ria da pr\u00f3pria comunidade \u00e9 essencial na forma\u00e7\u00e3o dos cidad\u00e3os. \u201cAo estudar a trajet\u00f3ria dos pioneiros, o aluno faz uma reflex\u00e3o cr\u00edtica, compreende melhor o tempo presente e passa a se perceber como um agente social capaz de transformar a realidade,\u201d disse.<\/p>\n<p>Para embasar a produ\u00e7\u00e3o dos textos, os alunos participaram de visitas guiadas ao Museu do Caf\u00e9, no Pirap\u00f3, entre os meses de mar\u00e7o e setembro. \u201cEles conheceram os m\u00f3veis e utens\u00edlios que compunham as casas e as ferramentas que eram usadas na produ\u00e7\u00e3o do gr\u00e3o durante o per\u00edodo de coloniza\u00e7\u00e3o de Apucarana,\u201d detalhou a secret\u00e1ria da Promatur, Maria Agar Borba Ferreira.<\/p>\n<p>O prefeito Junior da Femac ressalta que a cafeicultura segue contribuindo para a economia da cidade e regi\u00e3o. \u201cA qualidade da bebida que produzimos aqui \u00e9 reconhecida em diversos concursos, com destaque ao estilo \u2018gourmet\u2019. A programa\u00e7\u00e3o da 15\u00aa Festa do Caf\u00e9 vai at\u00e9 o pr\u00f3ximo s\u00e1bado (5) e est\u00e1 bastante rica. Vale a pena participar,\u201d convidou.<\/p>\n<p>Os principais crit\u00e9rios usados para a escolha das reda\u00e7\u00f5es foram criatividade, originalidade, adequa\u00e7\u00e3o ao assunto, coer\u00eancia, coes\u00e3o textual, ortografia e pontua\u00e7\u00e3o. \u201cO ouro verde do Paran\u00e1, com suas folhas e os frutos, brilha no olhar daqueles que acordam antes do sol nascer,\u201d escreveu o aluno Gustavo Felipe Severino, da Escola Municipal Vida Nova.<\/p>\n<p>Conhe\u00e7a os alunos premiados no 6\u00ba Concurso de Reda\u00e7\u00e3o do Caf\u00e9:<\/p>\n<ol>\n<li>Escola Municipal Albino Biacchi &#8211; Vitor Gabriel Ribeiro do Amaral;<\/li>\n<li>Escola Municipal Antonieta da Silva Lautenschlager &#8211; Bryan Batista Bueno da Silva;<\/li>\n<li>Escola Municipal Augusto Weyand &#8211; Emilly Gabriele da Silva;<\/li>\n<li>Escola Municipal Dinarte Pereira de Ara\u00fajo &#8211; Lorena Cristina Ajala Jezuino;<\/li>\n<li>Escola Municipal Dr. Edson Giacomini &#8211; Anaui Gabriely Ribeiro Rodrigues;<\/li>\n<li>Escola Municipal Dr. Joaquim Vicente de Castro &#8211; Rafaela Heinz de Almeida;<\/li>\n<li>Escola Municipal Dr. Osvaldo dos Santos Lima &#8211; Fernanda Staler B\u00fchrer;<\/li>\n<li>Escola Municipal F\u00e1bio Henrique da Silva &#8211; Kau\u00ea Gabriel do Amaral;<\/li>\n<li>Escola Municipal Fernando Jos\u00e9 Acosta &#8211; Felipe Antonio da Concei\u00e7\u00e3o;<\/li>\n<li>Escola Municipal Gabriel de Lara &#8211; Nath\u00e1lia Darodda Catarino;<\/li>\n<li>Escola Municipal Humberto de Alencar Castelo Branco &#8211; Andressa Svidnicki da Silva;<\/li>\n<li>Escola Municipal Jo\u00e3o Antonio Braga C\u00f4rtes &#8211; Camilly Vit\u00f3ria Pinheiro de Freitas;<\/li>\n<li>Escola Municipal Jo\u00e3o Batista &#8211; Beatriz Fernandes Cardoso;<\/li>\n<li>Escola Municipal Jos\u00e9 Brazil Camargo &#8211; Giovanna Palogan da Silva;<\/li>\n<li>Escola Municipal Jos\u00e9 de Alencar &#8211; Fl\u00e1via Gabriele Alves;<\/li>\n<li>Escola Municipal Jos\u00e9 Id\u00e9sio Brianezi &#8211; Rebeca dos Santos Cardoso;<\/li>\n<li>Escola Municipal Juiz Luiz Fernando de Ara\u00fajo Pereira &#8211; Mylena Lara dos Santos;<\/li>\n<li>Escola Municipal Karel Kober &#8211; Ingrid Yasmim da Silva;<\/li>\n<li>Escola Municipal Luiz Carlos Prestes &#8211; Felipe Gabriel Lima Alves;<\/li>\n<li>Escola Municipal Mateus Leme &#8211; Gabriel Ol\u00edmpio de Oliveira;<\/li>\n<li>Escola Municipal Monsenhor Arnaldo Beltrami &#8211; Maycon Marques dos Santos J\u00fanior;<\/li>\n<li>Escola Municipal Padre Antonio Vieira &#8211; Mateus Batista Ferreira;<\/li>\n<li>Escola Municipal Papa Jo\u00e3o XXIII &#8211; Gyovana Beatriz de Aguiar dos Santos;<\/li>\n<li>Escola Municipal Pl\u00e1cido de Castro &#8211; J\u00falia Nogueira Floriano;<\/li>\n<li>Escola Municipal Presidente M\u00e9dici &#8211; Liandra Dolci;<\/li>\n<li>Escola Municipal Prof\u00b0 Alcides Ramos &#8211; Jo\u00e3o Pedro Pedersoli Pereira;<\/li>\n<li>Escola Municipal Prof\u00b0 Bento Fernandes Dias &#8211; Millena Rayane Rodrigues Padovam;<\/li>\n<li>Escola Municipal Prof\u00b0 Durval Pinto &#8211; Andrelize Vit\u00f3ria Pereira da Cruz;<\/li>\n<li>Escola Municipal Prof\u00b0 Idalice Moreira Prates &#8211; Jennifer de Paula Leite;<\/li>\n<li>Escola Municipal Prof\u00aa Maria Madalena Coc\u00f4 &#8211; Ingrid Caroline Guzzoni dos Santos;<\/li>\n<li>Escola Municipal Prof\u00aa Marilda Duarte Noli &#8211; Leandro Martins da Costa Silva;<\/li>\n<li>Escola Municipal Prof\u00aa Marta Pereira da Silva &#8211; Maria Clara Arantes de Ara\u00fajo;<\/li>\n<li>Escola Municipal Senador Marcos de Barros Freire &#8211; Maria Clara Mendes Jardim;<\/li>\n<li>Escola Municipal Vereador Jos\u00e9 Ramos de Oliveira &#8211; Danielle de Morais Viega;<\/li>\n<li>Escola Municipal Vida Nova (Caic) &#8211; Gustavo Felipe Severino;<\/li>\n<\/ol>\n<p>Escola Municipal Wilson de Azevedo &#8211; Isabela Monteiro.<\/p>\n<div class = 'socialMediaOnEveryPost'>Compartilhe<div id=\"sgmbShare1-1\" class=\"sgmbShare jssocials-theme-classic sgmbWidget1-1\"><\/div><div class=\"dropdownWrapper dropdownWrapper1 dropdownWrapper-for-widget \" id=\"dropdownWrapper-for-widget\">\r\n\t\t\t\t\t\t<div class=\"dropdownLabel\" id=\"dropdownLabel-share-list\"><span class=\"sgmbButtonListLabel1\">Share List<\/span><\/div>\r\n\t\t\t\t\t\t<div class=\"dropdownPanel dropdownPanel1-1\">\r\n\t\t\t\t\t\t<\/div>\r\n\t\t\t\t\t<\/div><script>  SGMB_URL = \"http:\/\/www.apucarana.pr.gov.br\/ame\/wp-content\/plugins\/social-media-builder\/\"; jQuery(\".dropdownWrapper\").hide(); SGMB_GOOGLE_ACOUNT = \"\"; <\/script><script type=\"text\/javascript\">\r\n\t\tjQuery(document).ready(function($){var widget = new SGMBWidget();widget.show({\"id\":\"1\",\"title\":\"Face\\\/Twitter\",\"options\":{\"currentUrl\":\"1\",\"url\":\"\",\"shareText\":\"\",\"fontSize\":\"14\",\"betweenButtons\":\"1px\",\"theme\":\"classic\",\"sgmbButtonsPosition\":\"bottomLeft\",\"socialTheme\":\"\",\"icon\":\"default\",\"buttonsPanelEffect\":\"No Effect\",\"buttonsEffect\":\"No Effect\",\"iconsEffect\":\"No Effect\",\"buttons\":\"{\\\"facebook\\\":{\\\"label\\\":\\\"Share\\\",\\\"icon\\\":\\\"default-facebook\\\"},\\\"twitter\\\":{\\\"label\\\":\\\"Tweet\\\",\\\"icon\\\":\\\"default-twitter\\\",\\\"via\\\":\\\"\\\",\\\"hashtags\\\":\\\"\\\"}}\",\"roundButton\":\"\",\"showLabels\":\"\",\"showCounts\":\"\",\"showCenter\":\"\",\"showButtonsAsList\":\"\",\"sgmbDropdownColor\":\"\",\"sgmbDropdownLabelFontSize\":\"14\",\"sgmbDropdownLabelColor\":\"\",\"showButtonsOnEveryPost\":\"on\",\"selectedOrExcluded\":\"\",\"showButtonsOnEveryPage\":\"\",\"textOnEveryPost\":\"Compartilhe\",\"showButtonsOnCustomPost\":\"\",\"textOnCustomPost\":\"\",\"showButtonsOnMobileDirect\":\"on\",\"showButtonsOnDesktopDirect\":\"on\",\"sgmbSelectedPages\":[\"\"],\"sgmbExcludedPosts\":[\"\"],\"sgmbSelectedCustomPosts\":[],\"showButtonsInPopup\":\"\",\"titleOfPopup\":\"\",\"descriptionOfPopup\":\"\",\"showPopupOnLoad\":\"\",\"showPopupOnScroll\":\"\",\"showPopupOnExit\":\"\",\"openSecondsOfPopup\":\"\",\"googleAnaliticsAccount\":\"\"},\"buttonOptions\":{\"facebook\":{\"label\":\"Share\",\"icon\":\"default-facebook\"},\"twitter\":{\"label\":\"Tweet\",\"icon\":\"default-twitter\",\"via\":\"\",\"hashtags\":\"\"}},\"button\":[\"facebook\",\"twitter\"]}, 1, '', 'http:\/\/www.apucarana.pr.gov.br\/ame\/wp-content\/uploads\/2019\/10\/IMG_6870.jpg', '', 'http:\/\/www.apucarana.pr.gov.br\/ame\/6o-concurso-de-redacao-do-cafe-premia-alunos-da-rede-municipal-de-ensino\/'); });<\/script><\/div><script> jQuery(\".socialMediaOnEveryPost\").addClass(\"sgmb-left\") <\/script>","protected":false},"excerpt":{"rendered":"<p>Cerca de 1.330 crian\u00e7as, do 4\u00ba ano, participaram da concorr\u00eancia com textos sobre a import\u00e2ncia da cafeicultura para a forma\u00e7\u00e3o cultural e econ\u00f4mica de Apucarana<\/p>\n","protected":false},"author":10,"featured_media":8618,"comment_status":"closed","ping_status":"open","sticky":false,"template":"","format":"standard","meta":[],"categories":[9],"tags":[],"_links":{"self":[{"href":"http:\/\/www.apucarana.pr.gov.br\/ame\/wp-json\/wp\/v2\/posts\/8608"}],"collection":[{"href":"http:\/\/www.apucarana.pr.gov.br\/ame\/wp-json\/wp\/v2\/posts"}],"about":[{"href":"http:\/\/www.apucarana.pr.gov.br\/ame\/wp-json\/wp\/v2\/types\/post"}],"author":[{"embeddable":true,"href":"http:\/\/www.apucarana.pr.gov.br\/ame\/wp-json\/wp\/v2\/users\/10"}],"replies":[{"embeddable":true,"href":"http:\/\/www.apucarana.pr.gov.br\/ame\/wp-json\/wp\/v2\/comments?post=8608"}],"version-history":[{"count":1,"href":"http:\/\/www.apucarana.pr.gov.br\/ame\/wp-json\/wp\/v2\/posts\/8608\/revisions"}],"predecessor-version":[{"id":8622,"href":"http:\/\/www.apucarana.pr.gov.br\/ame\/wp-json\/wp\/v2\/posts\/8608\/revisions\/8622"}],"wp:featuredmedia":[{"embeddable":true,"href":"http:\/\/www.apucarana.pr.gov.br\/ame\/wp-json\/wp\/v2\/media\/8618"}],"wp:attachment":[{"href":"http:\/\/www.apucarana.pr.gov.br\/ame\/wp-json\/wp\/v2\/media?parent=8608"}],"wp:term":[{"taxonomy":"category","embeddable":true,"href":"http:\/\/www.apucarana.pr.gov.br\/ame\/wp-json\/wp\/v2\/categories?post=8608"},{"taxonomy":"post_tag","embeddable":true,"href":"http:\/\/www.apucarana.pr.gov.br\/ame\/wp-json\/wp\/v2\/tags?post=8608"}],"curies":[{"name":"wp","href":"https:\/\/api.w.org\/{rel}","templated":true}]}}